{"id":58838,"date":"2017-01-11T09:30:57","date_gmt":"2017-01-11T12:30:57","guid":{"rendered":"http:\/\/www.hoymercedes.com.ar\/principal\/?p=58838"},"modified":"2017-01-11T09:30:57","modified_gmt":"2017-01-11T12:30:57","slug":"servicios-publicos-avanza-con-zanjeos-y-cambo-de-canos","status":"publish","type":"post","link":"https:\/\/www.hoymercedes.com.ar\/principal\/2017\/01\/11\/servicios-publicos-avanza-con-zanjeos-y-cambo-de-canos\/","title":{"rendered":"Servicios P\u00fablicos avanza con zanjeos y cambo de ca\u00f1os"},"content":{"rendered":"<p>El \u00e1rea de Servicios P\u00fablicos de la Municipalidad de Mercedes continu\u00f3 con su ardua tarea de realizaci\u00f3n de acciones en los barrios de nuestra ciudad. Entre los m\u00faltiples trabajos en las \u00faltimas horas se mont\u00f3, con casi una docena de operarios, 10 personas de zanjeo, una retro pala, \u00a0un cami\u00f3n y dos paleros, una nueva red de desag\u00fce y zanjeo.<\/p>\n<p>La obra estuvo encabezada por el \u201cequipo vial\u201d del Corral\u00f3n Municipal bajo las directivas de la Sub Secretar\u00eda de Servicios P\u00fablicos a cargo de Silvio Bertera.<\/p>\n<p>\u201cDesde temprano empezamos a trabajar en el barrio Villa Industrial Este. Estamos en la 29 entre 112 y 114 y all\u00ed se van a colocar una importante cantidad de metros nuevos de ca\u00f1er\u00edas y adem\u00e1s colocaremos una nueva c\u00e1mara en la calle 114. Detectamos en esa zona que los ca\u00f1os que estaban colocados eran de 30 mm y ahora se van a cambiar todos por 40 mm\u201d, inform\u00f3 el subsecretario de Servicios P\u00fablicos Silvio Bertera.<\/p>\n<p>&nbsp;<\/p>\n<p>Fuente: Prensa Municipal<\/p>\n<p>&nbsp;<\/p>\n","protected":false},"excerpt":{"rendered":"<p>El \u00e1rea de Servicios P\u00fablicos de la Municipalidad de Mercedes continu\u00f3 con su ardua tarea de realizaci\u00f3n de acciones en &#8230; <a title=\"Servicios P\u00fablicos avanza con zanjeos y cambo de ca\u00f1os\" class=\"read-more\" href=\"https:\/\/www.hoymercedes.com.ar\/principal\/2017\/01\/11\/servicios-publicos-avanza-con-zanjeos-y-cambo-de-canos\/\" aria-label=\"Leer m\u00e1s sobre Servicios P\u00fablicos avanza con zanjeos y cambo de ca\u00f1os\">Leer m\u00e1s<\/a><\/p>\n","protected":false},"author":1,"featured_media":58839,"comment_status":"closed","ping_status":"open","sticky":false,"template":"","format":"standard","meta":{"_monsterinsights_skip_tracking":false,"_monsterinsights_sitenote_active":false,"_monsterinsights_sitenote_note":"","_monsterinsights_sitenote_category":0,"jetpack_post_was_ever_published":false,"_jetpack_newsletter_access":"","_jetpack_dont_email_post_to_subs":false,"_jetpack_newsletter_tier_id":0,"_jetpack_memberships_contains_paywalled_content":false,"_jetpack_memberships_contains_paid_content":false,"footnotes":"","jetpack_publicize_message":"","jetpack_publicize_feature_enabled":true,"jetpack_social_post_already_shared":true,"jetpack_social_options":{"image_generator_settings":{"template":"highway","default_image_id":0,"font":"","enabled":false},"version":2},"_wpas_customize_per_network":false},"categories":[30],"tags":[10417,10,771,244,8628],"class_list":["post-58838","post","type-post","status-publish","format-standard","has-post-thumbnail","hentry","category-municipio","tag-arreglos-canos","tag-mercedes","tag-municipalidad","tag-municipio-2","tag-servicios-publicos","generate-columns","tablet-grid-50","mobile-grid-100","grid-parent","grid-50"],"jetpack_publicize_connections":[],"jetpack_featured_media_url":"https:\/\/www.hoymercedes.com.ar\/principal\/wp-content\/uploads\/2017\/01\/11-Muni-Serv-P\u00fabli.jpg","wps_subtitle":"Barrio Villa Industrial","jetpack_sharing_enabled":true,"_links":{"self":[{"href":"https:\/\/www.hoymercedes.com.ar\/principal\/wp-json\/wp\/v2\/posts\/58838","targetHints":{"allow":["GET"]}}],"collection":[{"href":"https:\/\/www.hoymercedes.com.ar\/principal\/wp-json\/wp\/v2\/posts"}],"about":[{"href":"https:\/\/www.hoymercedes.com.ar\/principal\/wp-json\/wp\/v2\/types\/post"}],"author":[{"embeddable":true,"href":"https:\/\/www.hoymercedes.com.ar\/principal\/wp-json\/wp\/v2\/users\/1"}],"replies":[{"embeddable":true,"href":"https:\/\/www.hoymercedes.com.ar\/principal\/wp-json\/wp\/v2\/comments?post=58838"}],"version-history":[{"count":0,"href":"https:\/\/www.hoymercedes.com.ar\/principal\/wp-json\/wp\/v2\/posts\/58838\/revisions"}],"wp:featuredmedia":[{"embeddable":true,"href":"https:\/\/www.hoymercedes.com.ar\/principal\/wp-json\/wp\/v2\/media\/58839"}],"wp:attachment":[{"href":"https:\/\/www.hoymercedes.com.ar\/principal\/wp-json\/wp\/v2\/media?parent=58838"}],"wp:term":[{"taxonomy":"category","embeddable":true,"href":"https:\/\/www.hoymercedes.com.ar\/principal\/wp-json\/wp\/v2\/categories?post=58838"},{"taxonomy":"post_tag","embeddable":true,"href":"https:\/\/www.hoymercedes.com.ar\/principal\/wp-json\/wp\/v2\/tags?post=58838"}],"curies":[{"name":"wp","href":"https:\/\/api.w.org\/{rel}","templated":true}]}}