{"id":58848,"date":"2017-01-13T07:17:23","date_gmt":"2017-01-13T10:17:23","guid":{"rendered":"http:\/\/www.hoymercedes.com.ar\/principal\/?p=58848"},"modified":"2017-01-12T19:57:54","modified_gmt":"2017-01-12T22:57:54","slug":"dario-gianaschi-es-nuevo-refuerzo-de-camioneros","status":"publish","type":"post","link":"https:\/\/www.hoymercedes.com.ar\/principal\/2017\/01\/13\/dario-gianaschi-es-nuevo-refuerzo-de-camioneros\/","title":{"rendered":"Dar\u00edo Gianaschi es nuevo refuerzo de Camioneros"},"content":{"rendered":"<p><strong>Diario La Razon de Chivilcoy.<\/strong><em><strong> El mercedino Dar\u00edo Gianaschi apareci\u00f3 en el f\u00fatbol de la ciudad de Chivilcoy en Deportivo Col\u00f3n, cuando al equipo \u00abRojinegro\u201d lo conduc\u00edan Jorge Miranda y Claudio Palomeque. Delantero picante, fuerte, atravido, encarador, marc\u00f3 aquel gol en el torneo de 2014 que lo llev\u00f3 a Col\u00f3n a la definici\u00f3n por los penales frente a Deportivo Alsina, en aquel inolvidable partido por los disturbios, que termin\u00f3 con la vuelta ol\u00edmpica para el \u00abRojinegro\u201d.<\/strong> <\/em><\/p>\n<p><img loading=\"lazy\" decoding=\"async\" data-attachment-id=\"58849\" data-permalink=\"https:\/\/www.hoymercedes.com.ar\/principal\/2017\/01\/13\/dario-gianaschi-es-nuevo-refuerzo-de-camioneros\/dario-gianaschi-camioneros\/#main\" data-orig-file=\"https:\/\/www.hoymercedes.com.ar\/principal\/wp-content\/uploads\/2017\/01\/Dario-Gianaschi-Camioneros.jpg\" data-orig-size=\"300,397\" data-comments-opened=\"0\" data-image-meta=\"{&quot;aperture&quot;:&quot;0&quot;,&quot;credit&quot;:&quot;&quot;,&quot;camera&quot;:&quot;&quot;,&quot;caption&quot;:&quot;&quot;,&quot;created_timestamp&quot;:&quot;0&quot;,&quot;copyright&quot;:&quot;&quot;,&quot;focal_length&quot;:&quot;0&quot;,&quot;iso&quot;:&quot;0&quot;,&quot;shutter_speed&quot;:&quot;0&quot;,&quot;title&quot;:&quot;&quot;,&quot;orientation&quot;:&quot;0&quot;}\" data-image-title=\"Dario Gianaschi Camioneros\" data-image-description=\"\" data-image-caption=\"\" data-large-file=\"https:\/\/www.hoymercedes.com.ar\/principal\/wp-content\/uploads\/2017\/01\/Dario-Gianaschi-Camioneros.jpg\" class=\"aligncenter size-full wp-image-58849\" src=\"https:\/\/www.hoymercedes.com.ar\/principal\/wp-content\/uploads\/2017\/01\/Dario-Gianaschi-Camioneros.jpg\" alt=\"\" width=\"300\" height=\"397\" srcset=\"https:\/\/www.hoymercedes.com.ar\/principal\/wp-content\/uploads\/2017\/01\/Dario-Gianaschi-Camioneros.jpg 300w, https:\/\/www.hoymercedes.com.ar\/principal\/wp-content\/uploads\/2017\/01\/Dario-Gianaschi-Camioneros-113x150.jpg 113w\" sizes=\"auto, (max-width: 300px) 100vw, 300px\" \/><\/p>\n<p>De buen trato, Gianaschi fue convocado por Atl\u00e9tico Independiente para jugar el Torneo Federal \u00abB\u201d y ocasionalmente, tambi\u00e9n jug\u00f3 partidos del torneo local el \u00faltimo a\u00f1o, pero se comenta que por lazos familiares, no acept\u00f3 jugar contra Col\u00f3n en la final de la liguilla del Torneo Clausura 2016, algo que cay\u00f3 muy mal a los dirigentes y simpatizantes del club, aunque no escuchamos hablar del tema al cuerpo t\u00e9cnico.<\/p>\n<p>Cuando todos cre\u00edmos que su ciclo en el equipo \u00abRojo\u201d estar\u00eda concluido una vez que finalizara el Torneo Federal \u00abB\u201d, esto no paso y se lo ten\u00eda en cuenta para que continuara, aunque seguramente no iba a jugar las finales frente a Deportivo Col\u00f3n.<\/p>\n<p>D\u00edas pasados el jugador dijo tener la posibilidad de emigrar del pa\u00eds hacia otro pa\u00eds de Sudam\u00e9rica, pero sorpresivamente en las \u00faltimas horas, viaj\u00f3 a Esteban Echeverr\u00eda y jugar\u00eda la Copa Argentina con Camioneros, equipo que en la actualidad conduce el dirigente Calleri luego de la salida de Gustavo Noto. Sin dudas y a pesar de que no ha sido siempre titular, Dar\u00edo Gianaschi es una baja importante para el plantel de Independiente y no es bueno, adem\u00e1s, tenerlo como rival.<\/p>\n","protected":false},"excerpt":{"rendered":"<p>Diario La Razon de Chivilcoy. El mercedino Dar\u00edo Gianaschi apareci\u00f3 en el f\u00fatbol de la ciudad de Chivilcoy en Deportivo &#8230; <a title=\"Dar\u00edo Gianaschi es nuevo refuerzo de Camioneros\" class=\"read-more\" href=\"https:\/\/www.hoymercedes.com.ar\/principal\/2017\/01\/13\/dario-gianaschi-es-nuevo-refuerzo-de-camioneros\/\" aria-label=\"Leer m\u00e1s sobre Dar\u00edo Gianaschi es nuevo refuerzo de Camioneros\">Leer m\u00e1s<\/a><\/p>\n","protected":false},"author":1,"featured_media":58849,"comment_status":"closed","ping_status":"open","sticky":false,"template":"","format":"standard","meta":{"_monsterinsights_skip_tracking":false,"_monsterinsights_sitenote_active":false,"_monsterinsights_sitenote_note":"","_monsterinsights_sitenote_category":0,"jetpack_post_was_ever_published":false,"_jetpack_newsletter_access":"","_jetpack_dont_email_post_to_subs":false,"_jetpack_newsletter_tier_id":0,"_jetpack_memberships_contains_paywalled_content":false,"_jetpack_memberships_contains_paid_content":false,"footnotes":"","jetpack_publicize_message":"","jetpack_publicize_feature_enabled":true,"jetpack_social_post_already_shared":true,"jetpack_social_options":{"image_generator_settings":{"template":"highway","default_image_id":0,"font":"","enabled":false},"version":2},"_wpas_customize_per_network":false},"categories":[21],"tags":[4968,8790,204,9674,1003],"class_list":["post-58848","post","type-post","status-publish","format-standard","has-post-thumbnail","hentry","category-deportes","tag-camioneros","tag-dario-gianaschi","tag-deportes-2","tag-federal-b","tag-futbol","generate-columns","tablet-grid-50","mobile-grid-100","grid-parent","grid-50"],"jetpack_publicize_connections":[],"jetpack_featured_media_url":"https:\/\/www.hoymercedes.com.ar\/principal\/wp-content\/uploads\/2017\/01\/Dario-Gianaschi-Camioneros.jpg","wps_subtitle":"Federal B","jetpack_sharing_enabled":true,"_links":{"self":[{"href":"https:\/\/www.hoymercedes.com.ar\/principal\/wp-json\/wp\/v2\/posts\/58848","targetHints":{"allow":["GET"]}}],"collection":[{"href":"https:\/\/www.hoymercedes.com.ar\/principal\/wp-json\/wp\/v2\/posts"}],"about":[{"href":"https:\/\/www.hoymercedes.com.ar\/principal\/wp-json\/wp\/v2\/types\/post"}],"author":[{"embeddable":true,"href":"https:\/\/www.hoymercedes.com.ar\/principal\/wp-json\/wp\/v2\/users\/1"}],"replies":[{"embeddable":true,"href":"https:\/\/www.hoymercedes.com.ar\/principal\/wp-json\/wp\/v2\/comments?post=58848"}],"version-history":[{"count":0,"href":"https:\/\/www.hoymercedes.com.ar\/principal\/wp-json\/wp\/v2\/posts\/58848\/revisions"}],"wp:featuredmedia":[{"embeddable":true,"href":"https:\/\/www.hoymercedes.com.ar\/principal\/wp-json\/wp\/v2\/media\/58849"}],"wp:attachment":[{"href":"https:\/\/www.hoymercedes.com.ar\/principal\/wp-json\/wp\/v2\/media?parent=58848"}],"wp:term":[{"taxonomy":"category","embeddable":true,"href":"https:\/\/www.hoymercedes.com.ar\/principal\/wp-json\/wp\/v2\/categories?post=58848"},{"taxonomy":"post_tag","embeddable":true,"href":"https:\/\/www.hoymercedes.com.ar\/principal\/wp-json\/wp\/v2\/tags?post=58848"}],"curies":[{"name":"wp","href":"https:\/\/api.w.org\/{rel}","templated":true}]}}