{"id":58867,"date":"2017-01-12T10:36:33","date_gmt":"2017-01-12T13:36:33","guid":{"rendered":"http:\/\/www.hoymercedes.com.ar\/principal\/?p=58867"},"modified":"2017-01-11T21:39:24","modified_gmt":"2017-01-12T00:39:24","slug":"entregaron-subsidios-a-los-grupos-que-participaran-de-los-carnavales-2017","status":"publish","type":"post","link":"https:\/\/www.hoymercedes.com.ar\/principal\/2017\/01\/12\/entregaron-subsidios-a-los-grupos-que-participaran-de-los-carnavales-2017\/","title":{"rendered":"Entregaron subsidios a los grupos que participar\u00e1n de los Carnavales 2017"},"content":{"rendered":"<p>En la tarde del mi\u00e9rcoles, el Intendente Interino Mat\u00edas Dematei y la Directora de Cultura Luc\u00eda Capaccio entregaron los \u201cadelantos\u201d que le permitir\u00e1n a las atracciones de los pr\u00f3ximos carnavales prepararse para las cuatro noches. Las comparsas recibieron un subsidio de 35 mil pesos, mientras que las murgas de 20 mil y las carrozas de 12 mil. Los carnavales mercedinos ser\u00e1n los d\u00edas 24, 25, 26 y 27 de febrero sobre la Avenida 29 de la ciudad.<\/p>\n<p>En el despacho del Jefe Comunal, los funcionarios de la Municipalidad de Mercedes convocaron a los titulares y responsables de los grupos y atracciones que participar\u00e1n en los pr\u00f3ximos carnavales con el fin de recibir el subsidio por el cual deber\u00e1n rendir cuentas en el Municipio y que, a su vez, formar\u00e1 parte del premio que recibir\u00edan tras las cuatro noches de febrero.<\/p>\n<p><img loading=\"lazy\" decoding=\"async\" data-attachment-id=\"58863\" data-permalink=\"https:\/\/www.hoymercedes.com.ar\/principal\/2017\/01\/12\/nicolas-quiroga-el-corralon-municipal-se-convirtio-en-un-basural\/12-subsidios-carnaval-1\/#main\" data-orig-file=\"https:\/\/www.hoymercedes.com.ar\/principal\/wp-content\/uploads\/2017\/01\/12-subsidios-carnaval-1.jpg\" data-orig-size=\"630,420\" data-comments-opened=\"0\" data-image-meta=\"{&quot;aperture&quot;:&quot;3.5&quot;,&quot;credit&quot;:&quot;&quot;,&quot;camera&quot;:&quot;NIKON D3100&quot;,&quot;caption&quot;:&quot;&quot;,&quot;created_timestamp&quot;:&quot;1484163248&quot;,&quot;copyright&quot;:&quot;&quot;,&quot;focal_length&quot;:&quot;18&quot;,&quot;iso&quot;:&quot;1600&quot;,&quot;shutter_speed&quot;:&quot;0.016666666666667&quot;,&quot;title&quot;:&quot;&quot;,&quot;orientation&quot;:&quot;1&quot;}\" data-image-title=\"12 subsidios carnaval 1\" data-image-description=\"\" data-image-caption=\"\" data-large-file=\"https:\/\/www.hoymercedes.com.ar\/principal\/wp-content\/uploads\/2017\/01\/12-subsidios-carnaval-1.jpg\" class=\"aligncenter size-medium wp-image-58863\" src=\"https:\/\/www.hoymercedes.com.ar\/principal\/wp-content\/uploads\/2017\/01\/12-subsidios-carnaval-1-630x420.jpg\" alt=\"\" width=\"630\" height=\"420\" srcset=\"https:\/\/www.hoymercedes.com.ar\/principal\/wp-content\/uploads\/2017\/01\/12-subsidios-carnaval-1.jpg 630w, https:\/\/www.hoymercedes.com.ar\/principal\/wp-content\/uploads\/2017\/01\/12-subsidios-carnaval-1-150x100.jpg 150w, https:\/\/www.hoymercedes.com.ar\/principal\/wp-content\/uploads\/2017\/01\/12-subsidios-carnaval-1-300x200.jpg 300w\" sizes=\"auto, (max-width: 630px) 100vw, 630px\" \/><\/p>\n<p>Quienes recibieron los subsidios ya confirmaron su presencia al desfile por Avenida 29 \u201clos cuatro d\u00edas locos\u201d. Entre ellos las comparsas \u201cLesionados por el Corcho\u201d y \u201cManos de \u00c1ngeles\u201d (ex-Xang\u00f3), las murgas Ilusi\u00f3n Murguera, la Murga de Ribera e Inundados de Promesas, y las carrozas cuyos titulares son Julio Rojas, Julio Albornoz, Mauricio Albornoz, Diego Albornoz, y Mar\u00eda Castillo. Las comparsas recibieron un subsidio de 35 mil pesos, mientras que las murgas de 20 mil y las carrozas de 12 mil.<\/p>\n<p>Asimismo, la Directora de Cultura explic\u00f3 que desde principio de a\u00f1o, tres artistas pl\u00e1sticos mercedinos trabajaron en tres diferentes instituciones para armar carrozas que identifiquen a cada una de estas instituciones y que estar\u00e1n fuera de concurso. Es as\u00ed que C\u00e9sar Lalla trabaj\u00f3 con la Unidad Penitenciaria N\u00ba 5, Marcela Brown lo hizo con la Escuela Laboral y Jorge Blanco trabaj\u00f3 con la Comunidad Ra\u00edces.<\/p>\n<p><img loading=\"lazy\" decoding=\"async\" data-attachment-id=\"58864\" data-permalink=\"https:\/\/www.hoymercedes.com.ar\/principal\/2017\/01\/12\/nicolas-quiroga-el-corralon-municipal-se-convirtio-en-un-basural\/12-subsidios-carnaval-2\/#main\" data-orig-file=\"https:\/\/www.hoymercedes.com.ar\/principal\/wp-content\/uploads\/2017\/01\/12-subsidios-carnaval-2.jpg\" data-orig-size=\"630,420\" data-comments-opened=\"0\" data-image-meta=\"{&quot;aperture&quot;:&quot;4&quot;,&quot;credit&quot;:&quot;&quot;,&quot;camera&quot;:&quot;NIKON D3100&quot;,&quot;caption&quot;:&quot;&quot;,&quot;created_timestamp&quot;:&quot;1484162803&quot;,&quot;copyright&quot;:&quot;&quot;,&quot;focal_length&quot;:&quot;26&quot;,&quot;iso&quot;:&quot;2200&quot;,&quot;shutter_speed&quot;:&quot;0.016666666666667&quot;,&quot;title&quot;:&quot;&quot;,&quot;orientation&quot;:&quot;1&quot;}\" data-image-title=\"12 subsidios carnaval 2\" data-image-description=\"\" data-image-caption=\"\" data-large-file=\"https:\/\/www.hoymercedes.com.ar\/principal\/wp-content\/uploads\/2017\/01\/12-subsidios-carnaval-2.jpg\" class=\"aligncenter size-medium wp-image-58864\" src=\"https:\/\/www.hoymercedes.com.ar\/principal\/wp-content\/uploads\/2017\/01\/12-subsidios-carnaval-2-630x420.jpg\" alt=\"\" width=\"630\" height=\"420\" srcset=\"https:\/\/www.hoymercedes.com.ar\/principal\/wp-content\/uploads\/2017\/01\/12-subsidios-carnaval-2.jpg 630w, https:\/\/www.hoymercedes.com.ar\/principal\/wp-content\/uploads\/2017\/01\/12-subsidios-carnaval-2-150x100.jpg 150w, https:\/\/www.hoymercedes.com.ar\/principal\/wp-content\/uploads\/2017\/01\/12-subsidios-carnaval-2-300x200.jpg 300w\" sizes=\"auto, (max-width: 630px) 100vw, 630px\" \/><\/p>\n<p>En la edici\u00f3n 2017 de los carnavales, la kermese sobre la Plaza San Mart\u00edn se repetir\u00e1 al igual que un segundo escenario para que las atracciones hagan sus espect\u00e1culos no s\u00f3lo frente al Palacio Municipal. Capaccio anticip\u00f3 este a\u00f1o los carnavales sobre Avenida 29 mantendr\u00e1n el esp\u00edritu festivo con las decoraciones a cargo de Jimena Rivas con talleres de mandala tanto en la Unidad N\u00ba 5 como en distintos barrios, muchos de ellos que continuar\u00e1n en el marco del ciclo \u201cViv\u00ed Mercedes\u201d.<\/p>\n<p>Por su parte, y a modo de cierre, el Intendente Interino Dematei expres\u00f3 su satisfacci\u00f3n haber entregado a las atracciones los aportes monetarios que les permitir\u00e1n aminorar los gastos que anualmente tienen: \u201cEs una apuesta muy fuerte que tiene el Ejecutivo para poner en valor el trabajo que las atracciones realizan para los carnavales. Ellas lo hacen de manera genuina y con una gran pasi\u00f3n y amor. Verlos como trabajan es admirable y genera un ocio muy constructivo en los participantes de todas las edades. Vamos en camino a tener un corso de anta\u00f1o y nos produce una gran felicidad. El Intendente nos inculc\u00f3 esta felicidad tambi\u00e9n\u201d.<\/p>\n<p><img loading=\"lazy\" decoding=\"async\" data-attachment-id=\"58865\" data-permalink=\"https:\/\/www.hoymercedes.com.ar\/principal\/2017\/01\/12\/nicolas-quiroga-el-corralon-municipal-se-convirtio-en-un-basural\/12-subsidios-carnaval-3\/#main\" data-orig-file=\"https:\/\/www.hoymercedes.com.ar\/principal\/wp-content\/uploads\/2017\/01\/12-subsidios-carnaval-3.jpg\" data-orig-size=\"630,420\" data-comments-opened=\"0\" data-image-meta=\"{&quot;aperture&quot;:&quot;3.8&quot;,&quot;credit&quot;:&quot;&quot;,&quot;camera&quot;:&quot;NIKON D3100&quot;,&quot;caption&quot;:&quot;&quot;,&quot;created_timestamp&quot;:&quot;1484162646&quot;,&quot;copyright&quot;:&quot;&quot;,&quot;focal_length&quot;:&quot;24&quot;,&quot;iso&quot;:&quot;2800&quot;,&quot;shutter_speed&quot;:&quot;0.016666666666667&quot;,&quot;title&quot;:&quot;&quot;,&quot;orientation&quot;:&quot;1&quot;}\" data-image-title=\"12 subsidios carnaval 3\" data-image-description=\"\" data-image-caption=\"\" data-large-file=\"https:\/\/www.hoymercedes.com.ar\/principal\/wp-content\/uploads\/2017\/01\/12-subsidios-carnaval-3.jpg\" class=\"aligncenter size-medium wp-image-58865\" src=\"https:\/\/www.hoymercedes.com.ar\/principal\/wp-content\/uploads\/2017\/01\/12-subsidios-carnaval-3-630x420.jpg\" alt=\"\" width=\"630\" height=\"420\" srcset=\"https:\/\/www.hoymercedes.com.ar\/principal\/wp-content\/uploads\/2017\/01\/12-subsidios-carnaval-3.jpg 630w, https:\/\/www.hoymercedes.com.ar\/principal\/wp-content\/uploads\/2017\/01\/12-subsidios-carnaval-3-150x100.jpg 150w, https:\/\/www.hoymercedes.com.ar\/principal\/wp-content\/uploads\/2017\/01\/12-subsidios-carnaval-3-300x200.jpg 300w\" sizes=\"auto, (max-width: 630px) 100vw, 630px\" \/><\/p>\n<p>Los carnavales ser\u00e1n los d\u00edas 24, 25, 26 y 27 de febrero. Un mes antes comenzar\u00e1n las inscripciones para las atracciones en las distintas categor\u00edas. Esa misma semana tambi\u00e9n comenzar\u00e1 la inscripci\u00f3n al Desfile Infantil que se llevar\u00e1 a cabo el 22 de febrero, 19:30 horas, delante del Palacio Municipal.<\/p>\n<p>&nbsp;<\/p>\n","protected":false},"excerpt":{"rendered":"<p>En la tarde del mi\u00e9rcoles, el Intendente Interino Mat\u00edas Dematei y la Directora de Cultura Luc\u00eda Capaccio entregaron los \u201cadelantos\u201d &#8230; <a title=\"Entregaron subsidios a los grupos que participar\u00e1n de los Carnavales 2017\" class=\"read-more\" href=\"https:\/\/www.hoymercedes.com.ar\/principal\/2017\/01\/12\/entregaron-subsidios-a-los-grupos-que-participaran-de-los-carnavales-2017\/\" aria-label=\"Leer m\u00e1s sobre Entregaron subsidios a los grupos que participar\u00e1n de los Carnavales 2017\">Leer m\u00e1s<\/a><\/p>\n","protected":false},"author":1,"featured_media":58863,"comment_status":"closed","ping_status":"open","sticky":false,"template":"","format":"standard","meta":{"_monsterinsights_skip_tracking":false,"_monsterinsights_sitenote_active":false,"_monsterinsights_sitenote_note":"","_monsterinsights_sitenote_category":0,"jetpack_post_was_ever_published":false,"_jetpack_newsletter_access":"","_jetpack_dont_email_post_to_subs":false,"_jetpack_newsletter_tier_id":0,"_jetpack_memberships_contains_paywalled_content":false,"_jetpack_memberships_contains_paid_content":false,"footnotes":"","jetpack_publicize_message":"","jetpack_publicize_feature_enabled":true,"jetpack_social_post_already_shared":true,"jetpack_social_options":{"image_generator_settings":{"template":"highway","default_image_id":0,"font":"","enabled":false},"version":2},"_wpas_customize_per_network":false},"categories":[104],"tags":[93,7805,8589,3810,10,285],"class_list":["post-58867","post","type-post","status-publish","format-standard","has-post-thumbnail","hentry","category-cultura","tag-carnavales","tag-cultura","tag-lucia-capaccio","tag-matias-dematei","tag-mercedes","tag-subsidios","generate-columns","tablet-grid-50","mobile-grid-100","grid-parent","grid-50"],"jetpack_publicize_connections":[],"jetpack_featured_media_url":"https:\/\/www.hoymercedes.com.ar\/principal\/wp-content\/uploads\/2017\/01\/12-subsidios-carnaval-1.jpg","wps_subtitle":"Adelantos para las atracciones","jetpack_sharing_enabled":true,"_links":{"self":[{"href":"https:\/\/www.hoymercedes.com.ar\/principal\/wp-json\/wp\/v2\/posts\/58867","targetHints":{"allow":["GET"]}}],"collection":[{"href":"https:\/\/www.hoymercedes.com.ar\/principal\/wp-json\/wp\/v2\/posts"}],"about":[{"href":"https:\/\/www.hoymercedes.com.ar\/principal\/wp-json\/wp\/v2\/types\/post"}],"author":[{"embeddable":true,"href":"https:\/\/www.hoymercedes.com.ar\/principal\/wp-json\/wp\/v2\/users\/1"}],"replies":[{"embeddable":true,"href":"https:\/\/www.hoymercedes.com.ar\/principal\/wp-json\/wp\/v2\/comments?post=58867"}],"version-history":[{"count":0,"href":"https:\/\/www.hoymercedes.com.ar\/principal\/wp-json\/wp\/v2\/posts\/58867\/revisions"}],"wp:featuredmedia":[{"embeddable":true,"href":"https:\/\/www.hoymercedes.com.ar\/principal\/wp-json\/wp\/v2\/media\/58863"}],"wp:attachment":[{"href":"https:\/\/www.hoymercedes.com.ar\/principal\/wp-json\/wp\/v2\/media?parent=58867"}],"wp:term":[{"taxonomy":"category","embeddable":true,"href":"https:\/\/www.hoymercedes.com.ar\/principal\/wp-json\/wp\/v2\/categories?post=58867"},{"taxonomy":"post_tag","embeddable":true,"href":"https:\/\/www.hoymercedes.com.ar\/principal\/wp-json\/wp\/v2\/tags?post=58867"}],"curies":[{"name":"wp","href":"https:\/\/api.w.org\/{rel}","templated":true}]}}