{"id":58870,"date":"2017-01-12T09:51:07","date_gmt":"2017-01-12T12:51:07","guid":{"rendered":"http:\/\/www.hoymercedes.com.ar\/principal\/?p=58870"},"modified":"2017-01-12T09:51:07","modified_gmt":"2017-01-12T12:51:07","slug":"nuevos-allanamientos-de-la-federal-por-narcoticos","status":"publish","type":"post","link":"https:\/\/www.hoymercedes.com.ar\/principal\/2017\/01\/12\/nuevos-allanamientos-de-la-federal-por-narcoticos\/","title":{"rendered":"Nuevos allanamientos de la Federal por narc\u00f3ticos"},"content":{"rendered":"<p>El pasado mi\u00e9rcoles 11 de enero, el personal de la Delegaci\u00f3n Mercedes Delitos Federales y Complejos de la Polic\u00eda Federal Argentina, la Delegaci\u00f3n Jun\u00edn de la Polic\u00eda Federal Argentina y la Comisar\u00eda Luj\u00e1n 1\u00ba, llevaron adelante un allanamiento en el Barrio Luna de la localidad de Luj\u00e1n.<\/p>\n<p>El procedimiento se realiz\u00f3 por la infracci\u00f3n a la Ley 23.737 al hallar medio kilo de clorhidrato de coca\u00edna, importante cantidad de marihuana y significativa cantidad de dinero en billetes de baja denominaci\u00f3n. A ra\u00edz de esto, se procedi\u00f3 a la detenci\u00f3n de una mujer mayor de edad.<\/p>\n<p><img loading=\"lazy\" decoding=\"async\" data-attachment-id=\"58872\" data-permalink=\"https:\/\/www.hoymercedes.com.ar\/principal\/2017\/01\/12\/nuevos-allanamientos-de-la-federal-por-narcoticos\/12-policia-federal-allana\/#main\" data-orig-file=\"https:\/\/www.hoymercedes.com.ar\/principal\/wp-content\/uploads\/2017\/01\/12-Polic\u00eda-Federal-allana.jpg\" data-orig-size=\"630,354\" data-comments-opened=\"0\" data-image-meta=\"{&quot;aperture&quot;:&quot;0&quot;,&quot;credit&quot;:&quot;&quot;,&quot;camera&quot;:&quot;&quot;,&quot;caption&quot;:&quot;&quot;,&quot;created_timestamp&quot;:&quot;0&quot;,&quot;copyright&quot;:&quot;&quot;,&quot;focal_length&quot;:&quot;0&quot;,&quot;iso&quot;:&quot;0&quot;,&quot;shutter_speed&quot;:&quot;0&quot;,&quot;title&quot;:&quot;&quot;,&quot;orientation&quot;:&quot;0&quot;}\" data-image-title=\"12 Polic\u00eda Federal allana\" data-image-description=\"\" data-image-caption=\"\" data-large-file=\"https:\/\/www.hoymercedes.com.ar\/principal\/wp-content\/uploads\/2017\/01\/12-Polic\u00eda-Federal-allana.jpg\" class=\"aligncenter size-medium wp-image-58872\" src=\"https:\/\/www.hoymercedes.com.ar\/principal\/wp-content\/uploads\/2017\/01\/12-Polic\u00eda-Federal-allana-630x354.jpg\" alt=\"\" width=\"630\" height=\"354\" srcset=\"https:\/\/www.hoymercedes.com.ar\/principal\/wp-content\/uploads\/2017\/01\/12-Polic\u00eda-Federal-allana.jpg 630w, https:\/\/www.hoymercedes.com.ar\/principal\/wp-content\/uploads\/2017\/01\/12-Polic\u00eda-Federal-allana-150x84.jpg 150w\" sizes=\"auto, (max-width: 630px) 100vw, 630px\" \/><\/p>\n<p>Interviene en el hecho la Unidad Funcional de Instrucci\u00f3n\u00a0 N\u00b0 10 a cargo del Dr. Pablo Vieiro del Departamento Judicial Mercedes, ante el Juez de Garant\u00edas N\u00ba 2, Dr. Facundo Oliva, con la Secretar\u00eda Interina de la Dra. Lorena M. Bori, en causa caratulada \u201cINF. LEY 23737\u201d<\/p>\n<p>Fuente: JUDICIAL<\/p>\n<p><img loading=\"lazy\" decoding=\"async\" data-attachment-id=\"58871\" data-permalink=\"https:\/\/www.hoymercedes.com.ar\/principal\/2017\/01\/12\/nuevos-allanamientos-de-la-federal-por-narcoticos\/12-policia-federal\/#main\" data-orig-file=\"https:\/\/www.hoymercedes.com.ar\/principal\/wp-content\/uploads\/2017\/01\/12-Polic\u00eda-Federal.jpg\" data-orig-size=\"630,473\" data-comments-opened=\"0\" data-image-meta=\"{&quot;aperture&quot;:&quot;0&quot;,&quot;credit&quot;:&quot;&quot;,&quot;camera&quot;:&quot;&quot;,&quot;caption&quot;:&quot;&quot;,&quot;created_timestamp&quot;:&quot;0&quot;,&quot;copyright&quot;:&quot;&quot;,&quot;focal_length&quot;:&quot;0&quot;,&quot;iso&quot;:&quot;0&quot;,&quot;shutter_speed&quot;:&quot;0&quot;,&quot;title&quot;:&quot;&quot;,&quot;orientation&quot;:&quot;0&quot;}\" data-image-title=\"12 Polic\u00eda Federal\" data-image-description=\"\" data-image-caption=\"\" data-large-file=\"https:\/\/www.hoymercedes.com.ar\/principal\/wp-content\/uploads\/2017\/01\/12-Polic\u00eda-Federal.jpg\" class=\"aligncenter size-medium wp-image-58871\" src=\"https:\/\/www.hoymercedes.com.ar\/principal\/wp-content\/uploads\/2017\/01\/12-Polic\u00eda-Federal-630x473.jpg\" alt=\"\" width=\"630\" height=\"473\" srcset=\"https:\/\/www.hoymercedes.com.ar\/principal\/wp-content\/uploads\/2017\/01\/12-Polic\u00eda-Federal.jpg 630w, https:\/\/www.hoymercedes.com.ar\/principal\/wp-content\/uploads\/2017\/01\/12-Polic\u00eda-Federal-150x113.jpg 150w\" sizes=\"auto, (max-width: 630px) 100vw, 630px\" \/><\/p>\n","protected":false},"excerpt":{"rendered":"<p>El pasado mi\u00e9rcoles 11 de enero, el personal de la Delegaci\u00f3n Mercedes Delitos Federales y Complejos de la Polic\u00eda Federal &#8230; <a title=\"Nuevos allanamientos de la Federal por narc\u00f3ticos\" class=\"read-more\" href=\"https:\/\/www.hoymercedes.com.ar\/principal\/2017\/01\/12\/nuevos-allanamientos-de-la-federal-por-narcoticos\/\" aria-label=\"Leer m\u00e1s sobre Nuevos allanamientos de la Federal por narc\u00f3ticos\">Leer m\u00e1s<\/a><\/p>\n","protected":false},"author":1,"featured_media":58872,"comment_status":"closed","ping_status":"open","sticky":false,"template":"","format":"standard","meta":{"_monsterinsights_skip_tracking":false,"_monsterinsights_sitenote_active":false,"_monsterinsights_sitenote_note":"","_monsterinsights_sitenote_category":0,"jetpack_post_was_ever_published":false,"_jetpack_newsletter_access":"","_jetpack_dont_email_post_to_subs":false,"_jetpack_newsletter_tier_id":0,"_jetpack_memberships_contains_paywalled_content":false,"_jetpack_memberships_contains_paid_content":false,"footnotes":"","jetpack_publicize_message":"","jetpack_publicize_feature_enabled":true,"jetpack_social_post_already_shared":true,"jetpack_social_options":{"image_generator_settings":{"template":"highway","default_image_id":0,"font":"","enabled":false},"version":2},"_wpas_customize_per_network":false},"categories":[85],"tags":[97,27,86,6549],"class_list":["post-58870","post","type-post","status-publish","format-standard","has-post-thumbnail","hentry","category-policial","tag-allanamiento","tag-drogas","tag-lujan","tag-policia-federal","generate-columns","tablet-grid-50","mobile-grid-100","grid-parent","grid-50"],"jetpack_publicize_connections":[],"jetpack_featured_media_url":"https:\/\/www.hoymercedes.com.ar\/principal\/wp-content\/uploads\/2017\/01\/12-Polic\u00eda-Federal-allana.jpg","wps_subtitle":"En Luj\u00e1n","jetpack_sharing_enabled":true,"_links":{"self":[{"href":"https:\/\/www.hoymercedes.com.ar\/principal\/wp-json\/wp\/v2\/posts\/58870","targetHints":{"allow":["GET"]}}],"collection":[{"href":"https:\/\/www.hoymercedes.com.ar\/principal\/wp-json\/wp\/v2\/posts"}],"about":[{"href":"https:\/\/www.hoymercedes.com.ar\/principal\/wp-json\/wp\/v2\/types\/post"}],"author":[{"embeddable":true,"href":"https:\/\/www.hoymercedes.com.ar\/principal\/wp-json\/wp\/v2\/users\/1"}],"replies":[{"embeddable":true,"href":"https:\/\/www.hoymercedes.com.ar\/principal\/wp-json\/wp\/v2\/comments?post=58870"}],"version-history":[{"count":0,"href":"https:\/\/www.hoymercedes.com.ar\/principal\/wp-json\/wp\/v2\/posts\/58870\/revisions"}],"wp:featuredmedia":[{"embeddable":true,"href":"https:\/\/www.hoymercedes.com.ar\/principal\/wp-json\/wp\/v2\/media\/58872"}],"wp:attachment":[{"href":"https:\/\/www.hoymercedes.com.ar\/principal\/wp-json\/wp\/v2\/media?parent=58870"}],"wp:term":[{"taxonomy":"category","embeddable":true,"href":"https:\/\/www.hoymercedes.com.ar\/principal\/wp-json\/wp\/v2\/categories?post=58870"},{"taxonomy":"post_tag","embeddable":true,"href":"https:\/\/www.hoymercedes.com.ar\/principal\/wp-json\/wp\/v2\/tags?post=58870"}],"curies":[{"name":"wp","href":"https:\/\/api.w.org\/{rel}","templated":true}]}}