{"id":58880,"date":"2017-01-12T19:50:50","date_gmt":"2017-01-12T22:50:50","guid":{"rendered":"http:\/\/www.hoymercedes.com.ar\/principal\/?p=58880"},"modified":"2017-01-12T17:56:30","modified_gmt":"2017-01-12T20:56:30","slug":"cambian-cabezal-del-anillo-central-de-la-red-de-agua-potable","status":"publish","type":"post","link":"https:\/\/www.hoymercedes.com.ar\/principal\/2017\/01\/12\/cambian-cabezal-del-anillo-central-de-la-red-de-agua-potable\/","title":{"rendered":"Cambian cabezal del anillo central de la red de agua potable"},"content":{"rendered":"<p>Durante la ma\u00f1ana de este jueves se\u00a0llev\u00f3 a cabo desde el \u00e1rea de Servicios P\u00fablicos la\u00a0reparaci\u00f3n y el mantenimiento de la red de agua potable. En esta ocasi\u00f3n se trat\u00f3 del anillo de circunvalaci\u00f3n\u00a0de dicho servicio.<\/p>\n<p>Pablo Lossino, desde Servicios P\u00fablicos, explic\u00f3\u00a0que se efectu\u00f3 la \u201creparaci\u00f3n del anillo de circunvalaci\u00f3n que da vuelta a la ciudad de Mercedes, ya que se rompi\u00f3 una de las cabezas del ca\u00f1o que distribuye agua a toda la comunidad siendo la actividad efectuada sin llegar a cortar el suministro de agua\u201d<\/p>\n<p>El trabajo se inici\u00f3 a primera hora y para el mediod\u00eda estuvo solucionado y en perfecto estado.<\/p>\n<p>Cabe recordar que Mercedes tiene una red de ca\u00f1er\u00eda muy antigua que no siempre recibi\u00f3 el correcto mantenimiento y ahora desde hace meses se vienen concretando tareas de mejoras, reparaci\u00f3n y colocaci\u00f3n de nuevos elementos con el objetivo de brindar el mejor servicio posible para nuestra comunidad.<\/p>\n<p>&nbsp;<\/p>\n<p>Fuente: Prensa Municipal<\/p>\n","protected":false},"excerpt":{"rendered":"<p>Durante la ma\u00f1ana de este jueves se\u00a0llev\u00f3 a cabo desde el \u00e1rea de Servicios P\u00fablicos la\u00a0reparaci\u00f3n y el mantenimiento de &#8230; <a title=\"Cambian cabezal del anillo central de la red de agua potable\" class=\"read-more\" href=\"https:\/\/www.hoymercedes.com.ar\/principal\/2017\/01\/12\/cambian-cabezal-del-anillo-central-de-la-red-de-agua-potable\/\" aria-label=\"Leer m\u00e1s sobre Cambian cabezal del anillo central de la red de agua potable\">Leer m\u00e1s<\/a><\/p>\n","protected":false},"author":1,"featured_media":58881,"comment_status":"closed","ping_status":"open","sticky":false,"template":"","format":"standard","meta":{"_monsterinsights_skip_tracking":false,"_monsterinsights_sitenote_active":false,"_monsterinsights_sitenote_note":"","_monsterinsights_sitenote_category":0,"jetpack_post_was_ever_published":false,"_jetpack_newsletter_access":"","_jetpack_dont_email_post_to_subs":false,"_jetpack_newsletter_tier_id":0,"_jetpack_memberships_contains_paywalled_content":false,"_jetpack_memberships_contains_paid_content":false,"footnotes":"","jetpack_publicize_message":"","jetpack_publicize_feature_enabled":true,"jetpack_social_post_already_shared":true,"jetpack_social_options":{"image_generator_settings":{"template":"highway","default_image_id":0,"font":"","enabled":false},"version":2},"_wpas_customize_per_network":false},"categories":[30],"tags":[874,244,10419,8628],"class_list":["post-58880","post","type-post","status-publish","format-standard","has-post-thumbnail","hentry","category-municipio","tag-agua-potable","tag-municipio-2","tag-reparacion-cano","tag-servicios-publicos","generate-columns","tablet-grid-50","mobile-grid-100","grid-parent","grid-50"],"jetpack_publicize_connections":[],"jetpack_featured_media_url":"https:\/\/www.hoymercedes.com.ar\/principal\/wp-content\/uploads\/2017\/01\/12-ca\u00f1o-47y28-1.jpg","wps_subtitle":"Servicios p\u00fablicos","jetpack_sharing_enabled":true,"_links":{"self":[{"href":"https:\/\/www.hoymercedes.com.ar\/principal\/wp-json\/wp\/v2\/posts\/58880","targetHints":{"allow":["GET"]}}],"collection":[{"href":"https:\/\/www.hoymercedes.com.ar\/principal\/wp-json\/wp\/v2\/posts"}],"about":[{"href":"https:\/\/www.hoymercedes.com.ar\/principal\/wp-json\/wp\/v2\/types\/post"}],"author":[{"embeddable":true,"href":"https:\/\/www.hoymercedes.com.ar\/principal\/wp-json\/wp\/v2\/users\/1"}],"replies":[{"embeddable":true,"href":"https:\/\/www.hoymercedes.com.ar\/principal\/wp-json\/wp\/v2\/comments?post=58880"}],"version-history":[{"count":0,"href":"https:\/\/www.hoymercedes.com.ar\/principal\/wp-json\/wp\/v2\/posts\/58880\/revisions"}],"wp:featuredmedia":[{"embeddable":true,"href":"https:\/\/www.hoymercedes.com.ar\/principal\/wp-json\/wp\/v2\/media\/58881"}],"wp:attachment":[{"href":"https:\/\/www.hoymercedes.com.ar\/principal\/wp-json\/wp\/v2\/media?parent=58880"}],"wp:term":[{"taxonomy":"category","embeddable":true,"href":"https:\/\/www.hoymercedes.com.ar\/principal\/wp-json\/wp\/v2\/categories?post=58880"},{"taxonomy":"post_tag","embeddable":true,"href":"https:\/\/www.hoymercedes.com.ar\/principal\/wp-json\/wp\/v2\/tags?post=58880"}],"curies":[{"name":"wp","href":"https:\/\/api.w.org\/{rel}","templated":true}]}}