{"id":58911,"date":"2017-01-14T16:41:52","date_gmt":"2017-01-14T19:41:52","guid":{"rendered":"http:\/\/www.hoymercedes.com.ar\/principal\/?p=58911"},"modified":"2017-01-16T12:21:24","modified_gmt":"2017-01-16T15:21:24","slug":"el-mamm-convoca-artistas-para-su-agenda-2017","status":"publish","type":"post","link":"https:\/\/www.hoymercedes.com.ar\/principal\/2017\/01\/14\/el-mamm-convoca-artistas-para-su-agenda-2017\/","title":{"rendered":"El MAMM convoca artistas para su agenda 2017"},"content":{"rendered":"<p>El Museo de Arte \u00abMunicipalidad de Mercedes\u00bb abri\u00f3 su convocatoria para proyectos art\u00edsticos (exposiciones temporales, muestras, ciclos, presentaciones, conciertos, etc.) a realizarse a lo largo del 2017.<\/p>\n<p>Aquellos que desean participar deber\u00e1n enviar los siguientes datos:<\/p>\n<ul>\n<li>T\u00edtulo de la exposici\u00f3n o proyecto<\/li>\n<li>Expositor o participantes (CV)<\/li>\n<li>Texto explicativo que desarrolle conceptualmente el proyecto (m\u00ednimo 1 carilla)<\/li>\n<li>Dimensiones de las obras<\/li>\n<li>Fotograf\u00edas o bocetos de las obras<\/li>\n<\/ul>\n<p>Todos los proyectos ser\u00e1n evaluados mancomunadamente entre la Direcci\u00f3n del Museo y la Direcci\u00f3n de Cultura del municipio, cuyas autoridades determinar\u00e1n la viabilidad de los mismos.<\/p>\n<p>Los datos pueden enviarse alcorreo:\u00a0museodearte@mercedes.gob.ar<\/p>\n<p><img loading=\"lazy\" decoding=\"async\" data-attachment-id=\"58913\" data-permalink=\"https:\/\/www.hoymercedes.com.ar\/principal\/2017\/01\/14\/el-mamm-convoca-artistas-para-su-agenda-2017\/14-convocatoria-2017-2\/#main\" data-orig-file=\"https:\/\/www.hoymercedes.com.ar\/principal\/wp-content\/uploads\/2017\/01\/14-Convocatoria-2017-2.jpg\" data-orig-size=\"450,630\" data-comments-opened=\"0\" data-image-meta=\"{&quot;aperture&quot;:&quot;0&quot;,&quot;credit&quot;:&quot;&quot;,&quot;camera&quot;:&quot;&quot;,&quot;caption&quot;:&quot;&quot;,&quot;created_timestamp&quot;:&quot;0&quot;,&quot;copyright&quot;:&quot;&quot;,&quot;focal_length&quot;:&quot;0&quot;,&quot;iso&quot;:&quot;0&quot;,&quot;shutter_speed&quot;:&quot;0&quot;,&quot;title&quot;:&quot;&quot;,&quot;orientation&quot;:&quot;1&quot;}\" data-image-title=\"14 Convocatoria 2017 2\" data-image-description=\"\" data-image-caption=\"\" data-large-file=\"https:\/\/www.hoymercedes.com.ar\/principal\/wp-content\/uploads\/2017\/01\/14-Convocatoria-2017-2.jpg\" class=\"aligncenter size-medium wp-image-58913\" src=\"https:\/\/www.hoymercedes.com.ar\/principal\/wp-content\/uploads\/2017\/01\/14-Convocatoria-2017-2-443x620.jpg\" alt=\"\" width=\"443\" height=\"620\" srcset=\"https:\/\/www.hoymercedes.com.ar\/principal\/wp-content\/uploads\/2017\/01\/14-Convocatoria-2017-2-443x620.jpg 443w, https:\/\/www.hoymercedes.com.ar\/principal\/wp-content\/uploads\/2017\/01\/14-Convocatoria-2017-2-107x150.jpg 107w, https:\/\/www.hoymercedes.com.ar\/principal\/wp-content\/uploads\/2017\/01\/14-Convocatoria-2017-2.jpg 450w\" sizes=\"auto, (max-width: 443px) 100vw, 443px\" \/><\/p>\n","protected":false},"excerpt":{"rendered":"<p>El Museo de Arte \u00abMunicipalidad de Mercedes\u00bb abri\u00f3 su convocatoria para proyectos art\u00edsticos (exposiciones temporales, muestras, ciclos, presentaciones, conciertos, etc.) &#8230; <a title=\"El MAMM convoca artistas para su agenda 2017\" class=\"read-more\" href=\"https:\/\/www.hoymercedes.com.ar\/principal\/2017\/01\/14\/el-mamm-convoca-artistas-para-su-agenda-2017\/\" aria-label=\"Leer m\u00e1s sobre El MAMM convoca artistas para su agenda 2017\">Leer m\u00e1s<\/a><\/p>\n","protected":false},"author":1,"featured_media":58912,"comment_status":"closed","ping_status":"open","sticky":false,"template":"","format":"standard","meta":{"_monsterinsights_skip_tracking":false,"_monsterinsights_sitenote_active":false,"_monsterinsights_sitenote_note":"","_monsterinsights_sitenote_category":0,"jetpack_post_was_ever_published":false,"_jetpack_newsletter_access":"","_jetpack_dont_email_post_to_subs":false,"_jetpack_newsletter_tier_id":0,"_jetpack_memberships_contains_paywalled_content":false,"_jetpack_memberships_contains_paid_content":false,"footnotes":"","jetpack_publicize_message":"","jetpack_publicize_feature_enabled":true,"jetpack_social_post_already_shared":true,"jetpack_social_options":{"image_generator_settings":{"template":"highway","default_image_id":0,"font":"","enabled":false},"version":2},"_wpas_customize_per_network":false},"categories":[104],"tags":[10426,10425,9168,7805,8674,10],"class_list":["post-58911","post","type-post","status-publish","format-standard","has-post-thumbnail","hentry","category-cultura","tag-10426","tag-artistas","tag-convocatoria","tag-cultura","tag-mamm","tag-mercedes","generate-columns","tablet-grid-50","mobile-grid-100","grid-parent","grid-50"],"jetpack_publicize_connections":[],"jetpack_featured_media_url":"https:\/\/www.hoymercedes.com.ar\/principal\/wp-content\/uploads\/2017\/01\/14-Convocatoria-2017-1.jpg","wps_subtitle":"Presentaci\u00f3n de proyectos","jetpack_sharing_enabled":true,"_links":{"self":[{"href":"https:\/\/www.hoymercedes.com.ar\/principal\/wp-json\/wp\/v2\/posts\/58911","targetHints":{"allow":["GET"]}}],"collection":[{"href":"https:\/\/www.hoymercedes.com.ar\/principal\/wp-json\/wp\/v2\/posts"}],"about":[{"href":"https:\/\/www.hoymercedes.com.ar\/principal\/wp-json\/wp\/v2\/types\/post"}],"author":[{"embeddable":true,"href":"https:\/\/www.hoymercedes.com.ar\/principal\/wp-json\/wp\/v2\/users\/1"}],"replies":[{"embeddable":true,"href":"https:\/\/www.hoymercedes.com.ar\/principal\/wp-json\/wp\/v2\/comments?post=58911"}],"version-history":[{"count":0,"href":"https:\/\/www.hoymercedes.com.ar\/principal\/wp-json\/wp\/v2\/posts\/58911\/revisions"}],"wp:featuredmedia":[{"embeddable":true,"href":"https:\/\/www.hoymercedes.com.ar\/principal\/wp-json\/wp\/v2\/media\/58912"}],"wp:attachment":[{"href":"https:\/\/www.hoymercedes.com.ar\/principal\/wp-json\/wp\/v2\/media?parent=58911"}],"wp:term":[{"taxonomy":"category","embeddable":true,"href":"https:\/\/www.hoymercedes.com.ar\/principal\/wp-json\/wp\/v2\/categories?post=58911"},{"taxonomy":"post_tag","embeddable":true,"href":"https:\/\/www.hoymercedes.com.ar\/principal\/wp-json\/wp\/v2\/tags?post=58911"}],"curies":[{"name":"wp","href":"https:\/\/api.w.org\/{rel}","templated":true}]}}