{"id":58932,"date":"2017-01-15T15:51:26","date_gmt":"2017-01-15T18:51:26","guid":{"rendered":"http:\/\/www.hoymercedes.com.ar\/principal\/?p=58932"},"modified":"2017-01-15T15:51:26","modified_gmt":"2017-01-15T18:51:26","slug":"arranco-el-vivi-mercedes-verano-2017-con-una-semana-de-gran-asistencia","status":"publish","type":"post","link":"https:\/\/www.hoymercedes.com.ar\/principal\/2017\/01\/15\/arranco-el-vivi-mercedes-verano-2017-con-una-semana-de-gran-asistencia\/","title":{"rendered":"Arranc\u00f3 el \u201cViv\u00ed Mercedes, verano 2017\u201d con una semana de gran asistencia"},"content":{"rendered":"<p>&nbsp;<\/p>\n<figure id=\"attachment_58933\" aria-describedby=\"caption-attachment-58933\" style=\"width: 620px\" class=\"wp-caption aligncenter\"><img loading=\"lazy\" decoding=\"async\" data-attachment-id=\"58933\" data-permalink=\"https:\/\/www.hoymercedes.com.ar\/principal\/2017\/01\/15\/arranco-el-vivi-mercedes-verano-2017-con-una-semana-de-gran-asistencia\/vivimercedessja_1838\/#main\" data-orig-file=\"https:\/\/www.hoymercedes.com.ar\/principal\/wp-content\/uploads\/2017\/01\/ViviMercedesSJA_1838.jpg\" data-orig-size=\"650,432\" data-comments-opened=\"0\" data-image-meta=\"{&quot;aperture&quot;:&quot;4&quot;,&quot;credit&quot;:&quot;SEBASTIAN_AMBROSSIO&quot;,&quot;camera&quot;:&quot;&quot;,&quot;caption&quot;:&quot;&quot;,&quot;created_timestamp&quot;:&quot;0&quot;,&quot;copyright&quot;:&quot;Sebastian Ambrossio_&quot;,&quot;focal_length&quot;:&quot;24&quot;,&quot;iso&quot;:&quot;3200&quot;,&quot;shutter_speed&quot;:&quot;0.016666666666667&quot;,&quot;title&quot;:&quot;&quot;,&quot;orientation&quot;:&quot;0&quot;}\" data-image-title=\"ViviMercedesSJA_1838\" data-image-description=\"\" data-image-caption=\"\" data-large-file=\"https:\/\/www.hoymercedes.com.ar\/principal\/wp-content\/uploads\/2017\/01\/ViviMercedesSJA_1838.jpg\" class=\"wp-image-58933 size-medium\" src=\"https:\/\/www.hoymercedes.com.ar\/principal\/wp-content\/uploads\/2017\/01\/ViviMercedesSJA_1838-630x419.jpg\" width=\"630\" height=\"419\" srcset=\"https:\/\/www.hoymercedes.com.ar\/principal\/wp-content\/uploads\/2017\/01\/ViviMercedesSJA_1838-630x419.jpg 630w, https:\/\/www.hoymercedes.com.ar\/principal\/wp-content\/uploads\/2017\/01\/ViviMercedesSJA_1838-150x100.jpg 150w, https:\/\/www.hoymercedes.com.ar\/principal\/wp-content\/uploads\/2017\/01\/ViviMercedesSJA_1838-300x200.jpg 300w, https:\/\/www.hoymercedes.com.ar\/principal\/wp-content\/uploads\/2017\/01\/ViviMercedesSJA_1838.jpg 650w\" sizes=\"auto, (max-width: 630px) 100vw, 630px\" \/><figcaption id=\"caption-attachment-58933\" class=\"wp-caption-text\">Viv\u00ed el Verano, plaza Belgrano<\/figcaption><\/figure>\n<p>La primera semana de \u201cViv\u00ed Mercedes, verano 2017\u201d result\u00f3 todo un \u00e9xito en lo que es una extensa y variada programaci\u00f3n de actividades que organiz\u00f3 la Municipalidad de Mercedes incluyendo deportes, salud, m\u00fasica, talleres, colonia de verano, cine, artesanos y gastronom\u00eda siendo \u201cuna apuesta integral que permite a las familias ser parte de presentaciones libres, p\u00fablicas y gratuitas\u201d.<\/p>\n<p>La semana se inici\u00f3 con las colonias de vacaciones escolares y de los trabajadores municipales en la pileta del Parque Municipal por la ma\u00f1ana mientras que pasado el mediod\u00eda y hasta las 18hs est\u00e1 abierto a todos los ni\u00f1os menores de 13 a\u00f1os contando con enfermer\u00eda y ba\u00f1eros. La apertura es todos los d\u00edas, salvo los jueves que se efect\u00faa la limpieza del natatorio con el respectivo cambio de agua.<\/p>\n<p>El martes, dado que la tormenta del lunes lo impidi\u00f3, se lanzaron actividades deportivas en la rotonda de avenida 40 y avenida 1 contando la primera jornada con casi medio centenar de mujeres de todas las edades que luego, ampliada la difusi\u00f3n, sumaron m\u00e1s vecinos siendo cada d\u00eda una nueva gran convocatoria que contin\u00faa abierta aprovechando el aire libre, el deporte y la salud dado que personal municipal se encuentra en el lugar tambi\u00e9n haciendo controles. Es tanto para mujeres como para hombres con profesores de la Direcci\u00f3n de Deportes haciendo el acompa\u00f1amiento.<\/p>\n<p>Adultos Mayores fue otro espacio que convoc\u00f3 a un importante n\u00famero de asistentes al predio del Mart\u00edn Rodr\u00edguez donde se jug\u00f3 al truco, taba, tejo, cartas, v\u00f3ley, y se realizaron actividades deportivas como pentathlon. Continuar\u00e1 cada martes del mes.<\/p>\n<p><img loading=\"lazy\" decoding=\"async\" data-attachment-id=\"58934\" data-permalink=\"https:\/\/www.hoymercedes.com.ar\/principal\/2017\/01\/15\/arranco-el-vivi-mercedes-verano-2017-con-una-semana-de-gran-asistencia\/vivimercedessja_1818\/#main\" data-orig-file=\"https:\/\/www.hoymercedes.com.ar\/principal\/wp-content\/uploads\/2017\/01\/ViviMercedesSJA_1818.jpg\" data-orig-size=\"650,432\" data-comments-opened=\"0\" data-image-meta=\"{&quot;aperture&quot;:&quot;4&quot;,&quot;credit&quot;:&quot;SEBASTIAN_AMBROSSIO&quot;,&quot;camera&quot;:&quot;&quot;,&quot;caption&quot;:&quot;&quot;,&quot;created_timestamp&quot;:&quot;0&quot;,&quot;copyright&quot;:&quot;Sebastian Ambrossio_&quot;,&quot;focal_length&quot;:&quot;24&quot;,&quot;iso&quot;:&quot;1600&quot;,&quot;shutter_speed&quot;:&quot;0.016666666666667&quot;,&quot;title&quot;:&quot;&quot;,&quot;orientation&quot;:&quot;0&quot;}\" data-image-title=\"ViviMercedesSJA_1818\" data-image-description=\"\" data-image-caption=\"\" data-large-file=\"https:\/\/www.hoymercedes.com.ar\/principal\/wp-content\/uploads\/2017\/01\/ViviMercedesSJA_1818.jpg\" class=\"aligncenter size-medium wp-image-58934\" src=\"https:\/\/www.hoymercedes.com.ar\/principal\/wp-content\/uploads\/2017\/01\/ViviMercedesSJA_1818-630x419.jpg\" alt=\"\" width=\"630\" height=\"419\" srcset=\"https:\/\/www.hoymercedes.com.ar\/principal\/wp-content\/uploads\/2017\/01\/ViviMercedesSJA_1818-630x419.jpg 630w, https:\/\/www.hoymercedes.com.ar\/principal\/wp-content\/uploads\/2017\/01\/ViviMercedesSJA_1818-150x100.jpg 150w, https:\/\/www.hoymercedes.com.ar\/principal\/wp-content\/uploads\/2017\/01\/ViviMercedesSJA_1818-300x200.jpg 300w, https:\/\/www.hoymercedes.com.ar\/principal\/wp-content\/uploads\/2017\/01\/ViviMercedesSJA_1818.jpg 650w\" sizes=\"auto, (max-width: 630px) 100vw, 630px\" \/><\/p>\n<p>El fin de semana no se qued\u00f3 atr\u00e1s. El s\u00e1bado una gran cantidad de mercedinos vivieron la propuesta de \u201cM\u00fasica en las plazas\u201d con Fernando Pasos y la Yunta y Orquesta Org\u00e1nica. Tambi\u00e9n hubo actividades recreativas y el retorno de los cl\u00e1sicos concursos de bailes. All\u00ed la directora de Cultura, Lucia Capaccio, agradeci\u00f3 \u201cla presencia de las familias mercedinas que acompa\u00f1an cada una de las propuestas que incluyen muchos espacios de la ciudad, para estar cerca, para dar variedad y calidad de expresiones, desde cine a talleres, bailes y deportes, es unas serie de actividades integrales que se gestionan desde distintas secretar\u00edas y direcciones\u201d remarcando el tratamiento inter institucional que se ha dado ya que tambi\u00e9n hay propuestas de \u00e1reas como Juventud y Desarrollo Social.<\/p>\n<p><img loading=\"lazy\" decoding=\"async\" data-attachment-id=\"58935\" data-permalink=\"https:\/\/www.hoymercedes.com.ar\/principal\/2017\/01\/15\/arranco-el-vivi-mercedes-verano-2017-con-una-semana-de-gran-asistencia\/vivimercedessja_1746\/#main\" data-orig-file=\"https:\/\/www.hoymercedes.com.ar\/principal\/wp-content\/uploads\/2017\/01\/ViviMercedesSJA_1746.jpg\" data-orig-size=\"650,432\" data-comments-opened=\"0\" data-image-meta=\"{&quot;aperture&quot;:&quot;2.8&quot;,&quot;credit&quot;:&quot;SEBASTIAN_AMBROSSIO&quot;,&quot;camera&quot;:&quot;&quot;,&quot;caption&quot;:&quot;&quot;,&quot;created_timestamp&quot;:&quot;0&quot;,&quot;copyright&quot;:&quot;Sebastian Ambrossio_&quot;,&quot;focal_length&quot;:&quot;24&quot;,&quot;iso&quot;:&quot;3200&quot;,&quot;shutter_speed&quot;:&quot;0.016666666666667&quot;,&quot;title&quot;:&quot;&quot;,&quot;orientation&quot;:&quot;0&quot;}\" data-image-title=\"ViviMercedesSJA_1746\" data-image-description=\"\" data-image-caption=\"\" data-large-file=\"https:\/\/www.hoymercedes.com.ar\/principal\/wp-content\/uploads\/2017\/01\/ViviMercedesSJA_1746.jpg\" class=\"aligncenter size-medium wp-image-58935\" src=\"https:\/\/www.hoymercedes.com.ar\/principal\/wp-content\/uploads\/2017\/01\/ViviMercedesSJA_1746-630x419.jpg\" alt=\"\" width=\"630\" height=\"419\" srcset=\"https:\/\/www.hoymercedes.com.ar\/principal\/wp-content\/uploads\/2017\/01\/ViviMercedesSJA_1746-630x419.jpg 630w, https:\/\/www.hoymercedes.com.ar\/principal\/wp-content\/uploads\/2017\/01\/ViviMercedesSJA_1746-150x100.jpg 150w, https:\/\/www.hoymercedes.com.ar\/principal\/wp-content\/uploads\/2017\/01\/ViviMercedesSJA_1746-300x200.jpg 300w, https:\/\/www.hoymercedes.com.ar\/principal\/wp-content\/uploads\/2017\/01\/ViviMercedesSJA_1746.jpg 650w\" sizes=\"auto, (max-width: 630px) 100vw, 630px\" \/><\/p>\n<p>En la noche del domingo, lamentablemente, el tiempo jug\u00f3 una mala pasada y debi\u00f3 suspenderse el ciclo \u201cm\u00fasica en las plazas\u201d ante la lluvia ca\u00edda anunci\u00e1ndose que las actividades para el Barrio San Martin ser\u00e1n reprogramadas.<\/p>\n<div class=\"fb-post\" data-href=\"https:\/\/www.facebook.com\/permalink.php?story_fbid=10154963404276323&amp;id=339192141322\" data-width=\"630\" data-show-text=\"true\">\n<blockquote cite=\"https:\/\/www.facebook.com\/permalink.php?story_fbid=10154963404276323&amp;id=339192141322\" class=\"fb-xfbml-parse-ignore\">\n<p>&quot;Viv&#xed; Mercedes, verano 2017&quot;<br \/>\nPlaza Belgrano<\/p>\n<p>Posted by <a href=\"https:\/\/www.facebook.com\/Hoy-Mercedes-339192141322\/\" target=\"_blank\" rel=\"noopener\">Hoy Mercedes<\/a> on&nbsp;<a href=\"https:\/\/www.facebook.com\/permalink.php?story_fbid=10154963404276323&amp;id=339192141322\" target=\"_blank\" rel=\"noopener\">domingo, 15 de enero de 2017<\/a><\/p><\/blockquote>\n<\/div>\n<p>&nbsp;<\/p>\n<h2>C\u00f3mo contin\u00faa:<\/h2>\n<p><strong>Lunas 16<\/strong><\/p>\n<p>8-12hs &#8211; Colonia de vacaciones, Pileta del Parque<\/p>\n<p>10hs \u2013 Sum Gowland &#8211; \u00abTaller de mandalas y reciclado para el carnaval\u00bb\u00a0 Programa Envi\u00f3n.<\/p>\n<p>20hs \u2013 Av. 1 Y Av40 &#8211; Gimnasia art\u00edstica y deportiva<\/p>\n<p><strong>Martes 17<\/strong><\/p>\n<p>8-12hs &#8211; Colonia de vacaciones, Pileta del Parque<\/p>\n<p>9hs \u2013 Mart\u00edn Rodr\u00edguez \u2013 Tejo, Cartas, Truco, Voley, Pentathlon &#8211; Adultos Mayores<\/p>\n<p>15hs &#8211; Centro Comunitario \u00abLos pampitas\u00bb Taller de confecci\u00f3n de apliques<\/p>\n<p>17hs &#8211; Ex Instituto Unzu\u00e9\u00a0 &#8211;\u00a0 Taller mandalas y reciclado para el carnaval<\/p>\n<p>20hs \u2013 Av. 1 Y Av40 &#8211; Gimnasia art\u00edstica y deportiva<\/p>\n<p><strong>Mi\u00e9rcoles 18<\/strong><\/p>\n<p>8-12hs &#8211; Colonia de vacaciones, Pileta del Parque<\/p>\n<p>10hs \u2013 Sum Gowland \u00abtaller de mandalas y reciclado para el carnaval\u201d<\/p>\n<p>21hs \u2013 Barrio Unidad y Progreso \u201cCine Bajo las Estrellas\u201d &#8211; Esperando la carroza<\/p>\n<p>20hs \u2013 Av.1 y Av.40 &#8211; Gimnasia art\u00edstica y deportiva<\/p>\n<p><strong>Jueves 19<\/strong><\/p>\n<p>15hs \u2013 Sum Barrio San Mart\u00edn &#8211; \u00bb Taller de confecci\u00f3n de apliques para carnavales\u201d<\/p>\n<p>18hs \u2013 C.C La Trocha &#8211; \u00abClase abierta de trompetas para el carnaval\u00bb Prof: Julio Ledesma<\/p>\n<p>20hs \u2013 Av.1 y Av.40 &#8211; Gimnasia art\u00edstica y deportiva<\/p>\n<p>20:30hs &#8211; C.C La Trocha &#8211;\u00a0 \u00abTango en el and\u00e9n\u201d; m\u00fasicos en vivo, patio de tango, cantina.<\/p>\n<p>21hs &#8211; Barrio Almafuerte \u2013 \u201cCine bajo las estrellas\u201d- La m\u00e1quina de hacer estrellas &#8211; Cine viajero en el MAMM (museo de arte)<\/p>\n<p><strong>Viernes 20<\/strong><\/p>\n<p>8-12hs &#8211; Colonia de vacaciones, Pileta del Parque<\/p>\n<p>17hs \u2013 Ex Instituto Unzu\u00e9 &#8211;\u00a0 \u201cTaller mandalas y reciclado para el carnavales\u201d Programa Envi\u00f3n<\/p>\n<p>20hs \u2013 Av. 1 Y Av40 &#8211; Gimnasia art\u00edstica y deportiva<\/p>\n<p>21hs &#8211;\u00a0 Barrio San Martin. \u201cCine bajo las estrellas\u201d-\u00a0 Cuentos de la Selva.<\/p>\n<p><strong>S\u00e1bado 21<\/strong><\/p>\n<p>18hs \u2013 Mart\u00edn Rodr\u00edguez \u2013 Torneo de Beach Voley<\/p>\n<p>21hs &#8211;\u00a0 Plaza San Luis \u201cM\u00fasica en las plazas\u201d<\/p>\n<p>Nahuel Fusco \/ Oscar Rosello\u00a0 &#8211; Actividades recreativas y Artesanos<\/p>\n<p><strong>Domingo 22<\/strong><\/p>\n<p>18hs \u2013 Mart\u00edn Rodr\u00edguez \u2013 Torneo de Beach Voley<\/p>\n<p>21hs &#8211;\u00a0 Canchita Barrio Unidad y Progreso\u00a0\u00a0 \u201cM\u00fasica en las plazas\u201d<\/p>\n<p>Mat\u00edas Navarro \u2013 Los del Pedregal \u2013 Sonido Show &#8211;\u00a0 Actividades recreativas<\/p>\n","protected":false},"excerpt":{"rendered":"<p>&nbsp; La primera semana de \u201cViv\u00ed Mercedes, verano 2017\u201d result\u00f3 todo un \u00e9xito en lo que es una extensa y &#8230; <a title=\"Arranc\u00f3 el \u201cViv\u00ed Mercedes, verano 2017\u201d con una semana de gran asistencia\" class=\"read-more\" href=\"https:\/\/www.hoymercedes.com.ar\/principal\/2017\/01\/15\/arranco-el-vivi-mercedes-verano-2017-con-una-semana-de-gran-asistencia\/\" aria-label=\"Leer m\u00e1s sobre Arranc\u00f3 el \u201cViv\u00ed Mercedes, verano 2017\u201d con una semana de gran asistencia\">Leer m\u00e1s<\/a><\/p>\n","protected":false},"author":1,"featured_media":58934,"comment_status":"closed","ping_status":"open","sticky":false,"template":"","format":"standard","meta":{"_monsterinsights_skip_tracking":false,"_monsterinsights_sitenote_active":false,"_monsterinsights_sitenote_note":"","_monsterinsights_sitenote_category":0,"jetpack_post_was_ever_published":false,"_jetpack_newsletter_access":"","_jetpack_dont_email_post_to_subs":false,"_jetpack_newsletter_tier_id":0,"_jetpack_memberships_contains_paywalled_content":false,"_jetpack_memberships_contains_paid_content":false,"footnotes":"","jetpack_publicize_message":"","jetpack_publicize_feature_enabled":true,"jetpack_social_post_already_shared":true,"jetpack_social_options":{"image_generator_settings":{"template":"highway","default_image_id":0,"font":"","enabled":false},"version":2},"_wpas_customize_per_network":false},"categories":[104],"tags":[10428,739,8589,10402,10403],"class_list":["post-58932","post","type-post","status-publish","format-standard","has-post-thumbnail","hentry","category-cultura","tag-ciudad-de-todos","tag-direccion-de-cultura","tag-lucia-capaccio","tag-verano-2017","tag-vivi-mercedes","generate-columns","tablet-grid-50","mobile-grid-100","grid-parent","grid-50"],"jetpack_publicize_connections":[],"jetpack_featured_media_url":"https:\/\/www.hoymercedes.com.ar\/principal\/wp-content\/uploads\/2017\/01\/ViviMercedesSJA_1818.jpg","wps_subtitle":"Exitosa propuesta","jetpack_sharing_enabled":true,"_links":{"self":[{"href":"https:\/\/www.hoymercedes.com.ar\/principal\/wp-json\/wp\/v2\/posts\/58932","targetHints":{"allow":["GET"]}}],"collection":[{"href":"https:\/\/www.hoymercedes.com.ar\/principal\/wp-json\/wp\/v2\/posts"}],"about":[{"href":"https:\/\/www.hoymercedes.com.ar\/principal\/wp-json\/wp\/v2\/types\/post"}],"author":[{"embeddable":true,"href":"https:\/\/www.hoymercedes.com.ar\/principal\/wp-json\/wp\/v2\/users\/1"}],"replies":[{"embeddable":true,"href":"https:\/\/www.hoymercedes.com.ar\/principal\/wp-json\/wp\/v2\/comments?post=58932"}],"version-history":[{"count":0,"href":"https:\/\/www.hoymercedes.com.ar\/principal\/wp-json\/wp\/v2\/posts\/58932\/revisions"}],"wp:featuredmedia":[{"embeddable":true,"href":"https:\/\/www.hoymercedes.com.ar\/principal\/wp-json\/wp\/v2\/media\/58934"}],"wp:attachment":[{"href":"https:\/\/www.hoymercedes.com.ar\/principal\/wp-json\/wp\/v2\/media?parent=58932"}],"wp:term":[{"taxonomy":"category","embeddable":true,"href":"https:\/\/www.hoymercedes.com.ar\/principal\/wp-json\/wp\/v2\/categories?post=58932"},{"taxonomy":"post_tag","embeddable":true,"href":"https:\/\/www.hoymercedes.com.ar\/principal\/wp-json\/wp\/v2\/tags?post=58932"}],"curies":[{"name":"wp","href":"https:\/\/api.w.org\/{rel}","templated":true}]}}