{"id":58944,"date":"2017-01-16T08:08:33","date_gmt":"2017-01-16T11:08:33","guid":{"rendered":"http:\/\/www.hoymercedes.com.ar\/principal\/?p=58944"},"modified":"2017-01-16T14:42:36","modified_gmt":"2017-01-16T17:42:36","slug":"avanza-investigacion-por-femicidio-de-sofia","status":"publish","type":"post","link":"https:\/\/www.hoymercedes.com.ar\/principal\/2017\/01\/16\/avanza-investigacion-por-femicidio-de-sofia\/","title":{"rendered":"Avanza investigaci\u00f3n por femicidio de Sof\u00eda"},"content":{"rendered":"<p>Durante la madrugada del s\u00e1bado se procedi\u00f3, desde la Polic\u00eda Comunal y por acci\u00f3n de la fiscal\u00eda interviniente, a la detenci\u00f3n de un masculino sobre el cual recaen sospechas de tener alg\u00fan v\u00ednculo con el tema.<\/p>\n<p>Sobre la cuesti\u00f3n durante el s\u00e1bado se volvi exeron a tomar declaraciones a testigos, se cruzaron pruebas, se evaluaron nuevas circunstancias y no se descartan m\u00e1s actuaciones desde \u00e9ste lunes.<\/p>\n<p>Extra oficialmente se coment\u00f3 que fue un avance importante el efectuado. El allanamiento y detenci\u00f3n, con secuestro de elementos, fue durante, como se dijo, la madrugada del s\u00e1bado.<\/p>\n","protected":false},"excerpt":{"rendered":"<p>Durante la madrugada del s\u00e1bado se procedi\u00f3, desde la Polic\u00eda Comunal y por acci\u00f3n de la fiscal\u00eda interviniente, a la &#8230; <a title=\"Avanza investigaci\u00f3n por femicidio de Sof\u00eda\" class=\"read-more\" href=\"https:\/\/www.hoymercedes.com.ar\/principal\/2017\/01\/16\/avanza-investigacion-por-femicidio-de-sofia\/\" aria-label=\"Leer m\u00e1s sobre Avanza investigaci\u00f3n por femicidio de Sof\u00eda\">Leer m\u00e1s<\/a><\/p>\n","protected":false},"author":1,"featured_media":58600,"comment_status":"closed","ping_status":"open","sticky":false,"template":"","format":"standard","meta":{"_monsterinsights_skip_tracking":false,"_monsterinsights_sitenote_active":false,"_monsterinsights_sitenote_note":"","_monsterinsights_sitenote_category":0,"jetpack_post_was_ever_published":false,"_jetpack_newsletter_access":"","_jetpack_dont_email_post_to_subs":false,"_jetpack_newsletter_tier_id":0,"_jetpack_memberships_contains_paywalled_content":false,"_jetpack_memberships_contains_paid_content":false,"footnotes":"","jetpack_publicize_message":"","jetpack_publicize_feature_enabled":true,"jetpack_social_post_already_shared":true,"jetpack_social_options":{"image_generator_settings":{"template":"highway","default_image_id":0,"font":"","enabled":false},"version":2},"_wpas_customize_per_network":false},"categories":[85],"tags":[10432,10435,96,10377],"class_list":["post-58944","post","type-post","status-publish","format-standard","has-post-thumbnail","hentry","category-policial","tag-asesinato-sofia","tag-femicidio","tag-policial-2","tag-sofia-santillan","generate-columns","tablet-grid-50","mobile-grid-100","grid-parent","grid-50"],"jetpack_publicize_connections":[],"jetpack_featured_media_url":"https:\/\/www.hoymercedes.com.ar\/principal\/wp-content\/uploads\/2016\/12\/30-justicia-sofia-10-copia.jpg","wps_subtitle":"Justicia y policia","jetpack_sharing_enabled":true,"_links":{"self":[{"href":"https:\/\/www.hoymercedes.com.ar\/principal\/wp-json\/wp\/v2\/posts\/58944","targetHints":{"allow":["GET"]}}],"collection":[{"href":"https:\/\/www.hoymercedes.com.ar\/principal\/wp-json\/wp\/v2\/posts"}],"about":[{"href":"https:\/\/www.hoymercedes.com.ar\/principal\/wp-json\/wp\/v2\/types\/post"}],"author":[{"embeddable":true,"href":"https:\/\/www.hoymercedes.com.ar\/principal\/wp-json\/wp\/v2\/users\/1"}],"replies":[{"embeddable":true,"href":"https:\/\/www.hoymercedes.com.ar\/principal\/wp-json\/wp\/v2\/comments?post=58944"}],"version-history":[{"count":0,"href":"https:\/\/www.hoymercedes.com.ar\/principal\/wp-json\/wp\/v2\/posts\/58944\/revisions"}],"wp:featuredmedia":[{"embeddable":true,"href":"https:\/\/www.hoymercedes.com.ar\/principal\/wp-json\/wp\/v2\/media\/58600"}],"wp:attachment":[{"href":"https:\/\/www.hoymercedes.com.ar\/principal\/wp-json\/wp\/v2\/media?parent=58944"}],"wp:term":[{"taxonomy":"category","embeddable":true,"href":"https:\/\/www.hoymercedes.com.ar\/principal\/wp-json\/wp\/v2\/categories?post=58944"},{"taxonomy":"post_tag","embeddable":true,"href":"https:\/\/www.hoymercedes.com.ar\/principal\/wp-json\/wp\/v2\/tags?post=58944"}],"curies":[{"name":"wp","href":"https:\/\/api.w.org\/{rel}","templated":true}]}}