{"id":58960,"date":"2017-01-16T17:08:39","date_gmt":"2017-01-16T20:08:39","guid":{"rendered":"http:\/\/www.hoymercedes.com.ar\/principal\/?p=58960"},"modified":"2017-01-16T15:14:45","modified_gmt":"2017-01-16T18:14:45","slug":"escuela-de-verano-en-la-unidad-no-5-mercedes","status":"publish","type":"post","link":"https:\/\/www.hoymercedes.com.ar\/principal\/2017\/01\/16\/escuela-de-verano-en-la-unidad-no-5-mercedes\/","title":{"rendered":"Escuela de Verano en la Unidad N\u00ba 5 Mercedes"},"content":{"rendered":"<p>El inicio del a\u00f1o permiti\u00f3 el comienzo del dictado de clases especiales en la\u00a0Escuela de Educaci\u00f3n Media N\u00ba 2 con sede en la Unidad Penitenciaria N\u00ba 5 de Mercedes. Hasta el 3 de febrero, las clases estar\u00e1n a cargo de la Profesora de Arte Laura Parras.<\/p>\n<p>Durante el receso de verano de los ciclos lectivos de las escuelas, se desarrolla este tipo de educaci\u00f3n, donde las actividades son diferentes al aprendizaje de los contenidos formales de cada a\u00f1o, y se pueden realizar a trav\u00e9s de otras t\u00e9cnicas y m\u00e1s l\u00fadicas diversas tareas, con el objetivo de que los alumnos contin\u00faen con h\u00e1bitos educativos.<\/p>\n<p><img loading=\"lazy\" decoding=\"async\" data-attachment-id=\"58961\" data-permalink=\"https:\/\/www.hoymercedes.com.ar\/principal\/2017\/01\/16\/escuela-de-verano-en-la-unidad-no-5-mercedes\/16-carcel-verano-1\/#main\" data-orig-file=\"https:\/\/www.hoymercedes.com.ar\/principal\/wp-content\/uploads\/2017\/01\/16-carcel-verano-1.jpg\" data-orig-size=\"630,354\" data-comments-opened=\"0\" data-image-meta=\"{&quot;aperture&quot;:&quot;0&quot;,&quot;credit&quot;:&quot;&quot;,&quot;camera&quot;:&quot;&quot;,&quot;caption&quot;:&quot;&quot;,&quot;created_timestamp&quot;:&quot;0&quot;,&quot;copyright&quot;:&quot;&quot;,&quot;focal_length&quot;:&quot;0&quot;,&quot;iso&quot;:&quot;0&quot;,&quot;shutter_speed&quot;:&quot;0&quot;,&quot;title&quot;:&quot;&quot;,&quot;orientation&quot;:&quot;0&quot;}\" data-image-title=\"16 carcel verano 1\" data-image-description=\"\" data-image-caption=\"\" data-large-file=\"https:\/\/www.hoymercedes.com.ar\/principal\/wp-content\/uploads\/2017\/01\/16-carcel-verano-1.jpg\" class=\"aligncenter size-medium wp-image-58961\" src=\"https:\/\/www.hoymercedes.com.ar\/principal\/wp-content\/uploads\/2017\/01\/16-carcel-verano-1-630x354.jpg\" alt=\"\" width=\"630\" height=\"354\" srcset=\"https:\/\/www.hoymercedes.com.ar\/principal\/wp-content\/uploads\/2017\/01\/16-carcel-verano-1.jpg 630w, https:\/\/www.hoymercedes.com.ar\/principal\/wp-content\/uploads\/2017\/01\/16-carcel-verano-1-150x84.jpg 150w\" sizes=\"auto, (max-width: 630px) 100vw, 630px\" \/><\/p>\n<p>El Director de la EEM N\u00ba 2, Sergio Den\u00e1pole, coment\u00f3 que los contenidos de los ciclos de secundaria adultos, como es la escuela que el dirige, no tiene ninguna materia que sea dedicada al arte pl\u00e1stica o a la m\u00fasica, por ellos vieron una muy buena oportunidad en incluir la Escuela de Verano que si lo tiene y as\u00ed llevar otros conocimientos a los internos.<\/p>\n<p><img loading=\"lazy\" decoding=\"async\" data-attachment-id=\"58962\" data-permalink=\"https:\/\/www.hoymercedes.com.ar\/principal\/2017\/01\/16\/escuela-de-verano-en-la-unidad-no-5-mercedes\/16-carcel-verano-2\/#main\" data-orig-file=\"https:\/\/www.hoymercedes.com.ar\/principal\/wp-content\/uploads\/2017\/01\/16-carcel-verano-2.jpg\" data-orig-size=\"630,354\" data-comments-opened=\"0\" data-image-meta=\"{&quot;aperture&quot;:&quot;0&quot;,&quot;credit&quot;:&quot;&quot;,&quot;camera&quot;:&quot;&quot;,&quot;caption&quot;:&quot;&quot;,&quot;created_timestamp&quot;:&quot;0&quot;,&quot;copyright&quot;:&quot;&quot;,&quot;focal_length&quot;:&quot;0&quot;,&quot;iso&quot;:&quot;0&quot;,&quot;shutter_speed&quot;:&quot;0&quot;,&quot;title&quot;:&quot;&quot;,&quot;orientation&quot;:&quot;0&quot;}\" data-image-title=\"16 carcel verano 2\" data-image-description=\"\" data-image-caption=\"\" data-large-file=\"https:\/\/www.hoymercedes.com.ar\/principal\/wp-content\/uploads\/2017\/01\/16-carcel-verano-2.jpg\" class=\"aligncenter size-medium wp-image-58962\" src=\"https:\/\/www.hoymercedes.com.ar\/principal\/wp-content\/uploads\/2017\/01\/16-carcel-verano-2-630x354.jpg\" alt=\"\" width=\"630\" height=\"354\" srcset=\"https:\/\/www.hoymercedes.com.ar\/principal\/wp-content\/uploads\/2017\/01\/16-carcel-verano-2.jpg 630w, https:\/\/www.hoymercedes.com.ar\/principal\/wp-content\/uploads\/2017\/01\/16-carcel-verano-2-150x84.jpg 150w\" sizes=\"auto, (max-width: 630px) 100vw, 630px\" \/><\/p>\n<p>Esta propuesta se encuentra dentro de la Educaci\u00f3n en Contextos de Encierro de la Ley de Educaci\u00f3n Nacional N\u00ba 26.206, por lo cual se implementa dicho programa en el que se ofrece a los alumnos privados de la libertad alternativas de educaci\u00f3n meramente art\u00edstico &#8211; recreativas.<\/p>\n<p>Fuente: Prensa Unidad 5<\/p>\n","protected":false},"excerpt":{"rendered":"<p>El inicio del a\u00f1o permiti\u00f3 el comienzo del dictado de clases especiales en la\u00a0Escuela de Educaci\u00f3n Media N\u00ba 2 con &#8230; <a title=\"Escuela de Verano en la Unidad N\u00ba 5 Mercedes\" class=\"read-more\" href=\"https:\/\/www.hoymercedes.com.ar\/principal\/2017\/01\/16\/escuela-de-verano-en-la-unidad-no-5-mercedes\/\" aria-label=\"Leer m\u00e1s sobre Escuela de Verano en la Unidad N\u00ba 5 Mercedes\">Leer m\u00e1s<\/a><\/p>\n","protected":false},"author":1,"featured_media":58962,"comment_status":"closed","ping_status":"open","sticky":false,"template":"","format":"standard","meta":{"_monsterinsights_skip_tracking":false,"_monsterinsights_sitenote_active":false,"_monsterinsights_sitenote_note":"","_monsterinsights_sitenote_category":0,"jetpack_post_was_ever_published":false,"_jetpack_newsletter_access":"","_jetpack_dont_email_post_to_subs":false,"_jetpack_newsletter_tier_id":0,"_jetpack_memberships_contains_paywalled_content":false,"_jetpack_memberships_contains_paid_content":false,"footnotes":"","jetpack_publicize_message":"","jetpack_publicize_feature_enabled":true,"jetpack_social_post_already_shared":true,"jetpack_social_options":{"image_generator_settings":{"template":"highway","default_image_id":0,"font":"","enabled":false},"version":2},"_wpas_customize_per_network":false},"categories":[23],"tags":[47,8454,113],"class_list":["post-58960","post","type-post","status-publish","format-standard","has-post-thumbnail","hentry","category-educacion","tag-educacion-2","tag-escuela-de-verano","tag-unidad-5","generate-columns","tablet-grid-50","mobile-grid-100","grid-parent","grid-50"],"jetpack_publicize_connections":[],"jetpack_featured_media_url":"https:\/\/www.hoymercedes.com.ar\/principal\/wp-content\/uploads\/2017\/01\/16-carcel-verano-2.jpg","wps_subtitle":"Estudiar en la c\u00e1rcel","jetpack_sharing_enabled":true,"_links":{"self":[{"href":"https:\/\/www.hoymercedes.com.ar\/principal\/wp-json\/wp\/v2\/posts\/58960","targetHints":{"allow":["GET"]}}],"collection":[{"href":"https:\/\/www.hoymercedes.com.ar\/principal\/wp-json\/wp\/v2\/posts"}],"about":[{"href":"https:\/\/www.hoymercedes.com.ar\/principal\/wp-json\/wp\/v2\/types\/post"}],"author":[{"embeddable":true,"href":"https:\/\/www.hoymercedes.com.ar\/principal\/wp-json\/wp\/v2\/users\/1"}],"replies":[{"embeddable":true,"href":"https:\/\/www.hoymercedes.com.ar\/principal\/wp-json\/wp\/v2\/comments?post=58960"}],"version-history":[{"count":0,"href":"https:\/\/www.hoymercedes.com.ar\/principal\/wp-json\/wp\/v2\/posts\/58960\/revisions"}],"wp:featuredmedia":[{"embeddable":true,"href":"https:\/\/www.hoymercedes.com.ar\/principal\/wp-json\/wp\/v2\/media\/58962"}],"wp:attachment":[{"href":"https:\/\/www.hoymercedes.com.ar\/principal\/wp-json\/wp\/v2\/media?parent=58960"}],"wp:term":[{"taxonomy":"category","embeddable":true,"href":"https:\/\/www.hoymercedes.com.ar\/principal\/wp-json\/wp\/v2\/categories?post=58960"},{"taxonomy":"post_tag","embeddable":true,"href":"https:\/\/www.hoymercedes.com.ar\/principal\/wp-json\/wp\/v2\/tags?post=58960"}],"curies":[{"name":"wp","href":"https:\/\/api.w.org\/{rel}","templated":true}]}}