{"id":58982,"date":"2017-01-17T12:33:23","date_gmt":"2017-01-17T15:33:23","guid":{"rendered":"http:\/\/www.hoymercedes.com.ar\/principal\/?p=58982"},"modified":"2017-01-17T13:17:51","modified_gmt":"2017-01-17T16:17:51","slug":"all-boys-intensifica-los-trabajos-en-su-predio","status":"publish","type":"post","link":"https:\/\/www.hoymercedes.com.ar\/principal\/2017\/01\/17\/all-boys-intensifica-los-trabajos-en-su-predio\/","title":{"rendered":"All Boys intensifica los trabajos en su predio"},"content":{"rendered":"<p><em><strong>All Boys sigue trabajando fuerte en la confecci\u00f3n del terreno que le fue otorgado por el estado Municipal en el semestre pasado. Omar Gonz\u00e1lez, uno de los referentes de la entidad en Mercedes, dijo a Hoy Mercedes que \u00abse est\u00e1 construyendo un pa\u00f1ol, una recepci\u00f3n y ba\u00f1os y vestuarios. La idea es construir dos canchas de f\u00fatbol once, una de baby f\u00fatbol y una de hockey sobre c\u00e9sped sint\u00e9tico\u00bb.<\/strong><\/em><\/p>\n<p><img loading=\"lazy\" decoding=\"async\" data-attachment-id=\"58983\" data-permalink=\"https:\/\/www.hoymercedes.com.ar\/principal\/2017\/01\/17\/all-boys-intensifica-los-trabajos-en-su-predio\/15943087_10211884089436778_1648794185_o\/#main\" data-orig-file=\"https:\/\/www.hoymercedes.com.ar\/principal\/wp-content\/uploads\/2017\/01\/15943087_10211884089436778_1648794185_o.jpg\" data-orig-size=\"1280,720\" data-comments-opened=\"0\" data-image-meta=\"{&quot;aperture&quot;:&quot;0&quot;,&quot;credit&quot;:&quot;&quot;,&quot;camera&quot;:&quot;&quot;,&quot;caption&quot;:&quot;&quot;,&quot;created_timestamp&quot;:&quot;0&quot;,&quot;copyright&quot;:&quot;&quot;,&quot;focal_length&quot;:&quot;0&quot;,&quot;iso&quot;:&quot;0&quot;,&quot;shutter_speed&quot;:&quot;0&quot;,&quot;title&quot;:&quot;&quot;,&quot;orientation&quot;:&quot;0&quot;}\" data-image-title=\"15943087_10211884089436778_1648794185_o\" data-image-description=\"\" data-image-caption=\"\" data-large-file=\"https:\/\/www.hoymercedes.com.ar\/principal\/wp-content\/uploads\/2017\/01\/15943087_10211884089436778_1648794185_o-1024x576.jpg\" class=\"aligncenter size-medium wp-image-58983\" src=\"https:\/\/www.hoymercedes.com.ar\/principal\/wp-content\/uploads\/2017\/01\/15943087_10211884089436778_1648794185_o-630x354.jpg\" alt=\"\" width=\"630\" height=\"354\" srcset=\"https:\/\/www.hoymercedes.com.ar\/principal\/wp-content\/uploads\/2017\/01\/15943087_10211884089436778_1648794185_o-630x354.jpg 630w, https:\/\/www.hoymercedes.com.ar\/principal\/wp-content\/uploads\/2017\/01\/15943087_10211884089436778_1648794185_o-150x84.jpg 150w, https:\/\/www.hoymercedes.com.ar\/principal\/wp-content\/uploads\/2017\/01\/15943087_10211884089436778_1648794185_o-1024x576.jpg 1024w, https:\/\/www.hoymercedes.com.ar\/principal\/wp-content\/uploads\/2017\/01\/15943087_10211884089436778_1648794185_o.jpg 1280w\" sizes=\"auto, (max-width: 630px) 100vw, 630px\" \/><\/p>\n<p>Por otra parte, Gonz\u00e1lez continu\u00f3 su relato diciendo que \u00abseguimos limpiando el terreno en la parte donde van a estar los quinchos, donde habr\u00e1 mesas, sillas, parrillas para que se pueda acercar la familia. Adem\u00e1s, ya tenemos luz y agua potable\u00bb.<\/p>\n<p><img loading=\"lazy\" decoding=\"async\" data-attachment-id=\"58984\" data-permalink=\"https:\/\/www.hoymercedes.com.ar\/principal\/2017\/01\/17\/all-boys-intensifica-los-trabajos-en-su-predio\/15943069_10211884088196747_308652289_o\/#main\" data-orig-file=\"https:\/\/www.hoymercedes.com.ar\/principal\/wp-content\/uploads\/2017\/01\/15943069_10211884088196747_308652289_o.jpg\" data-orig-size=\"1280,768\" data-comments-opened=\"0\" data-image-meta=\"{&quot;aperture&quot;:&quot;0&quot;,&quot;credit&quot;:&quot;&quot;,&quot;camera&quot;:&quot;&quot;,&quot;caption&quot;:&quot;&quot;,&quot;created_timestamp&quot;:&quot;0&quot;,&quot;copyright&quot;:&quot;&quot;,&quot;focal_length&quot;:&quot;0&quot;,&quot;iso&quot;:&quot;0&quot;,&quot;shutter_speed&quot;:&quot;0&quot;,&quot;title&quot;:&quot;&quot;,&quot;orientation&quot;:&quot;0&quot;}\" data-image-title=\"15943069_10211884088196747_308652289_o\" data-image-description=\"\" data-image-caption=\"\" data-large-file=\"https:\/\/www.hoymercedes.com.ar\/principal\/wp-content\/uploads\/2017\/01\/15943069_10211884088196747_308652289_o-1024x614.jpg\" class=\"aligncenter size-medium wp-image-58984\" src=\"https:\/\/www.hoymercedes.com.ar\/principal\/wp-content\/uploads\/2017\/01\/15943069_10211884088196747_308652289_o-630x378.jpg\" alt=\"\" width=\"630\" height=\"378\" srcset=\"https:\/\/www.hoymercedes.com.ar\/principal\/wp-content\/uploads\/2017\/01\/15943069_10211884088196747_308652289_o-630x378.jpg 630w, https:\/\/www.hoymercedes.com.ar\/principal\/wp-content\/uploads\/2017\/01\/15943069_10211884088196747_308652289_o-150x90.jpg 150w, https:\/\/www.hoymercedes.com.ar\/principal\/wp-content\/uploads\/2017\/01\/15943069_10211884088196747_308652289_o-1024x614.jpg 1024w, https:\/\/www.hoymercedes.com.ar\/principal\/wp-content\/uploads\/2017\/01\/15943069_10211884088196747_308652289_o.jpg 1280w\" sizes=\"auto, (max-width: 630px) 100vw, 630px\" \/><\/p>\n<p>Entre los trabajos que se hicieron, se alambr\u00f3 el predio con un total de 1400 metros cuadrados de postes y alambres con seis portones que fueron pintados de blanco y negro. \u00abTodos los materiales fueron comprados a comercios de Mercedes\u00bb, destac\u00f3 \u00abPelusa\u00bb Gonz\u00e1lez, que a\u00f1ora con que el plantel de Primera Divisi\u00f3n de All Boys trabaje en la Villa Ol\u00edmpica que se est\u00e1 construyendo.<\/p>\n<p><img loading=\"lazy\" decoding=\"async\" data-attachment-id=\"58985\" data-permalink=\"https:\/\/www.hoymercedes.com.ar\/principal\/2017\/01\/17\/all-boys-intensifica-los-trabajos-en-su-predio\/15967050_10211884092716860_1326848172_o\/#main\" data-orig-file=\"https:\/\/www.hoymercedes.com.ar\/principal\/wp-content\/uploads\/2017\/01\/15967050_10211884092716860_1326848172_o.jpg\" data-orig-size=\"581,1032\" data-comments-opened=\"0\" data-image-meta=\"{&quot;aperture&quot;:&quot;0&quot;,&quot;credit&quot;:&quot;&quot;,&quot;camera&quot;:&quot;&quot;,&quot;caption&quot;:&quot;&quot;,&quot;created_timestamp&quot;:&quot;0&quot;,&quot;copyright&quot;:&quot;&quot;,&quot;focal_length&quot;:&quot;0&quot;,&quot;iso&quot;:&quot;0&quot;,&quot;shutter_speed&quot;:&quot;0&quot;,&quot;title&quot;:&quot;&quot;,&quot;orientation&quot;:&quot;0&quot;}\" data-image-title=\"15967050_10211884092716860_1326848172_o\" data-image-description=\"\" data-image-caption=\"\" data-large-file=\"https:\/\/www.hoymercedes.com.ar\/principal\/wp-content\/uploads\/2017\/01\/15967050_10211884092716860_1326848172_o-576x1024.jpg\" class=\"aligncenter size-medium wp-image-58985\" src=\"https:\/\/www.hoymercedes.com.ar\/principal\/wp-content\/uploads\/2017\/01\/15967050_10211884092716860_1326848172_o-349x620.jpg\" alt=\"\" width=\"349\" height=\"620\" srcset=\"https:\/\/www.hoymercedes.com.ar\/principal\/wp-content\/uploads\/2017\/01\/15967050_10211884092716860_1326848172_o-349x620.jpg 349w, https:\/\/www.hoymercedes.com.ar\/principal\/wp-content\/uploads\/2017\/01\/15967050_10211884092716860_1326848172_o-84x150.jpg 84w, https:\/\/www.hoymercedes.com.ar\/principal\/wp-content\/uploads\/2017\/01\/15967050_10211884092716860_1326848172_o-576x1024.jpg 576w, https:\/\/www.hoymercedes.com.ar\/principal\/wp-content\/uploads\/2017\/01\/15967050_10211884092716860_1326848172_o.jpg 581w\" sizes=\"auto, (max-width: 349px) 100vw, 349px\" \/><\/p>\n","protected":false},"excerpt":{"rendered":"<p>All Boys sigue trabajando fuerte en la confecci\u00f3n del terreno que le fue otorgado por el estado Municipal en el &#8230; <a title=\"All Boys intensifica los trabajos en su predio\" class=\"read-more\" href=\"https:\/\/www.hoymercedes.com.ar\/principal\/2017\/01\/17\/all-boys-intensifica-los-trabajos-en-su-predio\/\" aria-label=\"Leer m\u00e1s sobre All Boys intensifica los trabajos en su predio\">Leer m\u00e1s<\/a><\/p>\n","protected":false},"author":1,"featured_media":58983,"comment_status":"closed","ping_status":"open","sticky":false,"template":"","format":"standard","meta":{"_monsterinsights_skip_tracking":false,"_monsterinsights_sitenote_active":false,"_monsterinsights_sitenote_note":"","_monsterinsights_sitenote_category":0,"jetpack_post_was_ever_published":false,"_jetpack_newsletter_access":"","_jetpack_dont_email_post_to_subs":false,"_jetpack_newsletter_tier_id":0,"_jetpack_memberships_contains_paywalled_content":false,"_jetpack_memberships_contains_paid_content":false,"footnotes":"","jetpack_publicize_message":"","jetpack_publicize_feature_enabled":true,"jetpack_social_post_already_shared":true,"jetpack_social_options":{"image_generator_settings":{"template":"highway","default_image_id":0,"font":"","enabled":false},"version":2},"_wpas_customize_per_network":false},"categories":[21],"tags":[2966,204,1003,10440],"class_list":["post-58982","post","type-post","status-publish","format-standard","has-post-thumbnail","hentry","category-deportes","tag-all-boys","tag-deportes-2","tag-futbol","tag-predio","generate-columns","tablet-grid-50","mobile-grid-100","grid-parent","grid-50"],"jetpack_publicize_connections":[],"jetpack_featured_media_url":"https:\/\/www.hoymercedes.com.ar\/principal\/wp-content\/uploads\/2017\/01\/15943087_10211884089436778_1648794185_o.jpg","wps_subtitle":"En el Parque Municipal","jetpack_sharing_enabled":true,"_links":{"self":[{"href":"https:\/\/www.hoymercedes.com.ar\/principal\/wp-json\/wp\/v2\/posts\/58982","targetHints":{"allow":["GET"]}}],"collection":[{"href":"https:\/\/www.hoymercedes.com.ar\/principal\/wp-json\/wp\/v2\/posts"}],"about":[{"href":"https:\/\/www.hoymercedes.com.ar\/principal\/wp-json\/wp\/v2\/types\/post"}],"author":[{"embeddable":true,"href":"https:\/\/www.hoymercedes.com.ar\/principal\/wp-json\/wp\/v2\/users\/1"}],"replies":[{"embeddable":true,"href":"https:\/\/www.hoymercedes.com.ar\/principal\/wp-json\/wp\/v2\/comments?post=58982"}],"version-history":[{"count":0,"href":"https:\/\/www.hoymercedes.com.ar\/principal\/wp-json\/wp\/v2\/posts\/58982\/revisions"}],"wp:featuredmedia":[{"embeddable":true,"href":"https:\/\/www.hoymercedes.com.ar\/principal\/wp-json\/wp\/v2\/media\/58983"}],"wp:attachment":[{"href":"https:\/\/www.hoymercedes.com.ar\/principal\/wp-json\/wp\/v2\/media?parent=58982"}],"wp:term":[{"taxonomy":"category","embeddable":true,"href":"https:\/\/www.hoymercedes.com.ar\/principal\/wp-json\/wp\/v2\/categories?post=58982"},{"taxonomy":"post_tag","embeddable":true,"href":"https:\/\/www.hoymercedes.com.ar\/principal\/wp-json\/wp\/v2\/tags?post=58982"}],"curies":[{"name":"wp","href":"https:\/\/api.w.org\/{rel}","templated":true}]}}