{"id":5899,"date":"2011-07-30T17:52:06","date_gmt":"2011-07-30T17:52:06","guid":{"rendered":"http:\/\/www.hoymercedes.com.ar\/principal\/?p=5899"},"modified":"2011-07-30T17:52:06","modified_gmt":"2011-07-30T17:52:06","slug":"torres-luz-roja-para-el-presupuesto-municipal","status":"publish","type":"post","link":"https:\/\/www.hoymercedes.com.ar\/principal\/2011\/07\/30\/torres-luz-roja-para-el-presupuesto-municipal\/","title":{"rendered":"Torres: \u00abLuz roja para el presupuesto municipal\u00bb"},"content":{"rendered":"<p>M\u00e1s del 80 por ciento se va en gastos de funcionamiento, y hay un escaso ingreso por recaudaci\u00f3n local, dice Juan Manuel Torres. Hay excesivos funcionarios pol\u00edticos e inequidades en los salarios: el intendente gana m\u00e1s de 20 veces el sueldo b\u00e1sico.<\/p>\n<p>El candidato por UDESO, Juan Manuel Torres critic\u00f3 que el oficialismo traslade al \u00e1mbito institucional del Concejo sus reyertas internas, propuso introducir cambios sustanciales en el presupuesto municipal y apoy\u00f3 la idea del presupuesto participativo.<\/p>\n<p><strong>&#8211; \u00bfCu\u00e1les son sus diferencias con el funcionamiento actual del Concejo Deliberante?<\/strong><\/p>\n<p>Es necesario trabajar para devolverle la jerarqu\u00eda que le corresponde. Es el \u00e1mbito donde se encuentran los representantes del pueblo y que en los \u00faltimos a\u00f1os ha sido sometido a una tarea de desgaste, promovida por el Ejecutivo a ra\u00edz de la atomizaci\u00f3n de su partido, primero, actuando como si el Concejo fuera su enemigo por los desencuentros que ten\u00eda con alg\u00fan concejal, descalificando al conjunto y trasladando inexorablemente al \u00e1mbito institucional sus reyertas internas. Luego, tras tantos desencuentros y zancadillas, los dos grupos oficialistas se juntaron, lo cual les da un n\u00famero suficiente para actuar arbitrariamente, y lo hacen.<\/p>\n<p><strong>&#8211; \u00bfQu\u00e9 aspectos modificar\u00eda de la actual estructura de gastos municipal?<\/strong><\/p>\n<p>Hay cosas en el Presupuesto que uno no alcanza a comprender desde una mirada elemental. Leyendo por estos d\u00edas el vigente, entre otras cosas advierto un excesivo n\u00famero de funcionarios pol\u00edticos; un escaso ingreso programado por recaudaci\u00f3n local, lo cual acent\u00faa la dependencia de la comuna con los organismos nacionales y provinciales. Eso no es gobernar. Debe existir una capacidad econ\u00f3mica propia que garantice autonom\u00eda en la planificaci\u00f3n que permita decidir en qu\u00e9, d\u00f3nde y c\u00f3mo se invierte. Cada vez se depende m\u00e1s de la coparticipaci\u00f3n provincial. M\u00e1s del 80 por ciento del presupuesto se va en gastos de funcionamiento, por lo cual queda muy poco para obras y seguimos avanzando en el atraso.<\/p>\n<p>Siempre hablando del presupuesto, entre algunas otras cosas que observ\u00e9 hay una que dir\u00eda me estremeci\u00f3. El sueldo b\u00e1sico del empleado municipal es de $1.262,70 (creo por debajo del nivel de pobreza), mientras que los ingresos que se han fijado a favor del Intendente Municipal, sumados los gastos de representaci\u00f3n, superan los $27.000 mensuales. Una manifestaci\u00f3n extrema de inequidad que no puedo dejar de criticar. Se dir\u00e1 la ley lo permite, pero \u00bfy la conciencia? Siempre quien ejerce el poder debe dar ejemplo. \u00bfAcaso la debida valoraci\u00f3n de uno respecto del otro en cuanto a ser humano, no deber\u00eda imponer cierto recato, cierta \u00e9tica? Eso por un lado, por el otro, la inveterada actitud del gobierno de retacear mejoras a los trabajadores. Mientras unos m\u00e1s suben, otros m\u00e1s abajo van quedando.<\/p>\n<p><strong>&#8211; Hace unos d\u00edas, un dirigente local propuso poner en pr\u00e1ctica el presupuesto participativo\u2026 \u00bfLo considera una herramienta \u00fatil?<\/strong><\/p>\n<p>S\u00ed, sin duda. Creo necesaria la intervenci\u00f3n de los representantes barriales en la discusi\u00f3n de un presupuesto, que les permitir\u00e1 pelear por fondos para el barrio. Pero al mismo tiempo hay que jerarquizar la tarea de las sociedades de fomento, estimulando su funcionamiento democr\u00e1tico con vistas al bien de cada barrio, sin interferencia alguna que se origine en intereses pol\u00edtico partidarios.<\/p>\n<p>Es, tambi\u00e9n, necesario el reconocimiento real de las organizaciones sindicales que representan los intereses de los trabajadores municipales. Hay que avanzar hacia el r\u00e9gimen de paritarias. Esa representaci\u00f3n debe contar con el derecho de discutir el presupuesto en los aspectos que le conciernen.<\/p>\n<p><span style=\"color: #888888;\">Fuente: UDESO<\/span><\/p>\n","protected":false},"excerpt":{"rendered":"<p>M\u00e1s del 80 por ciento se va en gastos de funcionamiento, y hay un escaso ingreso por recaudaci\u00f3n local, dice &#8230; <a title=\"Torres: \u00abLuz roja para el presupuesto municipal\u00bb\" class=\"read-more\" href=\"https:\/\/www.hoymercedes.com.ar\/principal\/2011\/07\/30\/torres-luz-roja-para-el-presupuesto-municipal\/\" aria-label=\"Leer m\u00e1s sobre Torres: \u00abLuz roja para el presupuesto municipal\u00bb\">Leer m\u00e1s<\/a><\/p>\n","protected":false},"author":1,"featured_media":0,"comment_status":"open","ping_status":"open","sticky":false,"template":"","format":"standard","meta":{"_monsterinsights_skip_tracking":false,"_monsterinsights_sitenote_active":false,"_monsterinsights_sitenote_note":"","_monsterinsights_sitenote_category":0,"jetpack_post_was_ever_published":false,"_jetpack_newsletter_access":"","_jetpack_dont_email_post_to_subs":false,"_jetpack_newsletter_tier_id":0,"_jetpack_memberships_contains_paywalled_content":false,"_jetpack_memberships_contains_paid_content":false,"footnotes":"","jetpack_publicize_message":"","jetpack_publicize_feature_enabled":true,"jetpack_social_post_already_shared":false,"jetpack_social_options":{"image_generator_settings":{"template":"highway","default_image_id":0,"font":"","enabled":false},"version":2},"_wpas_customize_per_network":false},"categories":[5],"tags":[391,1090],"class_list":["post-5899","post","type-post","status-publish","format-standard","hentry","category-politica","tag-juan-manuel-torres","tag-udeso","generate-columns","tablet-grid-50","mobile-grid-100","grid-parent","grid-50"],"jetpack_publicize_connections":[],"jetpack_featured_media_url":"","wps_subtitle":"","jetpack_sharing_enabled":true,"_links":{"self":[{"href":"https:\/\/www.hoymercedes.com.ar\/principal\/wp-json\/wp\/v2\/posts\/5899","targetHints":{"allow":["GET"]}}],"collection":[{"href":"https:\/\/www.hoymercedes.com.ar\/principal\/wp-json\/wp\/v2\/posts"}],"about":[{"href":"https:\/\/www.hoymercedes.com.ar\/principal\/wp-json\/wp\/v2\/types\/post"}],"author":[{"embeddable":true,"href":"https:\/\/www.hoymercedes.com.ar\/principal\/wp-json\/wp\/v2\/users\/1"}],"replies":[{"embeddable":true,"href":"https:\/\/www.hoymercedes.com.ar\/principal\/wp-json\/wp\/v2\/comments?post=5899"}],"version-history":[{"count":0,"href":"https:\/\/www.hoymercedes.com.ar\/principal\/wp-json\/wp\/v2\/posts\/5899\/revisions"}],"wp:attachment":[{"href":"https:\/\/www.hoymercedes.com.ar\/principal\/wp-json\/wp\/v2\/media?parent=5899"}],"wp:term":[{"taxonomy":"category","embeddable":true,"href":"https:\/\/www.hoymercedes.com.ar\/principal\/wp-json\/wp\/v2\/categories?post=5899"},{"taxonomy":"post_tag","embeddable":true,"href":"https:\/\/www.hoymercedes.com.ar\/principal\/wp-json\/wp\/v2\/tags?post=5899"}],"curies":[{"name":"wp","href":"https:\/\/api.w.org\/{rel}","templated":true}]}}