{"id":58992,"date":"2017-01-17T14:25:44","date_gmt":"2017-01-17T17:25:44","guid":{"rendered":"http:\/\/www.hoymercedes.com.ar\/principal\/?p=58992"},"modified":"2017-01-17T21:06:54","modified_gmt":"2017-01-18T00:06:54","slug":"encuentran-alacranes-en-la-ciudad-de-mercedes","status":"publish","type":"post","link":"https:\/\/www.hoymercedes.com.ar\/principal\/2017\/01\/17\/encuentran-alacranes-en-la-ciudad-de-mercedes\/","title":{"rendered":"Encuentran alacranes en la ciudad de Mercedes"},"content":{"rendered":"<p>Desde la Secretaria de Salud de la Municipalidad informaron que se\u00a0encontraron varios alacranes en domicilios particulares cercano a la \u00a0estaci\u00f3n de trenes y avenida 17.<\/p>\n<p>Ante estas denuncias, el Municipio\u00a0destaca\u00a0que los vecinos deben evitar tomar contacto con estos animales e informar inmediatamente en caso de hallar alguno al 147.<\/p>\n<p><img loading=\"lazy\" decoding=\"async\" data-attachment-id=\"58995\" data-permalink=\"https:\/\/www.hoymercedes.com.ar\/principal\/2017\/01\/17\/encuentran-alacranes-en-la-ciudad-de-mercedes\/17-alacran\/#main\" data-orig-file=\"https:\/\/www.hoymercedes.com.ar\/principal\/wp-content\/uploads\/2017\/01\/17-alacran.jpg\" data-orig-size=\"630,420\" data-comments-opened=\"0\" data-image-meta=\"{&quot;aperture&quot;:&quot;8&quot;,&quot;credit&quot;:&quot;&quot;,&quot;camera&quot;:&quot;NIKON D3100&quot;,&quot;caption&quot;:&quot;&quot;,&quot;created_timestamp&quot;:&quot;1484656406&quot;,&quot;copyright&quot;:&quot;&quot;,&quot;focal_length&quot;:&quot;48&quot;,&quot;iso&quot;:&quot;100&quot;,&quot;shutter_speed&quot;:&quot;0.016666666666667&quot;,&quot;title&quot;:&quot;&quot;,&quot;orientation&quot;:&quot;1&quot;}\" data-image-title=\"17 alacran\" data-image-description=\"\" data-image-caption=\"\" data-large-file=\"https:\/\/www.hoymercedes.com.ar\/principal\/wp-content\/uploads\/2017\/01\/17-alacran.jpg\" class=\"aligncenter size-medium wp-image-58995\" src=\"https:\/\/www.hoymercedes.com.ar\/principal\/wp-content\/uploads\/2017\/01\/17-alacran-630x420.jpg\" alt=\"\" width=\"630\" height=\"420\" srcset=\"https:\/\/www.hoymercedes.com.ar\/principal\/wp-content\/uploads\/2017\/01\/17-alacran.jpg 630w, https:\/\/www.hoymercedes.com.ar\/principal\/wp-content\/uploads\/2017\/01\/17-alacran-150x100.jpg 150w, https:\/\/www.hoymercedes.com.ar\/principal\/wp-content\/uploads\/2017\/01\/17-alacran-300x200.jpg 300w\" sizes=\"auto, (max-width: 630px) 100vw, 630px\" \/><\/p>\n<p>Asimismo, resalta que si bien no todos los alacranes son venenosos (s\u00ed lo son aquellos de\u00a0color ocre, marr\u00f3n claro, o amarillentos), en caso de que el animal pique a alg\u00fan vecino, debe evitarse realizar torniquetes, ni realizar succi\u00f3n del sitio de picadura.\u00a0Lo recomendable es aplicar hielo y concurrir al hospital de forma inmediata.<\/p>\n<p>Si es posible capturar la alima\u00f1a sin correr riesgos, colocarlo en un frasco y llevarlo junto al paciente.<\/p>\n<p>Estos insectos son de h\u00e1bitos nocturnos y est\u00e1n activos durante todo el a\u00f1o, aunque con menor intensidad en las \u00e9pocas m\u00e1s fr\u00edas. Durante el d\u00eda se ocultan debajo de piedras, troncos, etc. o en cuevas que ellos mismos excavan.<\/p>\n<p>Desde el departamento de Medio Ambiente, se reciben consultas y denuncias, y se realiza fumigaci\u00f3n domiciliaria seg\u00fan corresponda. En el caso de encontrar uno comunicarse las 24 horas al 147 o llamar al tel\u00e9fono \u00a0430355 (de lunes a viernes de 7 a 13 hs)<\/p>\n<p><img loading=\"lazy\" decoding=\"async\" data-attachment-id=\"58994\" data-permalink=\"https:\/\/www.hoymercedes.com.ar\/principal\/2017\/01\/17\/encuentran-alacranes-en-la-ciudad-de-mercedes\/17-folleto-alacran\/#main\" data-orig-file=\"https:\/\/www.hoymercedes.com.ar\/principal\/wp-content\/uploads\/2017\/01\/17-folleto-alacran.jpg\" data-orig-size=\"446,630\" data-comments-opened=\"0\" data-image-meta=\"{&quot;aperture&quot;:&quot;0&quot;,&quot;credit&quot;:&quot;&quot;,&quot;camera&quot;:&quot;&quot;,&quot;caption&quot;:&quot;&quot;,&quot;created_timestamp&quot;:&quot;0&quot;,&quot;copyright&quot;:&quot;&quot;,&quot;focal_length&quot;:&quot;0&quot;,&quot;iso&quot;:&quot;0&quot;,&quot;shutter_speed&quot;:&quot;0&quot;,&quot;title&quot;:&quot;&quot;,&quot;orientation&quot;:&quot;0&quot;}\" data-image-title=\"17 folleto alacran\" data-image-description=\"\" data-image-caption=\"\" data-large-file=\"https:\/\/www.hoymercedes.com.ar\/principal\/wp-content\/uploads\/2017\/01\/17-folleto-alacran.jpg\" class=\"aligncenter size-medium wp-image-58994\" src=\"https:\/\/www.hoymercedes.com.ar\/principal\/wp-content\/uploads\/2017\/01\/17-folleto-alacran-439x620.jpg\" alt=\"\" width=\"439\" height=\"620\" srcset=\"https:\/\/www.hoymercedes.com.ar\/principal\/wp-content\/uploads\/2017\/01\/17-folleto-alacran-439x620.jpg 439w, https:\/\/www.hoymercedes.com.ar\/principal\/wp-content\/uploads\/2017\/01\/17-folleto-alacran-106x150.jpg 106w, https:\/\/www.hoymercedes.com.ar\/principal\/wp-content\/uploads\/2017\/01\/17-folleto-alacran.jpg 446w\" sizes=\"auto, (max-width: 439px) 100vw, 439px\" \/><\/p>\n<p>&nbsp;<\/p>\n<p>Fuente: Prensa Municipal<\/p>\n","protected":false},"excerpt":{"rendered":"<p>Desde la Secretaria de Salud de la Municipalidad informaron que se\u00a0encontraron varios alacranes en domicilios particulares cercano a la \u00a0estaci\u00f3n &#8230; <a title=\"Encuentran alacranes en la ciudad de Mercedes\" class=\"read-more\" href=\"https:\/\/www.hoymercedes.com.ar\/principal\/2017\/01\/17\/encuentran-alacranes-en-la-ciudad-de-mercedes\/\" aria-label=\"Leer m\u00e1s sobre Encuentran alacranes en la ciudad de Mercedes\">Leer m\u00e1s<\/a><\/p>\n","protected":false},"author":1,"featured_media":58995,"comment_status":"closed","ping_status":"open","sticky":false,"template":"","format":"standard","meta":{"_monsterinsights_skip_tracking":false,"_monsterinsights_sitenote_active":false,"_monsterinsights_sitenote_note":"","_monsterinsights_sitenote_category":0,"jetpack_post_was_ever_published":false,"_jetpack_newsletter_access":"","_jetpack_dont_email_post_to_subs":false,"_jetpack_newsletter_tier_id":0,"_jetpack_memberships_contains_paywalled_content":false,"_jetpack_memberships_contains_paid_content":false,"footnotes":"","jetpack_publicize_message":"","jetpack_publicize_feature_enabled":true,"jetpack_social_post_already_shared":true,"jetpack_social_options":{"image_generator_settings":{"template":"highway","default_image_id":0,"font":"","enabled":false},"version":2},"_wpas_customize_per_network":false},"categories":[30,9791],"tags":[10446,4488,244,8756,134],"class_list":["post-58992","post","type-post","status-publish","format-standard","has-post-thumbnail","hentry","category-municipio","category-salud","tag-alacranes","tag-hallazgo","tag-municipio-2","tag-prevencion","tag-salud","generate-columns","tablet-grid-50","mobile-grid-100","grid-parent","grid-50"],"jetpack_publicize_connections":[],"jetpack_featured_media_url":"https:\/\/www.hoymercedes.com.ar\/principal\/wp-content\/uploads\/2017\/01\/17-alacran.jpg","wps_subtitle":"En varios domicilios","jetpack_sharing_enabled":true,"_links":{"self":[{"href":"https:\/\/www.hoymercedes.com.ar\/principal\/wp-json\/wp\/v2\/posts\/58992","targetHints":{"allow":["GET"]}}],"collection":[{"href":"https:\/\/www.hoymercedes.com.ar\/principal\/wp-json\/wp\/v2\/posts"}],"about":[{"href":"https:\/\/www.hoymercedes.com.ar\/principal\/wp-json\/wp\/v2\/types\/post"}],"author":[{"embeddable":true,"href":"https:\/\/www.hoymercedes.com.ar\/principal\/wp-json\/wp\/v2\/users\/1"}],"replies":[{"embeddable":true,"href":"https:\/\/www.hoymercedes.com.ar\/principal\/wp-json\/wp\/v2\/comments?post=58992"}],"version-history":[{"count":0,"href":"https:\/\/www.hoymercedes.com.ar\/principal\/wp-json\/wp\/v2\/posts\/58992\/revisions"}],"wp:featuredmedia":[{"embeddable":true,"href":"https:\/\/www.hoymercedes.com.ar\/principal\/wp-json\/wp\/v2\/media\/58995"}],"wp:attachment":[{"href":"https:\/\/www.hoymercedes.com.ar\/principal\/wp-json\/wp\/v2\/media?parent=58992"}],"wp:term":[{"taxonomy":"category","embeddable":true,"href":"https:\/\/www.hoymercedes.com.ar\/principal\/wp-json\/wp\/v2\/categories?post=58992"},{"taxonomy":"post_tag","embeddable":true,"href":"https:\/\/www.hoymercedes.com.ar\/principal\/wp-json\/wp\/v2\/tags?post=58992"}],"curies":[{"name":"wp","href":"https:\/\/api.w.org\/{rel}","templated":true}]}}