{"id":59021,"date":"2017-01-18T17:06:18","date_gmt":"2017-01-18T20:06:18","guid":{"rendered":"http:\/\/www.hoymercedes.com.ar\/principal\/?p=59021"},"modified":"2017-01-18T17:26:06","modified_gmt":"2017-01-18T20:26:06","slug":"minadevino-esperanzado-en-lo-que-viene-para-central-cordoba","status":"publish","type":"post","link":"https:\/\/www.hoymercedes.com.ar\/principal\/2017\/01\/18\/minadevino-esperanzado-en-lo-que-viene-para-central-cordoba\/","title":{"rendered":"Minadevino, esperanzado en lo que viene para Central C\u00f3rdoba"},"content":{"rendered":"<p><strong>Diario Panorama. <em>Central C\u00f3rdoba cerr\u00f3 una nueva semana de entrenamientos con la mente puesta en llegar de la mejor manera a la reanudaci\u00f3n de la Primera B Nacional. Mart\u00edn Minadevino, uno de los hombres m\u00e1s importantes del esquema ferroviario hizo un balance de lo trabajado, en di\u00e1logo con Noticiero 7.<\/em><\/strong><\/p>\n<p><img loading=\"lazy\" decoding=\"async\" data-attachment-id=\"59022\" data-permalink=\"https:\/\/www.hoymercedes.com.ar\/principal\/2017\/01\/18\/minadevino-esperanzado-en-lo-que-viene-para-central-cordoba\/captura-de-pantalla-2017-01-18-16-59-05\/#main\" data-orig-file=\"https:\/\/www.hoymercedes.com.ar\/principal\/wp-content\/uploads\/2017\/01\/Captura-de-pantalla-2017-01-18-16.59.05.png\" data-orig-size=\"1188,576\" data-comments-opened=\"0\" data-image-meta=\"{&quot;aperture&quot;:&quot;0&quot;,&quot;credit&quot;:&quot;&quot;,&quot;camera&quot;:&quot;&quot;,&quot;caption&quot;:&quot;&quot;,&quot;created_timestamp&quot;:&quot;0&quot;,&quot;copyright&quot;:&quot;&quot;,&quot;focal_length&quot;:&quot;0&quot;,&quot;iso&quot;:&quot;0&quot;,&quot;shutter_speed&quot;:&quot;0&quot;,&quot;title&quot;:&quot;&quot;,&quot;orientation&quot;:&quot;0&quot;}\" data-image-title=\"Captura de pantalla 2017-01-18 16.59.05\" data-image-description=\"\" data-image-caption=\"\" data-large-file=\"https:\/\/www.hoymercedes.com.ar\/principal\/wp-content\/uploads\/2017\/01\/Captura-de-pantalla-2017-01-18-16.59.05-1024x496.png\" class=\"aligncenter size-medium wp-image-59022\" src=\"https:\/\/www.hoymercedes.com.ar\/principal\/wp-content\/uploads\/2017\/01\/Captura-de-pantalla-2017-01-18-16.59.05-630x305.png\" alt=\"\" width=\"630\" height=\"305\" srcset=\"https:\/\/www.hoymercedes.com.ar\/principal\/wp-content\/uploads\/2017\/01\/Captura-de-pantalla-2017-01-18-16.59.05-630x305.png 630w, https:\/\/www.hoymercedes.com.ar\/principal\/wp-content\/uploads\/2017\/01\/Captura-de-pantalla-2017-01-18-16.59.05-150x73.png 150w, https:\/\/www.hoymercedes.com.ar\/principal\/wp-content\/uploads\/2017\/01\/Captura-de-pantalla-2017-01-18-16.59.05-1024x496.png 1024w, https:\/\/www.hoymercedes.com.ar\/principal\/wp-content\/uploads\/2017\/01\/Captura-de-pantalla-2017-01-18-16.59.05.png 1188w\" sizes=\"auto, (max-width: 630px) 100vw, 630px\" \/><\/p>\n<p>\u00abEste es un nuevo proceso; terminamos una semana en donde trabajamos intensamente en lo f\u00edsico y asimilando la idea que nos pide Gustavo (Coleoni). La aprovechamos bien. Esperemos que el desorden que hay en el f\u00fatbol se organice, as\u00ed todo inicia con los plazos normales\u00bb, cont\u00f3 Mina.<\/p>\n<p>En tanto, se refiri\u00f3 al amistoso del pr\u00f3ximo viernes ante San Mart\u00edn de Tucum\u00e1n. \u00abTodo tipo de prueba futbol\u00edstica nos sirve para aplicar los conceptos que nos pide el t\u00e9cnico, mas all\u00e1 de la dimensi\u00f3n del rival. Siempre es bueno a poner en pr\u00e1ctica lo que hace foco Gustavo\u00bb.<\/p>\n<p>Por otra parte, se refiri\u00f3 a la asimilaci\u00f3n del equipo respecto a la idea del DT. \u00abTuvimos suficientes sesiones de entrenamiento desde lo t\u00e1ctico como para empezar a ponerlas en pr\u00e1ctica con un 11 rival\u00bb.<\/p>\n<p>\u00abNos preparamos bien para esta etapa; esperemos que se inicie el torneo y nos encuentre en una buena forma, para mejorar la campa\u00f1a del semestre pasado\u00bb, concluy\u00f3.<\/p>\n<p><b>\u00abEstamos mentalizados en el primer partido\u00bb<\/b><\/p>\n<p>Silvio Iuval\u00e9, otro de los hombres experimentados del plantel de Central C\u00f3rdoba, hizo un balance de lo trabajado con Gustavo Coleoni como nuevo entrenador.<\/p>\n","protected":false},"excerpt":{"rendered":"<p>Diario Panorama. Central C\u00f3rdoba cerr\u00f3 una nueva semana de entrenamientos con la mente puesta en llegar de la mejor manera &#8230; <a title=\"Minadevino, esperanzado en lo que viene para Central C\u00f3rdoba\" class=\"read-more\" href=\"https:\/\/www.hoymercedes.com.ar\/principal\/2017\/01\/18\/minadevino-esperanzado-en-lo-que-viene-para-central-cordoba\/\" aria-label=\"Leer m\u00e1s sobre Minadevino, esperanzado en lo que viene para Central C\u00f3rdoba\">Leer m\u00e1s<\/a><\/p>\n","protected":false},"author":1,"featured_media":59022,"comment_status":"closed","ping_status":"open","sticky":false,"template":"","format":"standard","meta":{"_monsterinsights_skip_tracking":false,"_monsterinsights_sitenote_active":false,"_monsterinsights_sitenote_note":"","_monsterinsights_sitenote_category":0,"jetpack_post_was_ever_published":false,"_jetpack_newsletter_access":"","_jetpack_dont_email_post_to_subs":false,"_jetpack_newsletter_tier_id":0,"_jetpack_memberships_contains_paywalled_content":false,"_jetpack_memberships_contains_paid_content":false,"footnotes":"","jetpack_publicize_message":"","jetpack_publicize_feature_enabled":true,"jetpack_social_post_already_shared":true,"jetpack_social_options":{"image_generator_settings":{"template":"highway","default_image_id":0,"font":"","enabled":false},"version":2},"_wpas_customize_per_network":false},"categories":[21],"tags":[204,1003,9328],"class_list":["post-59021","post","type-post","status-publish","format-standard","has-post-thumbnail","hentry","category-deportes","tag-deportes-2","tag-futbol","tag-minadevino","generate-columns","tablet-grid-50","mobile-grid-100","grid-parent","grid-50"],"jetpack_publicize_connections":[],"jetpack_featured_media_url":"https:\/\/www.hoymercedes.com.ar\/principal\/wp-content\/uploads\/2017\/01\/Captura-de-pantalla-2017-01-18-16.59.05.png","wps_subtitle":"Nacional B","jetpack_sharing_enabled":true,"_links":{"self":[{"href":"https:\/\/www.hoymercedes.com.ar\/principal\/wp-json\/wp\/v2\/posts\/59021","targetHints":{"allow":["GET"]}}],"collection":[{"href":"https:\/\/www.hoymercedes.com.ar\/principal\/wp-json\/wp\/v2\/posts"}],"about":[{"href":"https:\/\/www.hoymercedes.com.ar\/principal\/wp-json\/wp\/v2\/types\/post"}],"author":[{"embeddable":true,"href":"https:\/\/www.hoymercedes.com.ar\/principal\/wp-json\/wp\/v2\/users\/1"}],"replies":[{"embeddable":true,"href":"https:\/\/www.hoymercedes.com.ar\/principal\/wp-json\/wp\/v2\/comments?post=59021"}],"version-history":[{"count":0,"href":"https:\/\/www.hoymercedes.com.ar\/principal\/wp-json\/wp\/v2\/posts\/59021\/revisions"}],"wp:featuredmedia":[{"embeddable":true,"href":"https:\/\/www.hoymercedes.com.ar\/principal\/wp-json\/wp\/v2\/media\/59022"}],"wp:attachment":[{"href":"https:\/\/www.hoymercedes.com.ar\/principal\/wp-json\/wp\/v2\/media?parent=59021"}],"wp:term":[{"taxonomy":"category","embeddable":true,"href":"https:\/\/www.hoymercedes.com.ar\/principal\/wp-json\/wp\/v2\/categories?post=59021"},{"taxonomy":"post_tag","embeddable":true,"href":"https:\/\/www.hoymercedes.com.ar\/principal\/wp-json\/wp\/v2\/tags?post=59021"}],"curies":[{"name":"wp","href":"https:\/\/api.w.org\/{rel}","templated":true}]}}