{"id":59037,"date":"2017-01-19T12:20:15","date_gmt":"2017-01-19T15:20:15","guid":{"rendered":"http:\/\/www.hoymercedes.com.ar\/principal\/?p=59037"},"modified":"2017-01-19T14:49:03","modified_gmt":"2017-01-19T17:49:03","slug":"estudiantes-es-un-grande-de-la-ciudad-y-hay-que-armar-un-equipo-acorde-a-su-historia","status":"publish","type":"post","link":"https:\/\/www.hoymercedes.com.ar\/principal\/2017\/01\/19\/estudiantes-es-un-grande-de-la-ciudad-y-hay-que-armar-un-equipo-acorde-a-su-historia\/","title":{"rendered":"\u00abEstudiantes es un grande de la ciudad y hay que armar un equipo acorde a su historia\u00bb"},"content":{"rendered":"<p><em><strong>Juan Ignacio Menendez, el DT campe\u00f3n de la temporada 2016 de la Liga Mercedina de F\u00fatbol, dialog\u00f3 con el programa El Pulso, que se emite de lunes a viernes de 10 a 12 por FM La Tribuna y coment\u00f3 su llegada a Estudiantes, luego de la desvinculaci\u00f3n con Quilmes: \u00abDespu\u00e9s de algunas charlas se pudo llegar a un arreglo para estar en el club. Me motiva mucho que hace diez a\u00f1os que Estudiantes no sale campe\u00f3n y en su \u00faltimo t\u00edtulo mi viejo era Presidente. Eso fue un poco lo que me llev\u00f3 a que tenga prioridad y por la gente que est\u00e1, porque Guillermo Vola y Marcelo Mansilla pr\u00e1cticamente me ense\u00f1aron a patear la pelota, est\u00e1 Juan Dagnino, con quien tengo una amistad fuera del f\u00fatbol, Carlos Dell\u00b4Oro, que s\u00e9 del empuje que le mete al Club, el \u00abPalet\u00f3n\u00bb Lossino, que fue siempre un ladero de mi pap\u00e1 en el club. Quer\u00eda cambiar de aire y venir a devolver un poco lo que el club le dio a uno en la formaci\u00f3n desde chico\u00bb.<\/strong><\/em><\/p>\n<p><img loading=\"lazy\" decoding=\"async\" data-attachment-id=\"59038\" data-permalink=\"https:\/\/www.hoymercedes.com.ar\/principal\/2017\/01\/19\/estudiantes-es-un-grande-de-la-ciudad-y-hay-que-armar-un-equipo-acorde-a-su-historia\/juan-ignacio-menendez\/#main\" data-orig-file=\"https:\/\/www.hoymercedes.com.ar\/principal\/wp-content\/uploads\/2017\/01\/Juan-Ignacio-Menendez.png\" data-orig-size=\"785,914\" data-comments-opened=\"0\" data-image-meta=\"{&quot;aperture&quot;:&quot;0&quot;,&quot;credit&quot;:&quot;&quot;,&quot;camera&quot;:&quot;&quot;,&quot;caption&quot;:&quot;&quot;,&quot;created_timestamp&quot;:&quot;0&quot;,&quot;copyright&quot;:&quot;&quot;,&quot;focal_length&quot;:&quot;0&quot;,&quot;iso&quot;:&quot;0&quot;,&quot;shutter_speed&quot;:&quot;0&quot;,&quot;title&quot;:&quot;&quot;,&quot;orientation&quot;:&quot;0&quot;}\" data-image-title=\"Juan Ignacio Menendez\" data-image-description=\"\" data-image-caption=\"\" data-large-file=\"https:\/\/www.hoymercedes.com.ar\/principal\/wp-content\/uploads\/2017\/01\/Juan-Ignacio-Menendez.png\" class=\"aligncenter size-medium wp-image-59038\" src=\"https:\/\/www.hoymercedes.com.ar\/principal\/wp-content\/uploads\/2017\/01\/Juan-Ignacio-Menendez-532x620.png\" alt=\"\" width=\"532\" height=\"620\" srcset=\"https:\/\/www.hoymercedes.com.ar\/principal\/wp-content\/uploads\/2017\/01\/Juan-Ignacio-Menendez-532x620.png 532w, https:\/\/www.hoymercedes.com.ar\/principal\/wp-content\/uploads\/2017\/01\/Juan-Ignacio-Menendez-129x150.png 129w, https:\/\/www.hoymercedes.com.ar\/principal\/wp-content\/uploads\/2017\/01\/Juan-Ignacio-Menendez.png 785w\" sizes=\"auto, (max-width: 532px) 100vw, 532px\" \/><\/p>\n<p>\u00abDel Cuerpo T\u00e9cnico me har\u00e1 ayudante de campo Manuel Gonz\u00e1lez, que si bien siempre estuvo ligado a Palometas, me ayud\u00f3 en el Federaci\u00f3n en Quilmes y ya jug\u00f3 en Estudiantes, entonces conoce el club. El Profe ser\u00e1 Juan Ignacio C\u00e1mpora, haciendo su primera incursi\u00f3n en el f\u00fatbol pero tiene mucho conocimiento y ganas, que es important\u00edsimo. Nos van a dar una mano Esteban Bisio con Esteban S\u00e1nchez, dos conocidos m\u00edos, j\u00f3venes, que van a brindar su ayuda y aporte para trabajar con ganas\u00bb, coment\u00f3.<\/p>\n<p>Adem\u00e1s, dijo que tendr\u00e1 \u00abtres categor\u00edas, la Quinta (2000 y 2001), la Reserva, que ser\u00e1 sub 23 con cinco mayores y la Primera Divisi\u00f3n. Empezaremos a entrenar el 1 de febrero, ser\u00e1n cuatro veces por semana durante todo el mes y en el a\u00f1o dos veces por semana. Estamos armando el equipo, queremos que sea respetable y vaya al frente, que es lo que quisimos inculcar en Quilmes y que tenga jugadores de jerarqu\u00eda. Estudiantes es un grande de la ciudad y hay que armar un equipo acorde a su historia. Estudiantes est\u00e1 dormido, tiene que despertar y \u00e9ste es el momento. Tenemos los refuerzos confirmados y todo el plantel que nos va a acompa\u00f1ar\u00bb.<\/p>\n<p>Respecto al armado del plantel, dijo que \u00abcharl\u00e9 con los referentes de Estudiantes. La idea es hacer una reuni\u00f3n previa a la pretemporada para comentarles lo que tenemos pensado y la idea de trabajo. Los refuerzos que vienen ya los conozco y ya saben c\u00f3mo trabajamos, la idea y el objetivo. Es una gran cantidad de jugadores la que se suma porque hay que reforzar Quinta, la Reserva tuvimos que salir a buscar Sub 23 y en Primera se va a ver un equipo interesante en los papeles y nombres\u00bb, y agreg\u00f3 que\u00a0\u00abtengo los refuerzos confirmados: Lucas Montero, Federico y Agust\u00edn Malano, Mat\u00edas Cassou, Javier Rosales, Nelson Denis, Jorge Montenegro, Deivi Gonz\u00e1lez, estamos hablando con Joaqu\u00edn Villa, Daniel Ort\u00edz, Godoy y Picone vuelven de sus pr\u00e9stamos en Mercedes, esperamos lo mismo de Calder\u00f3n que est\u00e1 en Comunicaciones. Lleg\u00f3 Giacovino y queremos que Federico Grosso y Maxi Lobos se vuelvan a poner la camiseta de Estudiantes, me gustar\u00eda contar con ellos. Estamos trabajando en sumar a dos jugadores m\u00e1s, un delantero y un mediocampista. Mauricio Parra tambi\u00e9n se suma al club\u00bb.<\/p>\n<p>\u00abEstudiantes tiene intenci\u00f3n en presentar una moci\u00f3n para extender la lista de mayores en Reserva a 30 jugadores. Igualmente lo hablaremos con otros clubes a ver qu\u00e9 opinan\u00bb, declar\u00f3.<\/p>\n<p>Por \u00faltimo, cerr\u00f3 diciendo: \u00abestamos entusiasmados, contentos, ahora estamos delineando la Reserva y nos quedan algunos jugadores de Quinta, como para tener todo listo para empezar el a\u00f1o. Vamos a hacer las cosas lo mejor posible, ojal\u00e1 todo sea acompa\u00f1ado de los resultados y podamos lograr el objetivo. La Liga va a estar muy competitiva porque los clubes que llegan le dan jerarqu\u00eda. Estudiantes tiene que estar arriba, es su obligaci\u00f3n porque as\u00ed lo marca la historia y porque va a significar que hicimos las cosas bien\u00bb.<\/p>\n","protected":false},"excerpt":{"rendered":"<p>Juan Ignacio Menendez, el DT campe\u00f3n de la temporada 2016 de la Liga Mercedina de F\u00fatbol, dialog\u00f3 con el programa &#8230; <a title=\"\u00abEstudiantes es un grande de la ciudad y hay que armar un equipo acorde a su historia\u00bb\" class=\"read-more\" href=\"https:\/\/www.hoymercedes.com.ar\/principal\/2017\/01\/19\/estudiantes-es-un-grande-de-la-ciudad-y-hay-que-armar-un-equipo-acorde-a-su-historia\/\" aria-label=\"Leer m\u00e1s sobre \u00abEstudiantes es un grande de la ciudad y hay que armar un equipo acorde a su historia\u00bb\">Leer m\u00e1s<\/a><\/p>\n","protected":false},"author":1,"featured_media":59038,"comment_status":"closed","ping_status":"open","sticky":false,"template":"","format":"standard","meta":{"_monsterinsights_skip_tracking":false,"_monsterinsights_sitenote_active":false,"_monsterinsights_sitenote_note":"","_monsterinsights_sitenote_category":0,"jetpack_post_was_ever_published":false,"_jetpack_newsletter_access":"","_jetpack_dont_email_post_to_subs":false,"_jetpack_newsletter_tier_id":0,"_jetpack_memberships_contains_paywalled_content":false,"_jetpack_memberships_contains_paid_content":false,"footnotes":"","jetpack_publicize_message":"","jetpack_publicize_feature_enabled":true,"jetpack_social_post_already_shared":true,"jetpack_social_options":{"image_generator_settings":{"template":"highway","default_image_id":0,"font":"","enabled":false},"version":2},"_wpas_customize_per_network":false},"categories":[21],"tags":[204,8989,1003,3554],"class_list":["post-59037","post","type-post","status-publish","format-standard","has-post-thumbnail","hentry","category-deportes","tag-deportes-2","tag-estudiante","tag-futbol","tag-juan-ignacio-menendez","generate-columns","tablet-grid-50","mobile-grid-100","grid-parent","grid-50"],"jetpack_publicize_connections":[],"jetpack_featured_media_url":"https:\/\/www.hoymercedes.com.ar\/principal\/wp-content\/uploads\/2017\/01\/Juan-Ignacio-Menendez.png","wps_subtitle":"Juan Ignacio Menendez","jetpack_sharing_enabled":true,"_links":{"self":[{"href":"https:\/\/www.hoymercedes.com.ar\/principal\/wp-json\/wp\/v2\/posts\/59037","targetHints":{"allow":["GET"]}}],"collection":[{"href":"https:\/\/www.hoymercedes.com.ar\/principal\/wp-json\/wp\/v2\/posts"}],"about":[{"href":"https:\/\/www.hoymercedes.com.ar\/principal\/wp-json\/wp\/v2\/types\/post"}],"author":[{"embeddable":true,"href":"https:\/\/www.hoymercedes.com.ar\/principal\/wp-json\/wp\/v2\/users\/1"}],"replies":[{"embeddable":true,"href":"https:\/\/www.hoymercedes.com.ar\/principal\/wp-json\/wp\/v2\/comments?post=59037"}],"version-history":[{"count":0,"href":"https:\/\/www.hoymercedes.com.ar\/principal\/wp-json\/wp\/v2\/posts\/59037\/revisions"}],"wp:featuredmedia":[{"embeddable":true,"href":"https:\/\/www.hoymercedes.com.ar\/principal\/wp-json\/wp\/v2\/media\/59038"}],"wp:attachment":[{"href":"https:\/\/www.hoymercedes.com.ar\/principal\/wp-json\/wp\/v2\/media?parent=59037"}],"wp:term":[{"taxonomy":"category","embeddable":true,"href":"https:\/\/www.hoymercedes.com.ar\/principal\/wp-json\/wp\/v2\/categories?post=59037"},{"taxonomy":"post_tag","embeddable":true,"href":"https:\/\/www.hoymercedes.com.ar\/principal\/wp-json\/wp\/v2\/tags?post=59037"}],"curies":[{"name":"wp","href":"https:\/\/api.w.org\/{rel}","templated":true}]}}