{"id":59069,"date":"2017-01-20T18:03:40","date_gmt":"2017-01-20T21:03:40","guid":{"rendered":"http:\/\/www.hoymercedes.com.ar\/principal\/?p=59069"},"modified":"2017-01-20T15:11:11","modified_gmt":"2017-01-20T18:11:11","slug":"walter-diaz-romero-diaz-y-biglia-van-a-potenciar-a-los-chicos","status":"publish","type":"post","link":"https:\/\/www.hoymercedes.com.ar\/principal\/2017\/01\/20\/walter-diaz-romero-diaz-y-biglia-van-a-potenciar-a-los-chicos\/","title":{"rendered":"Walter D\u00edaz: \u00abRomero, D\u00edaz y Biglia van a potenciar a los chicos\u00bb"},"content":{"rendered":"<p><em><strong>Walter D\u00edaz, entrenador de Club Mercedes, habl\u00f3 con el programa El Pulso, que se emite de lunes a viernes de 10 a 12 por FM La Tribuna y detall\u00f3 que \u00abestoy muy contento por la llegada al Club. El a\u00f1o pasado jugu\u00e9 el Federal y me trataron muy bien, muy buena gente, hay muchas ganas. Cuando apareci\u00f3 la posibilidad de hacerlo, uno, que quiere dirigir, me pareci\u00f3 una propuesta linda, lo analizamos, nos gusta, y ac\u00e1 estamos trabajando\u00bb.<\/strong><\/em><\/p>\n<p><img loading=\"lazy\" decoding=\"async\" data-attachment-id=\"59070\" data-permalink=\"https:\/\/www.hoymercedes.com.ar\/principal\/2017\/01\/20\/walter-diaz-romero-diaz-y-biglia-van-a-potenciar-a-los-chicos\/cena-blanquinegra\/#main\" data-orig-file=\"https:\/\/www.hoymercedes.com.ar\/principal\/wp-content\/uploads\/2017\/01\/Cena-Blanquinegra.jpg\" data-orig-size=\"502,350\" data-comments-opened=\"0\" data-image-meta=\"{&quot;aperture&quot;:&quot;0&quot;,&quot;credit&quot;:&quot;&quot;,&quot;camera&quot;:&quot;&quot;,&quot;caption&quot;:&quot;&quot;,&quot;created_timestamp&quot;:&quot;0&quot;,&quot;copyright&quot;:&quot;&quot;,&quot;focal_length&quot;:&quot;0&quot;,&quot;iso&quot;:&quot;0&quot;,&quot;shutter_speed&quot;:&quot;0&quot;,&quot;title&quot;:&quot;&quot;,&quot;orientation&quot;:&quot;0&quot;}\" data-image-title=\"Cena Blanquinegra\" data-image-description=\"\" data-image-caption=\"\" data-large-file=\"https:\/\/www.hoymercedes.com.ar\/principal\/wp-content\/uploads\/2017\/01\/Cena-Blanquinegra.jpg\" class=\"aligncenter size-full wp-image-59070\" src=\"https:\/\/www.hoymercedes.com.ar\/principal\/wp-content\/uploads\/2017\/01\/Cena-Blanquinegra.jpg\" alt=\"\" width=\"502\" height=\"350\" srcset=\"https:\/\/www.hoymercedes.com.ar\/principal\/wp-content\/uploads\/2017\/01\/Cena-Blanquinegra.jpg 502w, https:\/\/www.hoymercedes.com.ar\/principal\/wp-content\/uploads\/2017\/01\/Cena-Blanquinegra-150x105.jpg 150w\" sizes=\"auto, (max-width: 502px) 100vw, 502px\" \/><\/p>\n<p>Sobre el partido de ma\u00f1ana ante Flandria, dijo que \u00abvamos a jugar uno de los primeros amistosos como t\u00e9cnico, contra el club donde nac\u00ed y del cual soy hincha. Estamos viendo sistemas, viendo como responden los chicos a las cosas, a las posiciones en la cancha, buscando tener un buen campeonato\u00bb. El partido ser\u00e1 en cancha de la Liga Mercedina, desde las 9 y media de la ma\u00f1ana y \u00abser\u00e1 una hora con un equipo y otra hora con otro equipo. La semana que viene vamos a jugar dos amistosos m\u00e1s y despu\u00e9s empezamos el campeonato\u00bb.<\/p>\n<p>Respecto al plantel, dijo que \u00abestoy muy contento con la llegada de Rulo Romero, Rom\u00e1n D\u00edaz y Cristian Biglia. Son jugadores con experiencia, que estuvieron en planteles profesionales y va a potenciar a los chicos y les va a dar esa calidad que a veces cuesta encontrar en posiciones y armado del equipo, en tener un orden. Con el laburo que venimos haciendo estamos muy contentos, nos quedan 15 d\u00edas para el inicio del campeonato y tenemos que seguir trabajando\u00bb.<\/p>\n<p>Tambi\u00e9n detall\u00f3 que \u00abC\u00e1ceres creo que no va a venir. Olmedo puede ser. El \u00fanico tema es la fecha de la Copa Argentina, que ahora fue suspendida. Si no hay fecha y el campeonato termina antes de la Copa, es muy posible que Olmedo est\u00e9 con nosotros, yo habl\u00e9 con \u00e9l y me dijo que no hay problema, pero depende de eso\u00bb.<\/p>\n<p>Adem\u00e1s, sigue pensando en el armado del plantel: \u00abQueremos buscar otro arquero, Caputo est\u00e1 a la altura de las circunstancias, pero queremos alguien con m\u00e1s experiencia, adem\u00e1s, queremos tener tres arqueros y estamos en b\u00fasqueda de eso. En estos d\u00edas algo puede llegar, ojal\u00e1 llegue r\u00e1pido para que est\u00e9 estos 15 d\u00edas con nosotros\u00bb.<\/p>\n<p>&nbsp;<\/p>\n<p><strong>Cena Blanquinegra<\/strong><\/p>\n<p>El Club Mercedes organiz\u00f3 una cena para poder afrontar los gastos que conlleva jugar este costoso Federal C. La misma ser\u00e1 el Jueves 26 de enero a las 21.30 en el Gran Hotel Mercedes. El costo de la tarjeta ser\u00e1 $500.<\/p>\n","protected":false},"excerpt":{"rendered":"<p>Walter D\u00edaz, entrenador de Club Mercedes, habl\u00f3 con el programa El Pulso, que se emite de lunes a viernes de &#8230; <a title=\"Walter D\u00edaz: \u00abRomero, D\u00edaz y Biglia van a potenciar a los chicos\u00bb\" class=\"read-more\" href=\"https:\/\/www.hoymercedes.com.ar\/principal\/2017\/01\/20\/walter-diaz-romero-diaz-y-biglia-van-a-potenciar-a-los-chicos\/\" aria-label=\"Leer m\u00e1s sobre Walter D\u00edaz: \u00abRomero, D\u00edaz y Biglia van a potenciar a los chicos\u00bb\">Leer m\u00e1s<\/a><\/p>\n","protected":false},"author":1,"featured_media":59070,"comment_status":"closed","ping_status":"open","sticky":false,"template":"","format":"standard","meta":{"_monsterinsights_skip_tracking":false,"_monsterinsights_sitenote_active":false,"_monsterinsights_sitenote_note":"","_monsterinsights_sitenote_category":0,"jetpack_post_was_ever_published":false,"_jetpack_newsletter_access":"","_jetpack_dont_email_post_to_subs":false,"_jetpack_newsletter_tier_id":0,"_jetpack_memberships_contains_paywalled_content":false,"_jetpack_memberships_contains_paid_content":false,"footnotes":"","jetpack_publicize_message":"","jetpack_publicize_feature_enabled":true,"jetpack_social_post_already_shared":true,"jetpack_social_options":{"image_generator_settings":{"template":"highway","default_image_id":0,"font":"","enabled":false},"version":2},"_wpas_customize_per_network":false},"categories":[21],"tags":[204,1003,10464],"class_list":["post-59069","post","type-post","status-publish","format-standard","has-post-thumbnail","hentry","category-deportes","tag-deportes-2","tag-futbol","tag-walter-diaz","generate-columns","tablet-grid-50","mobile-grid-100","grid-parent","grid-50"],"jetpack_publicize_connections":[],"jetpack_featured_media_url":"https:\/\/www.hoymercedes.com.ar\/principal\/wp-content\/uploads\/2017\/01\/Cena-Blanquinegra.jpg","wps_subtitle":"Club Mercedes","jetpack_sharing_enabled":true,"_links":{"self":[{"href":"https:\/\/www.hoymercedes.com.ar\/principal\/wp-json\/wp\/v2\/posts\/59069","targetHints":{"allow":["GET"]}}],"collection":[{"href":"https:\/\/www.hoymercedes.com.ar\/principal\/wp-json\/wp\/v2\/posts"}],"about":[{"href":"https:\/\/www.hoymercedes.com.ar\/principal\/wp-json\/wp\/v2\/types\/post"}],"author":[{"embeddable":true,"href":"https:\/\/www.hoymercedes.com.ar\/principal\/wp-json\/wp\/v2\/users\/1"}],"replies":[{"embeddable":true,"href":"https:\/\/www.hoymercedes.com.ar\/principal\/wp-json\/wp\/v2\/comments?post=59069"}],"version-history":[{"count":0,"href":"https:\/\/www.hoymercedes.com.ar\/principal\/wp-json\/wp\/v2\/posts\/59069\/revisions"}],"wp:featuredmedia":[{"embeddable":true,"href":"https:\/\/www.hoymercedes.com.ar\/principal\/wp-json\/wp\/v2\/media\/59070"}],"wp:attachment":[{"href":"https:\/\/www.hoymercedes.com.ar\/principal\/wp-json\/wp\/v2\/media?parent=59069"}],"wp:term":[{"taxonomy":"category","embeddable":true,"href":"https:\/\/www.hoymercedes.com.ar\/principal\/wp-json\/wp\/v2\/categories?post=59069"},{"taxonomy":"post_tag","embeddable":true,"href":"https:\/\/www.hoymercedes.com.ar\/principal\/wp-json\/wp\/v2\/tags?post=59069"}],"curies":[{"name":"wp","href":"https:\/\/api.w.org\/{rel}","templated":true}]}}