{"id":59073,"date":"2017-01-20T14:58:21","date_gmt":"2017-01-20T17:58:21","guid":{"rendered":"http:\/\/www.hoymercedes.com.ar\/principal\/?p=59073"},"modified":"2017-01-20T15:10:44","modified_gmt":"2017-01-20T18:10:44","slug":"sergio-gomez-da-mucha-pena-lo-que-pasa-en-afa","status":"publish","type":"post","link":"https:\/\/www.hoymercedes.com.ar\/principal\/2017\/01\/20\/sergio-gomez-da-mucha-pena-lo-que-pasa-en-afa\/","title":{"rendered":"Sergio G\u00f3mez: \u00abDa mucha pena lo que pasa en AFA\u00bb"},"content":{"rendered":"<p><strong><em>Sergio G\u00f3mez, uno de los entrenadores de Flandria coment\u00f3 que el Canario tuvo \u00abuna pretemporada muy buena. Club Mercedes nos prest\u00f3 las instalaciones y nos atendieron muy bien. Esperamos el partido de ma\u00f1ana para hacer un poco de f\u00fatbol, es una buena iniciativa que sea abierto para el p\u00fablico, ya que la gente tiene ganas de ver f\u00fatbol y est\u00e1 complicado. El lunes vamos a continuar en nuestra cancha con los amistosos que vienen. El martes jugamos contra Juventud Unida, el viernes con Estudiantes BA, el 1 de febrero con Arsenal y el 4 con Mor\u00f3n, que son los cinco amistosos estipulados hasta el momento. Si el torneo no empieza, armaremos otro\u00bb.<\/em><\/strong><\/p>\n<p><img loading=\"lazy\" decoding=\"async\" data-attachment-id=\"59080\" data-permalink=\"https:\/\/www.hoymercedes.com.ar\/principal\/2017\/01\/20\/sergio-gomez-da-mucha-pena-lo-que-pasa-en-afa\/sergio-gomez-2\/#main\" data-orig-file=\"https:\/\/www.hoymercedes.com.ar\/principal\/wp-content\/uploads\/2017\/01\/Sergio-Gomez-2.jpg\" data-orig-size=\"960,640\" data-comments-opened=\"0\" data-image-meta=\"{&quot;aperture&quot;:&quot;0&quot;,&quot;credit&quot;:&quot;&quot;,&quot;camera&quot;:&quot;&quot;,&quot;caption&quot;:&quot;&quot;,&quot;created_timestamp&quot;:&quot;0&quot;,&quot;copyright&quot;:&quot;&quot;,&quot;focal_length&quot;:&quot;0&quot;,&quot;iso&quot;:&quot;0&quot;,&quot;shutter_speed&quot;:&quot;0&quot;,&quot;title&quot;:&quot;&quot;,&quot;orientation&quot;:&quot;0&quot;}\" data-image-title=\"Sergio Gomez 2\" data-image-description=\"\" data-image-caption=\"\" data-large-file=\"https:\/\/www.hoymercedes.com.ar\/principal\/wp-content\/uploads\/2017\/01\/Sergio-Gomez-2.jpg\" class=\"aligncenter size-medium wp-image-59080\" src=\"https:\/\/www.hoymercedes.com.ar\/principal\/wp-content\/uploads\/2017\/01\/Sergio-Gomez-2-630x420.jpg\" alt=\"\" width=\"630\" height=\"420\" srcset=\"https:\/\/www.hoymercedes.com.ar\/principal\/wp-content\/uploads\/2017\/01\/Sergio-Gomez-2-630x420.jpg 630w, https:\/\/www.hoymercedes.com.ar\/principal\/wp-content\/uploads\/2017\/01\/Sergio-Gomez-2-150x100.jpg 150w, https:\/\/www.hoymercedes.com.ar\/principal\/wp-content\/uploads\/2017\/01\/Sergio-Gomez-2-300x200.jpg 300w, https:\/\/www.hoymercedes.com.ar\/principal\/wp-content\/uploads\/2017\/01\/Sergio-Gomez-2.jpg 960w\" sizes=\"auto, (max-width: 630px) 100vw, 630px\" \/><\/p>\n<p>En el programa El Pulso, que se emite de lunes a viernes de 10 a 12 por FM La Tribuna, detall\u00f3 que \u00abfue una pretemporada muy dura, a la altura de las circunstancias de lo que vamos a competir. Estamos muy contentos con el cuerpo t\u00e9cnico que tenemos, con el profe Somma y Marcos Ramponi\u00bb.<\/p>\n<p>En cuanto a los refuerzos, destac\u00f3 que \u00abayer lleg\u00f3 Franco Costa, que se lo ve muy bien, la semana pasada Sebasti\u00e1n Matos y por suerte volvi\u00f3 Mario Muss\u00f3n, que tendr\u00e1 que ir reponi\u00e9ndose de a poco. Ojal\u00e1 que puedan hacer lo mejor posible para que Flandria se quede en la B Nacional, que es lo que todos queremos\u00bb.<\/p>\n<p>Sobre el otro refuerzo, dijo que \u00ab(Sebasti\u00e1n) Matos tiene experiencia y jerarqu\u00eda, parece que ya se est\u00e1 adaptando r\u00e1pido a lo que queremos nosotros y eso es muy importante. Ya ocupamos los dos cupos disponibles. Hay otra posibilidad que sea por falta de pago, pero no hay nada que nos haya llamado la atenci\u00f3n\u00bb.<\/p>\n<p>Y no obvi\u00f3 el problema que se vive en el f\u00fatbol argentino: \u00abDa mucha pena lo que pasa en AFA. Clubes del ascenso como nosotros necesitamos que los pagos se cumplan como prometi\u00f3 AFA y el Gobierno. Espero que se pueda arreglar todo para que haya f\u00fatbol, que es lo que moviliza a nuestro pa\u00eds\u00bb.<\/p>\n<p>El Canario arranca el a\u00f1o en el \u00faltimo puesto de la tabla del promedio y de posiciones y sobre esto coment\u00f3 que \u00abno merecimos perder muchos de los partidos que perdimos. Pero la pelota no entr\u00f3, nadie gana con merecimientos. Les jugamos de igual a igual a todos. Necesitamos una racha positiva que nos ayude a salir de la \u00faltima posici\u00f3n de la tabla de los promedios. De visitante se nos abren m\u00e1s los espacios porque nos salen a matar y cuando somos locales es m\u00e1s trabado el partido\u00bb.<\/p>\n","protected":false},"excerpt":{"rendered":"<p>Sergio G\u00f3mez, uno de los entrenadores de Flandria coment\u00f3 que el Canario tuvo \u00abuna pretemporada muy buena. Club Mercedes nos &#8230; <a title=\"Sergio G\u00f3mez: \u00abDa mucha pena lo que pasa en AFA\u00bb\" class=\"read-more\" href=\"https:\/\/www.hoymercedes.com.ar\/principal\/2017\/01\/20\/sergio-gomez-da-mucha-pena-lo-que-pasa-en-afa\/\" aria-label=\"Leer m\u00e1s sobre Sergio G\u00f3mez: \u00abDa mucha pena lo que pasa en AFA\u00bb\">Leer m\u00e1s<\/a><\/p>\n","protected":false},"author":1,"featured_media":59080,"comment_status":"closed","ping_status":"open","sticky":false,"template":"","format":"standard","meta":{"_monsterinsights_skip_tracking":false,"_monsterinsights_sitenote_active":false,"_monsterinsights_sitenote_note":"","_monsterinsights_sitenote_category":0,"jetpack_post_was_ever_published":false,"_jetpack_newsletter_access":"","_jetpack_dont_email_post_to_subs":false,"_jetpack_newsletter_tier_id":0,"_jetpack_memberships_contains_paywalled_content":false,"_jetpack_memberships_contains_paid_content":false,"footnotes":"","jetpack_publicize_message":"","jetpack_publicize_feature_enabled":true,"jetpack_social_post_already_shared":true,"jetpack_social_options":{"image_generator_settings":{"template":"highway","default_image_id":0,"font":"","enabled":false},"version":2},"_wpas_customize_per_network":false},"categories":[21],"tags":[5371,204,1003,10463],"class_list":["post-59073","post","type-post","status-publish","format-standard","has-post-thumbnail","hentry","category-deportes","tag-afa","tag-deportes-2","tag-futbol","tag-sergio-gomez","generate-columns","tablet-grid-50","mobile-grid-100","grid-parent","grid-50"],"jetpack_publicize_connections":[],"jetpack_featured_media_url":"https:\/\/www.hoymercedes.com.ar\/principal\/wp-content\/uploads\/2017\/01\/Sergio-Gomez-2.jpg","wps_subtitle":"Nacional B","jetpack_sharing_enabled":true,"_links":{"self":[{"href":"https:\/\/www.hoymercedes.com.ar\/principal\/wp-json\/wp\/v2\/posts\/59073","targetHints":{"allow":["GET"]}}],"collection":[{"href":"https:\/\/www.hoymercedes.com.ar\/principal\/wp-json\/wp\/v2\/posts"}],"about":[{"href":"https:\/\/www.hoymercedes.com.ar\/principal\/wp-json\/wp\/v2\/types\/post"}],"author":[{"embeddable":true,"href":"https:\/\/www.hoymercedes.com.ar\/principal\/wp-json\/wp\/v2\/users\/1"}],"replies":[{"embeddable":true,"href":"https:\/\/www.hoymercedes.com.ar\/principal\/wp-json\/wp\/v2\/comments?post=59073"}],"version-history":[{"count":0,"href":"https:\/\/www.hoymercedes.com.ar\/principal\/wp-json\/wp\/v2\/posts\/59073\/revisions"}],"wp:featuredmedia":[{"embeddable":true,"href":"https:\/\/www.hoymercedes.com.ar\/principal\/wp-json\/wp\/v2\/media\/59080"}],"wp:attachment":[{"href":"https:\/\/www.hoymercedes.com.ar\/principal\/wp-json\/wp\/v2\/media?parent=59073"}],"wp:term":[{"taxonomy":"category","embeddable":true,"href":"https:\/\/www.hoymercedes.com.ar\/principal\/wp-json\/wp\/v2\/categories?post=59073"},{"taxonomy":"post_tag","embeddable":true,"href":"https:\/\/www.hoymercedes.com.ar\/principal\/wp-json\/wp\/v2\/tags?post=59073"}],"curies":[{"name":"wp","href":"https:\/\/api.w.org\/{rel}","templated":true}]}}