{"id":59086,"date":"2017-01-21T12:14:17","date_gmt":"2017-01-21T15:14:17","guid":{"rendered":"http:\/\/www.hoymercedes.com.ar\/principal\/?p=59086"},"modified":"2017-01-21T11:22:42","modified_gmt":"2017-01-21T14:22:42","slug":"trocha-sigue-sumando-refuerzos-y-amistosos","status":"publish","type":"post","link":"https:\/\/www.hoymercedes.com.ar\/principal\/2017\/01\/21\/trocha-sigue-sumando-refuerzos-y-amistosos\/","title":{"rendered":"Trocha sigue sumando refuerzos y amistosos"},"content":{"rendered":"<p><strong>Foto: Web Camioneros.<\/strong><em><strong> La \u00abCarbonilla\u00bb sigue con su puesta a punto de cara al inicio del primer Regional de su historia y este fin de semana se encuentra en Mercedes para continuar la pretemporada en el predio del Ex Instituto Mart\u00edn Rodr\u00edguez en la que jugar\u00e1 un amistoso ante un equipo de Chivilcoy.<\/strong><\/em><\/p>\n<p><img loading=\"lazy\" decoding=\"async\" data-attachment-id=\"59087\" data-permalink=\"https:\/\/www.hoymercedes.com.ar\/principal\/2017\/01\/21\/trocha-sigue-sumando-refuerzos-y-amistosos\/trocha-camioneros\/#main\" data-orig-file=\"https:\/\/www.hoymercedes.com.ar\/principal\/wp-content\/uploads\/2017\/01\/Trocha-camioneros.jpg\" data-orig-size=\"400,225\" data-comments-opened=\"0\" data-image-meta=\"{&quot;aperture&quot;:&quot;0&quot;,&quot;credit&quot;:&quot;&quot;,&quot;camera&quot;:&quot;&quot;,&quot;caption&quot;:&quot;&quot;,&quot;created_timestamp&quot;:&quot;0&quot;,&quot;copyright&quot;:&quot;&quot;,&quot;focal_length&quot;:&quot;0&quot;,&quot;iso&quot;:&quot;0&quot;,&quot;shutter_speed&quot;:&quot;0&quot;,&quot;title&quot;:&quot;&quot;,&quot;orientation&quot;:&quot;0&quot;}\" data-image-title=\"Trocha camioneros\" data-image-description=\"\" data-image-caption=\"\" data-large-file=\"https:\/\/www.hoymercedes.com.ar\/principal\/wp-content\/uploads\/2017\/01\/Trocha-camioneros.jpg\" class=\"aligncenter size-full wp-image-59087\" src=\"https:\/\/www.hoymercedes.com.ar\/principal\/wp-content\/uploads\/2017\/01\/Trocha-camioneros.jpg\" alt=\"\" width=\"400\" height=\"225\" srcset=\"https:\/\/www.hoymercedes.com.ar\/principal\/wp-content\/uploads\/2017\/01\/Trocha-camioneros.jpg 400w, https:\/\/www.hoymercedes.com.ar\/principal\/wp-content\/uploads\/2017\/01\/Trocha-camioneros-150x84.jpg 150w\" sizes=\"auto, (max-width: 400px) 100vw, 400px\" \/><\/p>\n<p>Durante esta semana disput\u00f3 dos partidos ante Camioneros, que se prepara para jugar la Copa Argentina ante Independiente de Chivilcoy (partido que fue suspendido y no tiene fecha de reprogramaci\u00f3n todav\u00eda) y en el primer partido cay\u00f3 1 a 0 en dos tiempos de 35 minutos y cuando jugaron una tercera media hora, donde ambos realizaron varios cambios, los de Moyano ganaron 5 a 0.<\/p>\n<p>Mientras tanto, sigue sumando refuerzos y son dos de El Front\u00f3n de San Andr\u00e9s de Giles: el defensor central Fabricio Paganini y el volante de ataque Oscar Zapata, quienes estuvieron entrenando en Comunicaciones hasta esta semana y antes de confirmar la lista para el Federaci\u00f3n Norte, se cambiaron de bando.<\/p>\n","protected":false},"excerpt":{"rendered":"<p>Foto: Web Camioneros. La \u00abCarbonilla\u00bb sigue con su puesta a punto de cara al inicio del primer Regional de su &#8230; <a title=\"Trocha sigue sumando refuerzos y amistosos\" class=\"read-more\" href=\"https:\/\/www.hoymercedes.com.ar\/principal\/2017\/01\/21\/trocha-sigue-sumando-refuerzos-y-amistosos\/\" aria-label=\"Leer m\u00e1s sobre Trocha sigue sumando refuerzos y amistosos\">Leer m\u00e1s<\/a><\/p>\n","protected":false},"author":1,"featured_media":59087,"comment_status":"closed","ping_status":"open","sticky":false,"template":"","format":"standard","meta":{"_monsterinsights_skip_tracking":false,"_monsterinsights_sitenote_active":false,"_monsterinsights_sitenote_note":"","_monsterinsights_sitenote_category":0,"jetpack_post_was_ever_published":false,"_jetpack_newsletter_access":"","_jetpack_dont_email_post_to_subs":false,"_jetpack_newsletter_tier_id":0,"_jetpack_memberships_contains_paywalled_content":false,"_jetpack_memberships_contains_paid_content":false,"footnotes":"","jetpack_publicize_message":"","jetpack_publicize_feature_enabled":true,"jetpack_social_post_already_shared":true,"jetpack_social_options":{"image_generator_settings":{"template":"highway","default_image_id":0,"font":"","enabled":false},"version":2},"_wpas_customize_per_network":false},"categories":[21],"tags":[204,8412,1003,1379],"class_list":["post-59086","post","type-post","status-publish","format-standard","has-post-thumbnail","hentry","category-deportes","tag-deportes-2","tag-federal-c","tag-futbol","tag-trocha","generate-columns","tablet-grid-50","mobile-grid-100","grid-parent","grid-50"],"jetpack_publicize_connections":[],"jetpack_featured_media_url":"https:\/\/www.hoymercedes.com.ar\/principal\/wp-content\/uploads\/2017\/01\/Trocha-camioneros.jpg","wps_subtitle":"Federal C","jetpack_sharing_enabled":true,"_links":{"self":[{"href":"https:\/\/www.hoymercedes.com.ar\/principal\/wp-json\/wp\/v2\/posts\/59086","targetHints":{"allow":["GET"]}}],"collection":[{"href":"https:\/\/www.hoymercedes.com.ar\/principal\/wp-json\/wp\/v2\/posts"}],"about":[{"href":"https:\/\/www.hoymercedes.com.ar\/principal\/wp-json\/wp\/v2\/types\/post"}],"author":[{"embeddable":true,"href":"https:\/\/www.hoymercedes.com.ar\/principal\/wp-json\/wp\/v2\/users\/1"}],"replies":[{"embeddable":true,"href":"https:\/\/www.hoymercedes.com.ar\/principal\/wp-json\/wp\/v2\/comments?post=59086"}],"version-history":[{"count":0,"href":"https:\/\/www.hoymercedes.com.ar\/principal\/wp-json\/wp\/v2\/posts\/59086\/revisions"}],"wp:featuredmedia":[{"embeddable":true,"href":"https:\/\/www.hoymercedes.com.ar\/principal\/wp-json\/wp\/v2\/media\/59087"}],"wp:attachment":[{"href":"https:\/\/www.hoymercedes.com.ar\/principal\/wp-json\/wp\/v2\/media?parent=59086"}],"wp:term":[{"taxonomy":"category","embeddable":true,"href":"https:\/\/www.hoymercedes.com.ar\/principal\/wp-json\/wp\/v2\/categories?post=59086"},{"taxonomy":"post_tag","embeddable":true,"href":"https:\/\/www.hoymercedes.com.ar\/principal\/wp-json\/wp\/v2\/tags?post=59086"}],"curies":[{"name":"wp","href":"https:\/\/api.w.org\/{rel}","templated":true}]}}