{"id":59097,"date":"2017-01-21T17:00:18","date_gmt":"2017-01-21T20:00:18","guid":{"rendered":"http:\/\/www.hoymercedes.com.ar\/principal\/?p=59097"},"modified":"2017-01-21T11:03:41","modified_gmt":"2017-01-21T14:03:41","slug":"talleres-de-mandalas-en-el-anexo-femenino-de-la-carcel","status":"publish","type":"post","link":"https:\/\/www.hoymercedes.com.ar\/principal\/2017\/01\/21\/talleres-de-mandalas-en-el-anexo-femenino-de-la-carcel\/","title":{"rendered":"Talleres de mandalas en el anexo femenino de la c\u00e1rcel"},"content":{"rendered":"<p>En la Unidad Penitenciaria N\u00ba 5, las internas del anexo femenino est\u00e1n realizando diferentes tareas en estos meses de verano. Una de ellas es un taller de mandalas en tejido que permitir\u00e1n decorar la Avenida 29 en los carnavales mercedinos.<\/p>\n<p>La propuesta lleg\u00f3 a la c\u00e1rcel de la mano de las autoridades del \u00e1rea de Cultura de la Comuna que se hicieron presentes con las profesoras Jimena Rivas y Estefan\u00eda Acu\u00f1a, para hacer en tejido grandes mandalas. Una tarea que tiene varios objetivos:\u00a0el aprendizaje de la t\u00e9cnica, la ocupaci\u00f3n del tiempo libre, la calma y concentraci\u00f3n que genera y por ultimo, ver un mandala con los colores que eligieron terminado que ser lucir\u00e1 en las noches de los corsos mercedinos.<\/p>\n<p><img loading=\"lazy\" decoding=\"async\" data-attachment-id=\"59098\" data-permalink=\"https:\/\/www.hoymercedes.com.ar\/principal\/2017\/01\/21\/talleres-de-mandalas-en-el-anexo-femenino-de-la-carcel\/21-carcel-1\/#main\" data-orig-file=\"https:\/\/www.hoymercedes.com.ar\/principal\/wp-content\/uploads\/2017\/01\/21-carcel-1.jpg\" data-orig-size=\"630,420\" data-comments-opened=\"0\" data-image-meta=\"{&quot;aperture&quot;:&quot;2.2&quot;,&quot;credit&quot;:&quot;&quot;,&quot;camera&quot;:&quot;SM-J200M&quot;,&quot;caption&quot;:&quot;&quot;,&quot;created_timestamp&quot;:&quot;1484761209&quot;,&quot;copyright&quot;:&quot;&quot;,&quot;focal_length&quot;:&quot;3.3&quot;,&quot;iso&quot;:&quot;50&quot;,&quot;shutter_speed&quot;:&quot;0.0016722408026756&quot;,&quot;title&quot;:&quot;&quot;,&quot;orientation&quot;:&quot;6&quot;}\" data-image-title=\"21 carcel 1\" data-image-description=\"\" data-image-caption=\"\" data-large-file=\"https:\/\/www.hoymercedes.com.ar\/principal\/wp-content\/uploads\/2017\/01\/21-carcel-1.jpg\" class=\"aligncenter size-medium wp-image-59098\" src=\"https:\/\/www.hoymercedes.com.ar\/principal\/wp-content\/uploads\/2017\/01\/21-carcel-1-630x420.jpg\" alt=\"\" width=\"630\" height=\"420\" srcset=\"https:\/\/www.hoymercedes.com.ar\/principal\/wp-content\/uploads\/2017\/01\/21-carcel-1.jpg 630w, https:\/\/www.hoymercedes.com.ar\/principal\/wp-content\/uploads\/2017\/01\/21-carcel-1-150x100.jpg 150w, https:\/\/www.hoymercedes.com.ar\/principal\/wp-content\/uploads\/2017\/01\/21-carcel-1-300x200.jpg 300w\" sizes=\"auto, (max-width: 630px) 100vw, 630px\" \/><\/p>\n<p>La relaci\u00f3n entre docentes y alumnas es de afinidad, por lo que las clases son distendidas, y fue muy positivo que se pueden ver de manera r\u00e1pida el avance por lo que as\u00ed siguen animadas en su confecci\u00f3n.<\/p>\n<p>Las autoridades de la Unidad 5, agradecen el inter\u00e9s y las clases que dictan y la oportunidad de ser considerados por el Municipio, en este caso a trav\u00e9s de la Direcci\u00f3n de Cultura como un barrio m\u00e1s de la ciudad, y as\u00ed poder contar con este taller.<\/p>\n<p><img loading=\"lazy\" decoding=\"async\" data-attachment-id=\"59099\" data-permalink=\"https:\/\/www.hoymercedes.com.ar\/principal\/2017\/01\/21\/talleres-de-mandalas-en-el-anexo-femenino-de-la-carcel\/21-carcel-2\/#main\" data-orig-file=\"https:\/\/www.hoymercedes.com.ar\/principal\/wp-content\/uploads\/2017\/01\/21-carcel-2.jpg\" data-orig-size=\"630,420\" data-comments-opened=\"0\" data-image-meta=\"{&quot;aperture&quot;:&quot;2.2&quot;,&quot;credit&quot;:&quot;&quot;,&quot;camera&quot;:&quot;SM-J200M&quot;,&quot;caption&quot;:&quot;&quot;,&quot;created_timestamp&quot;:&quot;1484761939&quot;,&quot;copyright&quot;:&quot;&quot;,&quot;focal_length&quot;:&quot;3.3&quot;,&quot;iso&quot;:&quot;50&quot;,&quot;shutter_speed&quot;:&quot;0.0059880239520958&quot;,&quot;title&quot;:&quot;&quot;,&quot;orientation&quot;:&quot;6&quot;}\" data-image-title=\"21 carcel 2\" data-image-description=\"\" data-image-caption=\"\" data-large-file=\"https:\/\/www.hoymercedes.com.ar\/principal\/wp-content\/uploads\/2017\/01\/21-carcel-2.jpg\" class=\"aligncenter size-medium wp-image-59099\" src=\"https:\/\/www.hoymercedes.com.ar\/principal\/wp-content\/uploads\/2017\/01\/21-carcel-2-630x420.jpg\" alt=\"\" width=\"630\" height=\"420\" srcset=\"https:\/\/www.hoymercedes.com.ar\/principal\/wp-content\/uploads\/2017\/01\/21-carcel-2.jpg 630w, https:\/\/www.hoymercedes.com.ar\/principal\/wp-content\/uploads\/2017\/01\/21-carcel-2-150x100.jpg 150w, https:\/\/www.hoymercedes.com.ar\/principal\/wp-content\/uploads\/2017\/01\/21-carcel-2-300x200.jpg 300w\" sizes=\"auto, (max-width: 630px) 100vw, 630px\" \/><\/p>\n<p>Fuente; Prensa Unidad 5<\/p>\n","protected":false},"excerpt":{"rendered":"<p>En la Unidad Penitenciaria N\u00ba 5, las internas del anexo femenino est\u00e1n realizando diferentes tareas en estos meses de verano. &#8230; <a title=\"Talleres de mandalas en el anexo femenino de la c\u00e1rcel\" class=\"read-more\" href=\"https:\/\/www.hoymercedes.com.ar\/principal\/2017\/01\/21\/talleres-de-mandalas-en-el-anexo-femenino-de-la-carcel\/\" aria-label=\"Leer m\u00e1s sobre Talleres de mandalas en el anexo femenino de la c\u00e1rcel\">Leer m\u00e1s<\/a><\/p>\n","protected":false},"author":1,"featured_media":59103,"comment_status":"closed","ping_status":"open","sticky":false,"template":"","format":"standard","meta":{"_monsterinsights_skip_tracking":false,"_monsterinsights_sitenote_active":false,"_monsterinsights_sitenote_note":"","_monsterinsights_sitenote_category":0,"jetpack_post_was_ever_published":false,"_jetpack_newsletter_access":"","_jetpack_dont_email_post_to_subs":false,"_jetpack_newsletter_tier_id":0,"_jetpack_memberships_contains_paywalled_content":false,"_jetpack_memberships_contains_paid_content":false,"footnotes":"","jetpack_publicize_message":"","jetpack_publicize_feature_enabled":true,"jetpack_social_post_already_shared":true,"jetpack_social_options":{"image_generator_settings":{"template":"highway","default_image_id":0,"font":"","enabled":false},"version":2},"_wpas_customize_per_network":false},"categories":[5485],"tags":[9124,10466,10467,113],"class_list":["post-59097","post","type-post","status-publish","format-standard","has-post-thumbnail","hentry","category-comunidad","tag-anexo-femenino","tag-carcelo","tag-taller-de-mandala","tag-unidad-5","generate-columns","tablet-grid-50","mobile-grid-100","grid-parent","grid-50"],"jetpack_publicize_connections":[],"jetpack_featured_media_url":"https:\/\/www.hoymercedes.com.ar\/principal\/wp-content\/uploads\/2017\/01\/21-carcel-3.jpg","wps_subtitle":"Lucir\u00e1n en los carnavales","jetpack_sharing_enabled":true,"_links":{"self":[{"href":"https:\/\/www.hoymercedes.com.ar\/principal\/wp-json\/wp\/v2\/posts\/59097","targetHints":{"allow":["GET"]}}],"collection":[{"href":"https:\/\/www.hoymercedes.com.ar\/principal\/wp-json\/wp\/v2\/posts"}],"about":[{"href":"https:\/\/www.hoymercedes.com.ar\/principal\/wp-json\/wp\/v2\/types\/post"}],"author":[{"embeddable":true,"href":"https:\/\/www.hoymercedes.com.ar\/principal\/wp-json\/wp\/v2\/users\/1"}],"replies":[{"embeddable":true,"href":"https:\/\/www.hoymercedes.com.ar\/principal\/wp-json\/wp\/v2\/comments?post=59097"}],"version-history":[{"count":0,"href":"https:\/\/www.hoymercedes.com.ar\/principal\/wp-json\/wp\/v2\/posts\/59097\/revisions"}],"wp:featuredmedia":[{"embeddable":true,"href":"https:\/\/www.hoymercedes.com.ar\/principal\/wp-json\/wp\/v2\/media\/59103"}],"wp:attachment":[{"href":"https:\/\/www.hoymercedes.com.ar\/principal\/wp-json\/wp\/v2\/media?parent=59097"}],"wp:term":[{"taxonomy":"category","embeddable":true,"href":"https:\/\/www.hoymercedes.com.ar\/principal\/wp-json\/wp\/v2\/categories?post=59097"},{"taxonomy":"post_tag","embeddable":true,"href":"https:\/\/www.hoymercedes.com.ar\/principal\/wp-json\/wp\/v2\/tags?post=59097"}],"curies":[{"name":"wp","href":"https:\/\/api.w.org\/{rel}","templated":true}]}}