{"id":59104,"date":"2017-01-21T14:04:04","date_gmt":"2017-01-21T17:04:04","guid":{"rendered":"http:\/\/www.hoymercedes.com.ar\/principal\/?p=59104"},"modified":"2017-01-21T11:10:02","modified_gmt":"2017-01-21T14:10:02","slug":"selva-no-fue-un-acto-de-negligencia-fue-un-acto-de-soberbia","status":"publish","type":"post","link":"https:\/\/www.hoymercedes.com.ar\/principal\/2017\/01\/21\/selva-no-fue-un-acto-de-negligencia-fue-un-acto-de-soberbia\/","title":{"rendered":"Selva: \u201cNo fue un acto de negligencia, fue un acto de soberbia\u201d"},"content":{"rendered":"<p><em><strong>El Diputado Nacional del Frente Renovador opin\u00f3 sobre la denuncia de Ben\u00edtez y la respuesta de Ustarroz. Selva asegura que deber\u00eda actuarse de acuerdo a la ley org\u00e1nica.<\/strong><\/em><\/p>\n<p><img loading=\"lazy\" decoding=\"async\" data-attachment-id=\"59077\" data-permalink=\"https:\/\/www.hoymercedes.com.ar\/principal\/2017\/01\/20\/tangueria-a-cielo-abierto-en-la-trocha\/20-carlos-selva\/#main\" data-orig-file=\"https:\/\/www.hoymercedes.com.ar\/principal\/wp-content\/uploads\/2017\/01\/20-Carlos-Selva.jpg\" data-orig-size=\"630,420\" data-comments-opened=\"0\" data-image-meta=\"{&quot;aperture&quot;:&quot;5&quot;,&quot;credit&quot;:&quot;&quot;,&quot;camera&quot;:&quot;NIKON D3100&quot;,&quot;caption&quot;:&quot;&quot;,&quot;created_timestamp&quot;:&quot;1484910933&quot;,&quot;copyright&quot;:&quot;&quot;,&quot;focal_length&quot;:&quot;26&quot;,&quot;iso&quot;:&quot;400&quot;,&quot;shutter_speed&quot;:&quot;0.01&quot;,&quot;title&quot;:&quot;&quot;,&quot;orientation&quot;:&quot;1&quot;}\" data-image-title=\"20 Carlos Selva\" data-image-description=\"\" data-image-caption=\"\" data-large-file=\"https:\/\/www.hoymercedes.com.ar\/principal\/wp-content\/uploads\/2017\/01\/20-Carlos-Selva.jpg\" class=\"aligncenter size-medium wp-image-59077\" src=\"https:\/\/www.hoymercedes.com.ar\/principal\/wp-content\/uploads\/2017\/01\/20-Carlos-Selva-630x420.jpg\" alt=\"\" width=\"630\" height=\"420\" srcset=\"https:\/\/www.hoymercedes.com.ar\/principal\/wp-content\/uploads\/2017\/01\/20-Carlos-Selva.jpg 630w, https:\/\/www.hoymercedes.com.ar\/principal\/wp-content\/uploads\/2017\/01\/20-Carlos-Selva-150x100.jpg 150w, https:\/\/www.hoymercedes.com.ar\/principal\/wp-content\/uploads\/2017\/01\/20-Carlos-Selva-300x200.jpg 300w\" sizes=\"auto, (max-width: 630px) 100vw, 630px\" \/><\/p>\n<p>La denuncia p\u00fablica del concejales Ben\u00edtez sobre la \u201cadulteraci\u00f3n de un documento p\u00fablico\u201d, el veto del Intendente Ustarroz con una fecha anterior a la notificaci\u00f3n de la ordenanza del presupuesto, y la posible interpelaci\u00f3n que provocar\u00eda este tema, siguen siendo temas de debate en la ciudad y en el \u00e1mbito pol\u00edtico local.<\/p>\n<p>Como concejal mandato cumplido, ex presidente del Concejo Deliberante y ex Intendente, el Diputado Nacional Carlos Selva fue consultado sobre su opini\u00f3n y parecer respecto a la denuncia realizada y la respuesta y actuaci\u00f3n del Jefe Comunal.<\/p>\n<p>\u201cLo primero que le cuesta entender al Intendente Ustarroz es que es un intendente y no un gerente de una empresa. Hay un mecanismo que establece la Ley Org\u00e1nica de las Municipalidades, que tiene que ser respetado. Cuando se habla de un expediente, hay que dictaminar en base a la estructura que la ley org\u00e1nica provee como son asesor\u00eda letrada, la secretar\u00eda de gobierno, que tienen que emitir un dictamen sobre la ordenanza. Pero ac\u00e1 hubo una actitud soberbia. Creo que no fue un acto de negligencia, fue un acto de soberbia. Donde el Intendente se entera de una situaci\u00f3n y act\u00faa antes de ser notificado\u201d, dijo Selva.<\/p>\n<p>\u201cPero el error m\u00e1s grave es que sacaron y cambiaron una hoja. Eso es grav\u00edsimo. Hay responsabilidades administrativas que no s\u00e9 de qui\u00e9n ser\u00e1. Lo peor es que relativisaron el cambio de esa hoja, el cambio de ese folio. Es un tema delicado. El Intendente tiene que reverlo y entender que funcionar en base a lo que le establece la ley. No es m\u00e1s como antes que no hab\u00eda rendici\u00f3n de cuentas, hoy tienen que entender que tiene que darnos cuenta a todos y que tiene que manejarse dentro de los m\u00e1rgenes que establece la ley\u201d, agreg\u00f3 el actual Diputado Nacional dentro del Frente Renovador.<\/p>\n<p>Entre los dichos de Ben\u00edtez dio entender que la adulteraci\u00f3n del documento merecer\u00eda una interpelaci\u00f3n por parte del cuerpo deliberativo al Jefe Comunal. El t\u00e9rmino \u201cinterpelaci\u00f3n\u201d remite al proceso que el mismo Selva vivi\u00f3 en el Concejo Deliberante en los primeros a\u00f1os como Intendente Municipal. \u201cA m\u00ed me interpelaron por pavadas y pasaron un papel\u00f3n los concejales de ese momento. Fue un acuerdo entre (Mart\u00edn) Zubeld\u00eda y (David) Valerga para tratar de destituirme y no hab\u00eda ning\u00fan hecho grave como este entre los 56 temas que me interpelaron a m\u00ed. No soy propicio de la imagen de un Intendente con respecto a una situaci\u00f3n puntual. Pero s\u00ed corresponder\u00eda que el Intendente reconozca que hubo un error, que se haga cargo y terminar\u00e1 c\u00f3mo y d\u00f3nde deba terminar. No voy al tema de fondo porque para m\u00ed no es de negligencia, sino una actitud de soberbia. Igual creo que hay que poner un l\u00edmite a los concejales, dentro de las facultades que les da la ley, avancen sobre la investidura del Intendente. Creo que hay que cuidarlo. No estar\u00eda de acuerdo con una interpelaci\u00f3n. Pero habr\u00e1 que ver c\u00f3mo es el comportamiento del Intendente y de la gesti\u00f3n respecto a estos temas\u201d, agreg\u00f3 Carlos Selva.<\/p>\n<p>Por otra parte, el ex Intendente, aunque no habl\u00f3 directamente de la modificaci\u00f3n de la ordenanza del Presupuesto \u2013 recordamos los cambios en los art\u00edculos 12 y 13 que mereci\u00f3 la abstenci\u00f3n del bloque de concejales del Frente Renovador \u2013 dio cuenta de las diferencias salariales entre los concejales y los funcionarios del Departamento Ejecutivo. \u201cHoy hay una distorsi\u00f3n total entre el valor que cobra un concejal sobre lo que cobra un director. No su puede saber porque lo han sacado de la informaci\u00f3n p\u00fablica, todo lo que cobran los funcionario se ha sacado. Hay funcionarios que cobran como si vivieran en Capital Federal con sueldos que cuadriplican o quintuplican los valores que cobra un concejal. De eso no se hace ning\u00fan cuestionamiento.<\/p>\n<p>&nbsp;<\/p>\n<p>&nbsp;<\/p>\n<p>&nbsp;<\/p>\n","protected":false},"excerpt":{"rendered":"<p>El Diputado Nacional del Frente Renovador opin\u00f3 sobre la denuncia de Ben\u00edtez y la respuesta de Ustarroz. Selva asegura que &#8230; <a title=\"Selva: \u201cNo fue un acto de negligencia, fue un acto de soberbia\u201d\" class=\"read-more\" href=\"https:\/\/www.hoymercedes.com.ar\/principal\/2017\/01\/21\/selva-no-fue-un-acto-de-negligencia-fue-un-acto-de-soberbia\/\" aria-label=\"Leer m\u00e1s sobre Selva: \u201cNo fue un acto de negligencia, fue un acto de soberbia\u201d\">Leer m\u00e1s<\/a><\/p>\n","protected":false},"author":1,"featured_media":59077,"comment_status":"closed","ping_status":"open","sticky":false,"template":"","format":"standard","meta":{"_monsterinsights_skip_tracking":false,"_monsterinsights_sitenote_active":false,"_monsterinsights_sitenote_note":"","_monsterinsights_sitenote_category":0,"jetpack_post_was_ever_published":false,"_jetpack_newsletter_access":"","_jetpack_dont_email_post_to_subs":false,"_jetpack_newsletter_tier_id":0,"_jetpack_memberships_contains_paywalled_content":false,"_jetpack_memberships_contains_paid_content":false,"footnotes":"","jetpack_publicize_message":"","jetpack_publicize_feature_enabled":true,"jetpack_social_post_already_shared":true,"jetpack_social_options":{"image_generator_settings":{"template":"highway","default_image_id":0,"font":"","enabled":false},"version":2},"_wpas_customize_per_network":false},"categories":[5],"tags":[39,236,7033,8748,5319,10283,9786],"class_list":["post-59104","post","type-post","status-publish","format-standard","has-post-thumbnail","hentry","category-politica","tag-carlos-selva","tag-concejo-deliberante","tag-denuncia","tag-opinion","tag-politica-2","tag-presupuesto-2017","tag-veto","generate-columns","tablet-grid-50","mobile-grid-100","grid-parent","grid-50"],"jetpack_publicize_connections":[],"jetpack_featured_media_url":"https:\/\/www.hoymercedes.com.ar\/principal\/wp-content\/uploads\/2017\/01\/20-Carlos-Selva.jpg","wps_subtitle":"Repercusiones pol\u00edticas","jetpack_sharing_enabled":true,"_links":{"self":[{"href":"https:\/\/www.hoymercedes.com.ar\/principal\/wp-json\/wp\/v2\/posts\/59104","targetHints":{"allow":["GET"]}}],"collection":[{"href":"https:\/\/www.hoymercedes.com.ar\/principal\/wp-json\/wp\/v2\/posts"}],"about":[{"href":"https:\/\/www.hoymercedes.com.ar\/principal\/wp-json\/wp\/v2\/types\/post"}],"author":[{"embeddable":true,"href":"https:\/\/www.hoymercedes.com.ar\/principal\/wp-json\/wp\/v2\/users\/1"}],"replies":[{"embeddable":true,"href":"https:\/\/www.hoymercedes.com.ar\/principal\/wp-json\/wp\/v2\/comments?post=59104"}],"version-history":[{"count":0,"href":"https:\/\/www.hoymercedes.com.ar\/principal\/wp-json\/wp\/v2\/posts\/59104\/revisions"}],"wp:featuredmedia":[{"embeddable":true,"href":"https:\/\/www.hoymercedes.com.ar\/principal\/wp-json\/wp\/v2\/media\/59077"}],"wp:attachment":[{"href":"https:\/\/www.hoymercedes.com.ar\/principal\/wp-json\/wp\/v2\/media?parent=59104"}],"wp:term":[{"taxonomy":"category","embeddable":true,"href":"https:\/\/www.hoymercedes.com.ar\/principal\/wp-json\/wp\/v2\/categories?post=59104"},{"taxonomy":"post_tag","embeddable":true,"href":"https:\/\/www.hoymercedes.com.ar\/principal\/wp-json\/wp\/v2\/tags?post=59104"}],"curies":[{"name":"wp","href":"https:\/\/api.w.org\/{rel}","templated":true}]}}