{"id":59108,"date":"2017-01-21T14:33:21","date_gmt":"2017-01-21T17:33:21","guid":{"rendered":"http:\/\/www.hoymercedes.com.ar\/principal\/?p=59108"},"modified":"2017-01-22T21:18:22","modified_gmt":"2017-01-23T00:18:22","slug":"flandria-y-mercedes-jugaron-un-amistoso-en-la-liga","status":"publish","type":"post","link":"https:\/\/www.hoymercedes.com.ar\/principal\/2017\/01\/21\/flandria-y-mercedes-jugaron-un-amistoso-en-la-liga\/","title":{"rendered":"Flandria y Mercedes jugaron un amistoso en la Liga"},"content":{"rendered":"<p><em><strong>Club Mercedes sigue su puesta a punto de cara al debut en el Federal C y Flandria pensando en el Nacional B. El blanquinegro jug\u00f3 su primer encuentro en el que tuvo varias ausencias y el Canario lo hizo como despedida de su estad\u00eda en la ciudad. Este s\u00e1bado por la ma\u00f1ana jugaron ante un muy buen marco de p\u00fablico un amistoso en el que los titulares empataron en cero y los suplentes terminaron 4 a 0 a favor de los de J\u00e1uregui.<\/strong><\/em><\/p>\n<p><img loading=\"lazy\" decoding=\"async\" data-attachment-id=\"59110\" data-permalink=\"https:\/\/www.hoymercedes.com.ar\/principal\/2017\/01\/21\/flandria-y-mercedes-jugaron-un-amistoso-en-la-liga\/dscn2852\/#main\" data-orig-file=\"https:\/\/www.hoymercedes.com.ar\/principal\/wp-content\/uploads\/2017\/01\/DSCN2852.jpg\" data-orig-size=\"650,487\" data-comments-opened=\"0\" data-image-meta=\"{&quot;aperture&quot;:&quot;4.5&quot;,&quot;credit&quot;:&quot;&quot;,&quot;camera&quot;:&quot;COOLPIX L310&quot;,&quot;caption&quot;:&quot;&quot;,&quot;created_timestamp&quot;:&quot;1484994469&quot;,&quot;copyright&quot;:&quot;&quot;,&quot;focal_length&quot;:&quot;18.6&quot;,&quot;iso&quot;:&quot;80&quot;,&quot;shutter_speed&quot;:&quot;0.0015625&quot;,&quot;title&quot;:&quot;&quot;,&quot;orientation&quot;:&quot;1&quot;}\" data-image-title=\"DSCN2852\" data-image-description=\"\" data-image-caption=\"\" data-large-file=\"https:\/\/www.hoymercedes.com.ar\/principal\/wp-content\/uploads\/2017\/01\/DSCN2852.jpg\" class=\"aligncenter size-medium wp-image-59110\" src=\"https:\/\/www.hoymercedes.com.ar\/principal\/wp-content\/uploads\/2017\/01\/DSCN2852-630x472.jpg\" alt=\"\" width=\"630\" height=\"472\" srcset=\"https:\/\/www.hoymercedes.com.ar\/principal\/wp-content\/uploads\/2017\/01\/DSCN2852-630x472.jpg 630w, https:\/\/www.hoymercedes.com.ar\/principal\/wp-content\/uploads\/2017\/01\/DSCN2852-150x112.jpg 150w, https:\/\/www.hoymercedes.com.ar\/principal\/wp-content\/uploads\/2017\/01\/DSCN2852.jpg 650w\" sizes=\"auto, (max-width: 630px) 100vw, 630px\" \/><\/p>\n<p>El primer partido, de dos tiempos de 30 minutos, se vio un encuentro parejo donde en el inicio del complemento Flandria, con los cambios que hizo, mostr\u00f3 algo de su jerarqu\u00eda. Sin embargo, los de Walter D\u00edaz supieron soportar los embates para luego poner el partido en mitad de cancha. Mercedes jug\u00f3 con Barrera (refuerzo llegado de Midland), Cabral, Biglia, Gatti y Godoy; Contardi, Parra, Chotro, Portessi; Minetti y V\u00e1zquez. Por su parte, Flandria puso en cancha a\u00a0Griffo, Randazzo, D\u00edaz, Riveros y Camacho, Melivillo, Alguna, Vellone y Vicente, Matos y Fergonzi. Luego ingres\u00f3 Franco Costa, con pasado en Arsenal de Sarand\u00ed, quien logr\u00f3 desnivelar mucho en ataque.<\/p>\n<p>Luego de la primera hora de partido fue el turno de los suplentes, donde Flandria gan\u00f3 4 a 0 con dos goles del mercedino Gonzalo \u00abChino\u00bb P\u00e9rez. Ahi Mercedes tuvo en cancha a\u00a0Caputo, Avelar, Kaezuck, Comalini y Bisforo, Avila, Bomaggio, Gorosito y Paniagua, F. Gatti y Romito. La dupla t\u00e9cnica G\u00f3mez &#8211; Orsi puso a\u00a0Gambeta, Pineda, D. Sosa, Reynoso y Camacho, Sanchez, Gonzalez, Ser\u00eda y Escuredo, P. Sosa y G. Perez.<\/p>\n<p><img loading=\"lazy\" decoding=\"async\" data-attachment-id=\"59111\" data-permalink=\"https:\/\/www.hoymercedes.com.ar\/principal\/2017\/01\/21\/flandria-y-mercedes-jugaron-un-amistoso-en-la-liga\/dscn2853\/#main\" data-orig-file=\"https:\/\/www.hoymercedes.com.ar\/principal\/wp-content\/uploads\/2017\/01\/DSCN2853.jpg\" data-orig-size=\"650,487\" data-comments-opened=\"0\" data-image-meta=\"{&quot;aperture&quot;:&quot;3.2&quot;,&quot;credit&quot;:&quot;&quot;,&quot;camera&quot;:&quot;COOLPIX L310&quot;,&quot;caption&quot;:&quot;&quot;,&quot;created_timestamp&quot;:&quot;1484994477&quot;,&quot;copyright&quot;:&quot;&quot;,&quot;focal_length&quot;:&quot;5.1&quot;,&quot;iso&quot;:&quot;140&quot;,&quot;shutter_speed&quot;:&quot;0.004&quot;,&quot;title&quot;:&quot;&quot;,&quot;orientation&quot;:&quot;1&quot;}\" data-image-title=\"DSCN2853\" data-image-description=\"\" data-image-caption=\"\" data-large-file=\"https:\/\/www.hoymercedes.com.ar\/principal\/wp-content\/uploads\/2017\/01\/DSCN2853.jpg\" class=\"aligncenter size-medium wp-image-59111\" src=\"https:\/\/www.hoymercedes.com.ar\/principal\/wp-content\/uploads\/2017\/01\/DSCN2853-630x472.jpg\" alt=\"\" width=\"630\" height=\"472\" srcset=\"https:\/\/www.hoymercedes.com.ar\/principal\/wp-content\/uploads\/2017\/01\/DSCN2853-630x472.jpg 630w, https:\/\/www.hoymercedes.com.ar\/principal\/wp-content\/uploads\/2017\/01\/DSCN2853-150x112.jpg 150w, https:\/\/www.hoymercedes.com.ar\/principal\/wp-content\/uploads\/2017\/01\/DSCN2853.jpg 650w\" sizes=\"auto, (max-width: 630px) 100vw, 630px\" \/><\/p>\n<p><img loading=\"lazy\" decoding=\"async\" data-attachment-id=\"59112\" data-permalink=\"https:\/\/www.hoymercedes.com.ar\/principal\/2017\/01\/21\/flandria-y-mercedes-jugaron-un-amistoso-en-la-liga\/dscn2858\/#main\" data-orig-file=\"https:\/\/www.hoymercedes.com.ar\/principal\/wp-content\/uploads\/2017\/01\/DSCN2858.jpg\" data-orig-size=\"650,487\" data-comments-opened=\"0\" data-image-meta=\"{&quot;aperture&quot;:&quot;5.6&quot;,&quot;credit&quot;:&quot;&quot;,&quot;camera&quot;:&quot;COOLPIX L310&quot;,&quot;caption&quot;:&quot;&quot;,&quot;created_timestamp&quot;:&quot;1484994640&quot;,&quot;copyright&quot;:&quot;&quot;,&quot;focal_length&quot;:&quot;50&quot;,&quot;iso&quot;:&quot;180&quot;,&quot;shutter_speed&quot;:&quot;0.002&quot;,&quot;title&quot;:&quot;&quot;,&quot;orientation&quot;:&quot;1&quot;}\" data-image-title=\"DSCN2858\" data-image-description=\"\" data-image-caption=\"\" data-large-file=\"https:\/\/www.hoymercedes.com.ar\/principal\/wp-content\/uploads\/2017\/01\/DSCN2858.jpg\" class=\"aligncenter size-medium wp-image-59112\" src=\"https:\/\/www.hoymercedes.com.ar\/principal\/wp-content\/uploads\/2017\/01\/DSCN2858-630x472.jpg\" alt=\"\" width=\"630\" height=\"472\" srcset=\"https:\/\/www.hoymercedes.com.ar\/principal\/wp-content\/uploads\/2017\/01\/DSCN2858-630x472.jpg 630w, https:\/\/www.hoymercedes.com.ar\/principal\/wp-content\/uploads\/2017\/01\/DSCN2858-150x112.jpg 150w, https:\/\/www.hoymercedes.com.ar\/principal\/wp-content\/uploads\/2017\/01\/DSCN2858.jpg 650w\" sizes=\"auto, (max-width: 630px) 100vw, 630px\" \/><\/p>\n<p><img loading=\"lazy\" decoding=\"async\" data-attachment-id=\"59113\" data-permalink=\"https:\/\/www.hoymercedes.com.ar\/principal\/2017\/01\/21\/flandria-y-mercedes-jugaron-un-amistoso-en-la-liga\/dscn2860\/#main\" data-orig-file=\"https:\/\/www.hoymercedes.com.ar\/principal\/wp-content\/uploads\/2017\/01\/DSCN2860.jpg\" data-orig-size=\"650,487\" data-comments-opened=\"0\" data-image-meta=\"{&quot;aperture&quot;:&quot;5.8&quot;,&quot;credit&quot;:&quot;&quot;,&quot;camera&quot;:&quot;COOLPIX L310&quot;,&quot;caption&quot;:&quot;&quot;,&quot;created_timestamp&quot;:&quot;1484994663&quot;,&quot;copyright&quot;:&quot;&quot;,&quot;focal_length&quot;:&quot;94.5&quot;,&quot;iso&quot;:&quot;80&quot;,&quot;shutter_speed&quot;:&quot;0.002&quot;,&quot;title&quot;:&quot;&quot;,&quot;orientation&quot;:&quot;1&quot;}\" data-image-title=\"DSCN2860\" data-image-description=\"\" data-image-caption=\"\" data-large-file=\"https:\/\/www.hoymercedes.com.ar\/principal\/wp-content\/uploads\/2017\/01\/DSCN2860.jpg\" class=\"aligncenter size-medium wp-image-59113\" src=\"https:\/\/www.hoymercedes.com.ar\/principal\/wp-content\/uploads\/2017\/01\/DSCN2860-630x472.jpg\" alt=\"\" width=\"630\" height=\"472\" srcset=\"https:\/\/www.hoymercedes.com.ar\/principal\/wp-content\/uploads\/2017\/01\/DSCN2860-630x472.jpg 630w, https:\/\/www.hoymercedes.com.ar\/principal\/wp-content\/uploads\/2017\/01\/DSCN2860-150x112.jpg 150w, https:\/\/www.hoymercedes.com.ar\/principal\/wp-content\/uploads\/2017\/01\/DSCN2860.jpg 650w\" sizes=\"auto, (max-width: 630px) 100vw, 630px\" \/><\/p>\n<p><img loading=\"lazy\" decoding=\"async\" data-attachment-id=\"59114\" data-permalink=\"https:\/\/www.hoymercedes.com.ar\/principal\/2017\/01\/21\/flandria-y-mercedes-jugaron-un-amistoso-en-la-liga\/dscn2883\/#main\" data-orig-file=\"https:\/\/www.hoymercedes.com.ar\/principal\/wp-content\/uploads\/2017\/01\/DSCN2883.jpg\" data-orig-size=\"650,487\" data-comments-opened=\"0\" data-image-meta=\"{&quot;aperture&quot;:&quot;5.6&quot;,&quot;credit&quot;:&quot;&quot;,&quot;camera&quot;:&quot;COOLPIX L310&quot;,&quot;caption&quot;:&quot;&quot;,&quot;created_timestamp&quot;:&quot;1484996540&quot;,&quot;copyright&quot;:&quot;&quot;,&quot;focal_length&quot;:&quot;50&quot;,&quot;iso&quot;:&quot;160&quot;,&quot;shutter_speed&quot;:&quot;0.002&quot;,&quot;title&quot;:&quot;&quot;,&quot;orientation&quot;:&quot;1&quot;}\" data-image-title=\"DSCN2883\" data-image-description=\"\" data-image-caption=\"\" data-large-file=\"https:\/\/www.hoymercedes.com.ar\/principal\/wp-content\/uploads\/2017\/01\/DSCN2883.jpg\" class=\"aligncenter size-medium wp-image-59114\" src=\"https:\/\/www.hoymercedes.com.ar\/principal\/wp-content\/uploads\/2017\/01\/DSCN2883-630x472.jpg\" alt=\"\" width=\"630\" height=\"472\" srcset=\"https:\/\/www.hoymercedes.com.ar\/principal\/wp-content\/uploads\/2017\/01\/DSCN2883-630x472.jpg 630w, https:\/\/www.hoymercedes.com.ar\/principal\/wp-content\/uploads\/2017\/01\/DSCN2883-150x112.jpg 150w, https:\/\/www.hoymercedes.com.ar\/principal\/wp-content\/uploads\/2017\/01\/DSCN2883.jpg 650w\" sizes=\"auto, (max-width: 630px) 100vw, 630px\" \/><\/p>\n<p><img loading=\"lazy\" decoding=\"async\" data-attachment-id=\"59115\" data-permalink=\"https:\/\/www.hoymercedes.com.ar\/principal\/2017\/01\/21\/flandria-y-mercedes-jugaron-un-amistoso-en-la-liga\/dscn2884\/#main\" data-orig-file=\"https:\/\/www.hoymercedes.com.ar\/principal\/wp-content\/uploads\/2017\/01\/DSCN2884.jpg\" data-orig-size=\"650,487\" data-comments-opened=\"0\" data-image-meta=\"{&quot;aperture&quot;:&quot;5.6&quot;,&quot;credit&quot;:&quot;&quot;,&quot;camera&quot;:&quot;COOLPIX L310&quot;,&quot;caption&quot;:&quot;&quot;,&quot;created_timestamp&quot;:&quot;1484996574&quot;,&quot;copyright&quot;:&quot;&quot;,&quot;focal_length&quot;:&quot;50&quot;,&quot;iso&quot;:&quot;140&quot;,&quot;shutter_speed&quot;:&quot;0.002&quot;,&quot;title&quot;:&quot;&quot;,&quot;orientation&quot;:&quot;1&quot;}\" data-image-title=\"DSCN2884\" data-image-description=\"\" data-image-caption=\"\" data-large-file=\"https:\/\/www.hoymercedes.com.ar\/principal\/wp-content\/uploads\/2017\/01\/DSCN2884.jpg\" class=\"aligncenter size-medium wp-image-59115\" src=\"https:\/\/www.hoymercedes.com.ar\/principal\/wp-content\/uploads\/2017\/01\/DSCN2884-630x472.jpg\" alt=\"\" width=\"630\" height=\"472\" srcset=\"https:\/\/www.hoymercedes.com.ar\/principal\/wp-content\/uploads\/2017\/01\/DSCN2884-630x472.jpg 630w, https:\/\/www.hoymercedes.com.ar\/principal\/wp-content\/uploads\/2017\/01\/DSCN2884-150x112.jpg 150w, https:\/\/www.hoymercedes.com.ar\/principal\/wp-content\/uploads\/2017\/01\/DSCN2884.jpg 650w\" sizes=\"auto, (max-width: 630px) 100vw, 630px\" \/><\/p>\n<p><img loading=\"lazy\" decoding=\"async\" data-attachment-id=\"59116\" data-permalink=\"https:\/\/www.hoymercedes.com.ar\/principal\/2017\/01\/21\/flandria-y-mercedes-jugaron-un-amistoso-en-la-liga\/dscn2892\/#main\" data-orig-file=\"https:\/\/www.hoymercedes.com.ar\/principal\/wp-content\/uploads\/2017\/01\/DSCN2892.jpg\" data-orig-size=\"650,487\" data-comments-opened=\"0\" data-image-meta=\"{&quot;aperture&quot;:&quot;5.4&quot;,&quot;credit&quot;:&quot;&quot;,&quot;camera&quot;:&quot;COOLPIX L310&quot;,&quot;caption&quot;:&quot;&quot;,&quot;created_timestamp&quot;:&quot;1484997270&quot;,&quot;copyright&quot;:&quot;&quot;,&quot;focal_length&quot;:&quot;39.7&quot;,&quot;iso&quot;:&quot;125&quot;,&quot;shutter_speed&quot;:&quot;0.002&quot;,&quot;title&quot;:&quot;&quot;,&quot;orientation&quot;:&quot;1&quot;}\" data-image-title=\"DSCN2892\" data-image-description=\"\" data-image-caption=\"\" data-large-file=\"https:\/\/www.hoymercedes.com.ar\/principal\/wp-content\/uploads\/2017\/01\/DSCN2892.jpg\" class=\"aligncenter size-medium wp-image-59116\" src=\"https:\/\/www.hoymercedes.com.ar\/principal\/wp-content\/uploads\/2017\/01\/DSCN2892-630x472.jpg\" alt=\"\" width=\"630\" height=\"472\" srcset=\"https:\/\/www.hoymercedes.com.ar\/principal\/wp-content\/uploads\/2017\/01\/DSCN2892-630x472.jpg 630w, https:\/\/www.hoymercedes.com.ar\/principal\/wp-content\/uploads\/2017\/01\/DSCN2892-150x112.jpg 150w, https:\/\/www.hoymercedes.com.ar\/principal\/wp-content\/uploads\/2017\/01\/DSCN2892.jpg 650w\" sizes=\"auto, (max-width: 630px) 100vw, 630px\" \/><\/p>\n<p><img loading=\"lazy\" decoding=\"async\" data-attachment-id=\"59117\" data-permalink=\"https:\/\/www.hoymercedes.com.ar\/principal\/2017\/01\/21\/flandria-y-mercedes-jugaron-un-amistoso-en-la-liga\/dscn2893\/#main\" data-orig-file=\"https:\/\/www.hoymercedes.com.ar\/principal\/wp-content\/uploads\/2017\/01\/DSCN2893.jpg\" data-orig-size=\"650,487\" data-comments-opened=\"0\" data-image-meta=\"{&quot;aperture&quot;:&quot;5.1&quot;,&quot;credit&quot;:&quot;&quot;,&quot;camera&quot;:&quot;COOLPIX L310&quot;,&quot;caption&quot;:&quot;&quot;,&quot;created_timestamp&quot;:&quot;1484997384&quot;,&quot;copyright&quot;:&quot;&quot;,&quot;focal_length&quot;:&quot;31.8&quot;,&quot;iso&quot;:&quot;110&quot;,&quot;shutter_speed&quot;:&quot;0.002&quot;,&quot;title&quot;:&quot;&quot;,&quot;orientation&quot;:&quot;1&quot;}\" data-image-title=\"DSCN2893\" data-image-description=\"\" data-image-caption=\"\" data-large-file=\"https:\/\/www.hoymercedes.com.ar\/principal\/wp-content\/uploads\/2017\/01\/DSCN2893.jpg\" class=\"aligncenter size-medium wp-image-59117\" src=\"https:\/\/www.hoymercedes.com.ar\/principal\/wp-content\/uploads\/2017\/01\/DSCN2893-630x472.jpg\" alt=\"\" width=\"630\" height=\"472\" srcset=\"https:\/\/www.hoymercedes.com.ar\/principal\/wp-content\/uploads\/2017\/01\/DSCN2893-630x472.jpg 630w, https:\/\/www.hoymercedes.com.ar\/principal\/wp-content\/uploads\/2017\/01\/DSCN2893-150x112.jpg 150w, https:\/\/www.hoymercedes.com.ar\/principal\/wp-content\/uploads\/2017\/01\/DSCN2893.jpg 650w\" sizes=\"auto, (max-width: 630px) 100vw, 630px\" \/><\/p>\n<p>&nbsp;<\/p>\n","protected":false},"excerpt":{"rendered":"<p>Club Mercedes sigue su puesta a punto de cara al debut en el Federal C y Flandria pensando en el &#8230; <a title=\"Flandria y Mercedes jugaron un amistoso en la Liga\" class=\"read-more\" href=\"https:\/\/www.hoymercedes.com.ar\/principal\/2017\/01\/21\/flandria-y-mercedes-jugaron-un-amistoso-en-la-liga\/\" aria-label=\"Leer m\u00e1s sobre Flandria y Mercedes jugaron un amistoso en la Liga\">Leer m\u00e1s<\/a><\/p>\n","protected":false},"author":1,"featured_media":59116,"comment_status":"closed","ping_status":"open","sticky":false,"template":"","format":"standard","meta":{"_monsterinsights_skip_tracking":false,"_monsterinsights_sitenote_active":false,"_monsterinsights_sitenote_note":"","_monsterinsights_sitenote_category":0,"jetpack_post_was_ever_published":false,"_jetpack_newsletter_access":"","_jetpack_dont_email_post_to_subs":false,"_jetpack_newsletter_tier_id":0,"_jetpack_memberships_contains_paywalled_content":false,"_jetpack_memberships_contains_paid_content":false,"footnotes":"","jetpack_publicize_message":"","jetpack_publicize_feature_enabled":true,"jetpack_social_post_already_shared":true,"jetpack_social_options":{"image_generator_settings":{"template":"highway","default_image_id":0,"font":"","enabled":false},"version":2},"_wpas_customize_per_network":false},"categories":[21],"tags":[10421,122,204,10443,3129,1003,10441],"class_list":["post-59108","post","type-post","status-publish","format-standard","has-post-thumbnail","hentry","category-deportes","tag-amistoso","tag-club-mercedes","tag-deportes-2","tag-entrenamiento","tag-flandria","tag-futbol","tag-pretemporada","generate-columns","tablet-grid-50","mobile-grid-100","grid-parent","grid-50"],"jetpack_publicize_connections":[],"jetpack_featured_media_url":"https:\/\/www.hoymercedes.com.ar\/principal\/wp-content\/uploads\/2017\/01\/DSCN2892.jpg","wps_subtitle":"","jetpack_sharing_enabled":true,"_links":{"self":[{"href":"https:\/\/www.hoymercedes.com.ar\/principal\/wp-json\/wp\/v2\/posts\/59108","targetHints":{"allow":["GET"]}}],"collection":[{"href":"https:\/\/www.hoymercedes.com.ar\/principal\/wp-json\/wp\/v2\/posts"}],"about":[{"href":"https:\/\/www.hoymercedes.com.ar\/principal\/wp-json\/wp\/v2\/types\/post"}],"author":[{"embeddable":true,"href":"https:\/\/www.hoymercedes.com.ar\/principal\/wp-json\/wp\/v2\/users\/1"}],"replies":[{"embeddable":true,"href":"https:\/\/www.hoymercedes.com.ar\/principal\/wp-json\/wp\/v2\/comments?post=59108"}],"version-history":[{"count":0,"href":"https:\/\/www.hoymercedes.com.ar\/principal\/wp-json\/wp\/v2\/posts\/59108\/revisions"}],"wp:featuredmedia":[{"embeddable":true,"href":"https:\/\/www.hoymercedes.com.ar\/principal\/wp-json\/wp\/v2\/media\/59116"}],"wp:attachment":[{"href":"https:\/\/www.hoymercedes.com.ar\/principal\/wp-json\/wp\/v2\/media?parent=59108"}],"wp:term":[{"taxonomy":"category","embeddable":true,"href":"https:\/\/www.hoymercedes.com.ar\/principal\/wp-json\/wp\/v2\/categories?post=59108"},{"taxonomy":"post_tag","embeddable":true,"href":"https:\/\/www.hoymercedes.com.ar\/principal\/wp-json\/wp\/v2\/tags?post=59108"}],"curies":[{"name":"wp","href":"https:\/\/api.w.org\/{rel}","templated":true}]}}