{"id":59128,"date":"2017-01-22T21:23:10","date_gmt":"2017-01-23T00:23:10","guid":{"rendered":"http:\/\/www.hoymercedes.com.ar\/principal\/?p=59128"},"modified":"2017-01-22T21:23:10","modified_gmt":"2017-01-23T00:23:10","slug":"daniel-bandoni-sentamos-las-bases-para-un-hospital-para-los-proximos-20-anos","status":"publish","type":"post","link":"https:\/\/www.hoymercedes.com.ar\/principal\/2017\/01\/22\/daniel-bandoni-sentamos-las-bases-para-un-hospital-para-los-proximos-20-anos\/","title":{"rendered":"Daniel Bandoni: \u00abSentamos las bases para un Hospital para los pr\u00f3ximos 20 a\u00f1os\u00bb"},"content":{"rendered":"<p><em><strong>Fueron las palabras del Director del Nosocomio local Doctor Daniel Bandoni, al referirse a la\u00a0reuni\u00f3n\u00a0que tuvieron el\u00a0pasado viernes con autoridades del Ministerio de Salud de la Provincia donde aprobaron la nueva estructura del Hospital. Se cumple un a\u00f1o del Cirujano al frente del Blas Dubarry.<\/strong><\/em><\/p>\n<p><img loading=\"lazy\" decoding=\"async\" data-attachment-id=\"50455\" data-permalink=\"https:\/\/www.hoymercedes.com.ar\/principal\/2016\/05\/27\/nueva-publicacion-del-museo-ameghino\/27-dr-bandoni\/#main\" data-orig-file=\"https:\/\/www.hoymercedes.com.ar\/principal\/wp-content\/uploads\/2016\/05\/27-Dr-Bandoni.jpg\" data-orig-size=\"448,336\" data-comments-opened=\"1\" data-image-meta=\"{&quot;aperture&quot;:&quot;4&quot;,&quot;credit&quot;:&quot;&quot;,&quot;camera&quot;:&quot;DSC-H2&quot;,&quot;caption&quot;:&quot;&quot;,&quot;created_timestamp&quot;:&quot;1179253966&quot;,&quot;copyright&quot;:&quot;&quot;,&quot;focal_length&quot;:&quot;6&quot;,&quot;iso&quot;:&quot;80&quot;,&quot;shutter_speed&quot;:&quot;0.0125&quot;,&quot;title&quot;:&quot;&quot;,&quot;orientation&quot;:&quot;1&quot;}\" data-image-title=\"27 Dr Bandoni\" data-image-description=\"\" data-image-caption=\"\" data-large-file=\"https:\/\/www.hoymercedes.com.ar\/principal\/wp-content\/uploads\/2016\/05\/27-Dr-Bandoni.jpg\" class=\"aligncenter size-full wp-image-50455\" src=\"https:\/\/www.hoymercedes.com.ar\/principal\/wp-content\/uploads\/2016\/05\/27-Dr-Bandoni.jpg\" alt=\"\" width=\"448\" height=\"336\" srcset=\"https:\/\/www.hoymercedes.com.ar\/principal\/wp-content\/uploads\/2016\/05\/27-Dr-Bandoni.jpg 448w, https:\/\/www.hoymercedes.com.ar\/principal\/wp-content\/uploads\/2016\/05\/27-Dr-Bandoni-150x113.jpg 150w\" sizes=\"auto, (max-width: 448px) 100vw, 448px\" \/><\/p>\n<p>Hace 365 d\u00edas, desde Cambiemos en la ciudad de Mercedes, se anunciaba la llegada de Daniel Bandoni a la Direcci\u00f3n del Hospital Blas L. Dubarry\u00a0 era el primer nombramiento importante del espacio, y no era menor ya que como hab\u00eda manifestado durante su campa\u00f1a a Intendente Lucas Fal, era un profeso luchador de la salud p\u00fablica. As\u00ed fue que junto con la llegada de Bandoni se sum\u00f3 posteriormente la Doctora Mariana Cerriotto.<\/p>\n<p>Luego de un a\u00f1o de intenso trabajo y ocuparse de la salud de los mercedinos, tambi\u00e9n hubo que trabajar mucho en algunas cuestiones administrativas normalizando las mismas, como explica el cirujano \u00abLos hospitales tienen un sistema de recupero de honorarios de obras sociales que se llama SAMO de lo que se cobra de obras sociales se manda un porcentaje\u00a0 a la provincia, hoy vuelve a los hospitales en forma de recurso extraordinario con el cual pudimos comprar instrumental de oftalmolog\u00eda\u00a0 nuevo por un valor de mas de 100000 pesos.\u00bb<\/p>\n<p>Seg\u00fan dijo la m\u00e1xima autoridad del Dubarry la aprobaci\u00f3n del la nueva estructura \u00bb Es\u00a0 extremadamente importante por que es como el esqueleto sobre el que se apoya el cuerpo humano o los cimientos de un edificio. Cuando asumimos la gesti\u00f3n\u00a0 esta estructura databa del 2007, lo que significaba\u00a0 un hospital muy peque\u00f1o. (tengamos en cuenta que los nombramientos durante estos 10 o 12 \u00faltimos a\u00f1os se consegu\u00edan por tel\u00e9fono no por concursos) . Poner esta estructura al d\u00eda es una tarea dif\u00edcil por que debemos demostrarle al Ministerio que hemos crecido, que el recurso humano aument\u00f3, que tenemos m\u00e1s\u00a0 especialidades. Cuando fuimos con esta inquietud nos mostraron lo que ten\u00edan, que era una estructura del 2007 (que correspond\u00eda a 170 empleados. Luego de un trabajo muy duro de parte de la Dra Mariana Ceriotto y de mucho apoyo del Ministerio , durante todo un a\u00f1o, reconocieron que nuestro hospital hoy es otro (500 empleados y otra infraestructura) y en tiempo record (porque en general esto tarda a\u00f1os) nos aprobaron la estructura que presentamos, confeccionada de com\u00fan acuerdo con los jefes y autoridades de cada sector del hospital\u00bb comentaba Bandoni. Al ser consultado sobre que tan importante es esto para la salud de la ciudad el doctor dijo que \u00abEs como dejar sentada las bases para un hospital a 20 a\u00f1os es dejar un edificio solido, ademas de poder pedir y gestionar tanto en infraestructura como en recursos humanos y as\u00ed poder crecer, pero a diferencia de antes, de la mano del Ministerio con todo en regla.<\/p>\n<p>El viernes despu\u00e9s de la reuni\u00f3n con la Direcci\u00f3n de Hospitales esta nueva estructura fue aprobada en su totalidad. Esto implica la capacidad de crecer y poder ofrecer a la gente mejor servicio y mayor complejidad , y la posibilidad de mas nombramientos. ademas en esa reuni\u00f3n se comenz\u00f3 a delinear la estructura del centro de prevenci\u00f3n diagnostico y tratamiento de enfermedades cr\u00f3nicas no transmisibles. Donde se implementara un sistema de tratamiento y rehabilitaci\u00f3n de enfermedades como diabetes, hipertensi\u00f3n arterial , secuelas neurol\u00f3gicas de los accidentes cerebrovasculares, etc. En otras palabras nos volvimos sumamente conformes con todo el trabajo y la buena predisposici\u00f3n del Ministerio de Salud de la Provincia y La Gobernadora que demuestran d\u00eda a d\u00eda cuales son las prioridades para los bonaerenses\u00bb sentenci\u00f3 Bandoni.<\/p>\n<p>&nbsp;<\/p>\n<p>Fuente: Prensa Frente Cambiemos<\/p>\n","protected":false},"excerpt":{"rendered":"<p>Fueron las palabras del Director del Nosocomio local Doctor Daniel Bandoni, al referirse a la\u00a0reuni\u00f3n\u00a0que tuvieron el\u00a0pasado viernes con autoridades &#8230; <a title=\"Daniel Bandoni: \u00abSentamos las bases para un Hospital para los pr\u00f3ximos 20 a\u00f1os\u00bb\" class=\"read-more\" href=\"https:\/\/www.hoymercedes.com.ar\/principal\/2017\/01\/22\/daniel-bandoni-sentamos-las-bases-para-un-hospital-para-los-proximos-20-anos\/\" aria-label=\"Leer m\u00e1s sobre Daniel Bandoni: \u00abSentamos las bases para un Hospital para los pr\u00f3ximos 20 a\u00f1os\u00bb\">Leer m\u00e1s<\/a><\/p>\n","protected":false},"author":1,"featured_media":50455,"comment_status":"closed","ping_status":"open","sticky":false,"template":"","format":"standard","meta":{"_monsterinsights_skip_tracking":false,"_monsterinsights_sitenote_active":false,"_monsterinsights_sitenote_note":"","_monsterinsights_sitenote_category":0,"jetpack_post_was_ever_published":false,"_jetpack_newsletter_access":"","_jetpack_dont_email_post_to_subs":false,"_jetpack_newsletter_tier_id":0,"_jetpack_memberships_contains_paywalled_content":false,"_jetpack_memberships_contains_paid_content":false,"footnotes":"","jetpack_publicize_message":"","jetpack_publicize_feature_enabled":true,"jetpack_social_post_already_shared":true,"jetpack_social_options":{"image_generator_settings":{"template":"highway","default_image_id":0,"font":"","enabled":false},"version":2},"_wpas_customize_per_network":false},"categories":[5,9791],"tags":[7887,624,1803,134],"class_list":["post-59128","post","type-post","status-publish","format-standard","has-post-thumbnail","hentry","category-politica","category-salud","tag-daniel-bandoni","tag-hospital-blas-l-dubarry","tag-provincia","tag-salud","generate-columns","tablet-grid-50","mobile-grid-100","grid-parent","grid-50"],"jetpack_publicize_connections":[],"jetpack_featured_media_url":"https:\/\/www.hoymercedes.com.ar\/principal\/wp-content\/uploads\/2016\/05\/27-Dr-Bandoni.jpg","wps_subtitle":"Tras la reuni\u00f3n en provincia","jetpack_sharing_enabled":true,"jetpack-related-posts":[{"id":103923,"url":"https:\/\/www.hoymercedes.com.ar\/principal\/2019\/12\/12\/bandoni-confirmo-que-dejara-la-direccion-del-hospital-dubarry\/","url_meta":{"origin":59128,"position":0},"title":"Bandoni confirm\u00f3 que dejar\u00e1 la Direcci\u00f3n del Hospital Dubarry","author":"hoymercedes","date":"12 diciembre, 2019","format":false,"excerpt":"Present\u00f3 su renuncia al igual que la Dra. Mariana Ceriotto. Anticip\u00f3 que se quedar\u00e1n enero para hacer la transici\u00f3n correspondiente con qui\u00e9nes ocupen el cargo. Se desconocen p\u00fablicamente qui\u00e9nes ser\u00e1n los reemplazantes El Dr. Daniel Bandoni y la Dra. Mariana Ceriotto anticiparon que dejar\u00e1n la direcci\u00f3n del Hospital Blas L.\u2026","rel":"","context":"En \u00abSalud\u00bb","block_context":{"text":"Salud","link":"https:\/\/www.hoymercedes.com.ar\/principal\/category\/salud\/"},"img":{"alt_text":"","src":"https:\/\/i0.wp.com\/www.hoymercedes.com.ar\/principal\/wp-content\/uploads\/2019\/12\/IMG_20191211_102941328-800x600.jpg?resize=350%2C200&ssl=1","width":350,"height":200,"srcset":"https:\/\/i0.wp.com\/www.hoymercedes.com.ar\/principal\/wp-content\/uploads\/2019\/12\/IMG_20191211_102941328-800x600.jpg?resize=350%2C200&ssl=1 1x, https:\/\/i0.wp.com\/www.hoymercedes.com.ar\/principal\/wp-content\/uploads\/2019\/12\/IMG_20191211_102941328-800x600.jpg?resize=525%2C300&ssl=1 1.5x, https:\/\/i0.wp.com\/www.hoymercedes.com.ar\/principal\/wp-content\/uploads\/2019\/12\/IMG_20191211_102941328-800x600.jpg?resize=700%2C400&ssl=1 2x"},"classes":[]},{"id":105758,"url":"https:\/\/www.hoymercedes.com.ar\/principal\/2020\/01\/30\/personal-del-dubarry-despidio-a-los-directores-bandoni-ceriotto-y-gil\/","url_meta":{"origin":59128,"position":1},"title":"Personal del Dubarry despidi\u00f3 a los directores Bandoni, Ceriotto y Gil","author":"hoymercedes","date":"30 enero, 2020","format":false,"excerpt":"Este jueves, personal del Hospital Blas L. Dubarry realiz\u00f3 un desayuno de camarader\u00eda y despedida del equipo de direcci\u00f3n que terminan su cargo por estos d\u00edas. Los doctores Daniel Bandoni y Mariana Ceriotto, junto a la Trabajadora Social Liliana Gil dejar\u00e1n la direcci\u00f3n del nosocomio para darle lugar a la\u2026","rel":"","context":"En \u00abSalud\u00bb","block_context":{"text":"Salud","link":"https:\/\/www.hoymercedes.com.ar\/principal\/category\/salud\/"},"img":{"alt_text":"","src":"https:\/\/i0.wp.com\/www.hoymercedes.com.ar\/principal\/wp-content\/uploads\/2020\/01\/30-dubarry-despedida-1.jpg?resize=350%2C200&ssl=1","width":350,"height":200,"srcset":"https:\/\/i0.wp.com\/www.hoymercedes.com.ar\/principal\/wp-content\/uploads\/2020\/01\/30-dubarry-despedida-1.jpg?resize=350%2C200&ssl=1 1x, https:\/\/i0.wp.com\/www.hoymercedes.com.ar\/principal\/wp-content\/uploads\/2020\/01\/30-dubarry-despedida-1.jpg?resize=525%2C300&ssl=1 1.5x, https:\/\/i0.wp.com\/www.hoymercedes.com.ar\/principal\/wp-content\/uploads\/2020\/01\/30-dubarry-despedida-1.jpg?resize=700%2C400&ssl=1 2x"},"classes":[]},{"id":46006,"url":"https:\/\/www.hoymercedes.com.ar\/principal\/2015\/11\/19\/daniel-bandoni-desde-el-frente-cambiemos-estamos-trabajando-con-un-equipo-de-salud-para-una-propuesta-para-el-dubarry\/","url_meta":{"origin":59128,"position":2},"title":"Daniel Bandoni : \u00abDesde el Frente Cambiemos estamos trabajando con un equipo de salud para una propuesta para el Dubarry\u00bb","author":"hoymercedes","date":"19 noviembre, 2015","format":false,"excerpt":"Como ya anticipamos en HoyMercedes.com el cirujano Daniel Bandoni ser\u00e1 -si nada cambia- el pr\u00f3ximo director del Hospital Blas Dubarry de nuestra ciudad. Como trascendi\u00f3 en estos d\u00edas, el Dr. Bandoni se reuni\u00f3 con Lucas Fal para analizar la situaci\u00f3n del hospital y la conformaci\u00f3n de futuro directorio. En una\u2026","rel":"","context":"En \u00abPol\u00edtica\u00bb","block_context":{"text":"Pol\u00edtica","link":"https:\/\/www.hoymercedes.com.ar\/principal\/category\/politica\/"},"img":{"alt_text":"","src":"https:\/\/i0.wp.com\/www.hoymercedes.com.ar\/principal\/wp-content\/uploads\/2015\/11\/DanielBandoni.jpg?resize=350%2C200&ssl=1","width":350,"height":200,"srcset":"https:\/\/i0.wp.com\/www.hoymercedes.com.ar\/principal\/wp-content\/uploads\/2015\/11\/DanielBandoni.jpg?resize=350%2C200&ssl=1 1x, https:\/\/i0.wp.com\/www.hoymercedes.com.ar\/principal\/wp-content\/uploads\/2015\/11\/DanielBandoni.jpg?resize=525%2C300&ssl=1 1.5x"},"classes":[]},{"id":104274,"url":"https:\/\/www.hoymercedes.com.ar\/principal\/2019\/12\/20\/cierre-del-ano-de-actividades-en-sapec\/","url_meta":{"origin":59128,"position":3},"title":"Cierre del a\u00f1o de actividades en SAPEC","author":"hoymercedes","date":"20 diciembre, 2019","format":false,"excerpt":"La Sala de Atenci\u00f3n a Personas con Enfermedades Cr\u00f3nicas del Hospital Blas L. Dubarry llev\u00f3 adelante una celebraci\u00f3n de fin de a\u00f1o, cerrando las actividades abiertas a la comunidad por este 2019. En una de los espacios de atenci\u00f3n a los pacientes que all\u00ed concurren, el esquipo de profesionales del\u2026","rel":"","context":"En \u00abSalud\u00bb","block_context":{"text":"Salud","link":"https:\/\/www.hoymercedes.com.ar\/principal\/category\/salud\/"},"img":{"alt_text":"","src":"https:\/\/i0.wp.com\/www.hoymercedes.com.ar\/principal\/wp-content\/uploads\/2019\/12\/cierrea%C3%B1o-SAPEC-5.jpg?resize=350%2C200&ssl=1","width":350,"height":200,"srcset":"https:\/\/i0.wp.com\/www.hoymercedes.com.ar\/principal\/wp-content\/uploads\/2019\/12\/cierrea%C3%B1o-SAPEC-5.jpg?resize=350%2C200&ssl=1 1x, https:\/\/i0.wp.com\/www.hoymercedes.com.ar\/principal\/wp-content\/uploads\/2019\/12\/cierrea%C3%B1o-SAPEC-5.jpg?resize=525%2C300&ssl=1 1.5x, https:\/\/i0.wp.com\/www.hoymercedes.com.ar\/principal\/wp-content\/uploads\/2019\/12\/cierrea%C3%B1o-SAPEC-5.jpg?resize=700%2C400&ssl=1 2x"},"classes":[]},{"id":120563,"url":"https:\/\/www.hoymercedes.com.ar\/principal\/2020\/11\/21\/celebraron-el-dia-de-la-enfermeria-en-el-hospital-dubarry\/","url_meta":{"origin":59128,"position":4},"title":"Celebraron el D\u00eda de la Enfermer\u00eda en el Hospital Dubarry","author":"hoymercedes","date":"21 noviembre, 2020","format":false,"excerpt":"Reconocieron a los trabajadores que se jubilaron a lo largo del a\u00f1o: Daniel Bandoni (M\u00e9dico Cirujano y ex Director del Hospital); Maximo Caironi (Enfermero); Laura MIraglia (Instrumentadora quir\u00fargica y jefa de quir\u00f3fano); Ana Telenta (M\u00e9dica Terapista); Susana Martinez (Administrativa); Silvia Corrado (Administrativa); Leonor Pinilla (Enfermera); Aldo Almir\u00f3n (Enfermero), Patricia Lutteral\u2026","rel":"","context":"En \u00abSalud\u00bb","block_context":{"text":"Salud","link":"https:\/\/www.hoymercedes.com.ar\/principal\/category\/salud\/"},"img":{"alt_text":"","src":"https:\/\/i0.wp.com\/www.hoymercedes.com.ar\/principal\/wp-content\/uploads\/2020\/11\/21-Enfermeria-hospital-00.jpg?resize=350%2C200&ssl=1","width":350,"height":200,"srcset":"https:\/\/i0.wp.com\/www.hoymercedes.com.ar\/principal\/wp-content\/uploads\/2020\/11\/21-Enfermeria-hospital-00.jpg?resize=350%2C200&ssl=1 1x, https:\/\/i0.wp.com\/www.hoymercedes.com.ar\/principal\/wp-content\/uploads\/2020\/11\/21-Enfermeria-hospital-00.jpg?resize=525%2C300&ssl=1 1.5x, https:\/\/i0.wp.com\/www.hoymercedes.com.ar\/principal\/wp-content\/uploads\/2020\/11\/21-Enfermeria-hospital-00.jpg?resize=700%2C400&ssl=1 2x"},"classes":[]},{"id":53205,"url":"https:\/\/www.hoymercedes.com.ar\/principal\/2016\/08\/05\/cassiani-y-bandoni-junto-a-la-ministra-de-salud-provincial\/","url_meta":{"origin":59128,"position":5},"title":"Cassiani y Bandoni junto a la ministra de Salud provincial","author":"hoymercedes","date":"5 agosto, 2016","format":false,"excerpt":"El secretario de Salud del municipio, Pablo Cassiani y el director del Hospital Blas L. Dubarry, Daniel Bandoni estuvieron juntos en un encuentro con la ministra de Salud de la provincia, Zulma Ortiz. El encuentro se desarroll\u00f3 ayer en la ciudad de Pergamino, en el marco de la presentaci\u00f3n del\u2026","rel":"","context":"En \u00abProvincia\u00bb","block_context":{"text":"Provincia","link":"https:\/\/www.hoymercedes.com.ar\/principal\/category\/provincia\/"},"img":{"alt_text":"","src":"https:\/\/i0.wp.com\/www.hoymercedes.com.ar\/principal\/wp-content\/uploads\/2016\/08\/ministra.jpeg?resize=350%2C200&ssl=1","width":350,"height":200,"srcset":"https:\/\/i0.wp.com\/www.hoymercedes.com.ar\/principal\/wp-content\/uploads\/2016\/08\/ministra.jpeg?resize=350%2C200&ssl=1 1x, https:\/\/i0.wp.com\/www.hoymercedes.com.ar\/principal\/wp-content\/uploads\/2016\/08\/ministra.jpeg?resize=525%2C300&ssl=1 1.5x"},"classes":[]}],"_links":{"self":[{"href":"https:\/\/www.hoymercedes.com.ar\/principal\/wp-json\/wp\/v2\/posts\/59128","targetHints":{"allow":["GET"]}}],"collection":[{"href":"https:\/\/www.hoymercedes.com.ar\/principal\/wp-json\/wp\/v2\/posts"}],"about":[{"href":"https:\/\/www.hoymercedes.com.ar\/principal\/wp-json\/wp\/v2\/types\/post"}],"author":[{"embeddable":true,"href":"https:\/\/www.hoymercedes.com.ar\/principal\/wp-json\/wp\/v2\/users\/1"}],"replies":[{"embeddable":true,"href":"https:\/\/www.hoymercedes.com.ar\/principal\/wp-json\/wp\/v2\/comments?post=59128"}],"version-history":[{"count":0,"href":"https:\/\/www.hoymercedes.com.ar\/principal\/wp-json\/wp\/v2\/posts\/59128\/revisions"}],"wp:featuredmedia":[{"embeddable":true,"href":"https:\/\/www.hoymercedes.com.ar\/principal\/wp-json\/wp\/v2\/media\/50455"}],"wp:attachment":[{"href":"https:\/\/www.hoymercedes.com.ar\/principal\/wp-json\/wp\/v2\/media?parent=59128"}],"wp:term":[{"taxonomy":"category","embeddable":true,"href":"https:\/\/www.hoymercedes.com.ar\/principal\/wp-json\/wp\/v2\/categories?post=59128"},{"taxonomy":"post_tag","embeddable":true,"href":"https:\/\/www.hoymercedes.com.ar\/principal\/wp-json\/wp\/v2\/tags?post=59128"}],"curies":[{"name":"wp","href":"https:\/\/api.w.org\/{rel}","templated":true}]}}