{"id":59152,"date":"2017-01-24T11:05:53","date_gmt":"2017-01-24T14:05:53","guid":{"rendered":"http:\/\/www.hoymercedes.com.ar\/principal\/?p=59152"},"modified":"2017-01-24T14:24:07","modified_gmt":"2017-01-24T17:24:07","slug":"mas-musica-en-las-plazas-durante-los-fines-de-semana","status":"publish","type":"post","link":"https:\/\/www.hoymercedes.com.ar\/principal\/2017\/01\/24\/mas-musica-en-las-plazas-durante-los-fines-de-semana\/","title":{"rendered":"M\u00e1s M\u00fasica en las Plazas durante los fines de semana"},"content":{"rendered":"<p>Cada fecha que se sucede, el p\u00fablico se suma a la propuesta de vivir Mercedes a trav\u00e9s de la m\u00fasica en las plazas de la ciudad.\u00a0El pasado fin de semana, un gran n\u00famero de personas pasaron observando los espect\u00e1culos propuestos, adem\u00e1s de visitar los diferentes puestos de venta que presentan artesanos y vendedores en coloridos y llamativos stands.<\/p>\n<p>El s\u00e1bado el p\u00fablico colm\u00f3 la capacidad que posee la plaza San Luis, lugar donde Nahuel Fusco marc\u00f3 su presencia con la m\u00fasica ciudadana y Oscar Rossello impuso su particular estilo en la interpretaci\u00f3n del folklore nacional.<\/p>\n<p><img loading=\"lazy\" decoding=\"async\" data-attachment-id=\"59153\" data-permalink=\"https:\/\/www.hoymercedes.com.ar\/principal\/2017\/01\/24\/mas-musica-en-las-plazas-durante-los-fines-de-semana\/24-vivi-mercedes-pza-san-luis\/#main\" data-orig-file=\"https:\/\/www.hoymercedes.com.ar\/principal\/wp-content\/uploads\/2017\/01\/24-vivi-mercedes-pza-san-luis.jpg\" data-orig-size=\"630,354\" data-comments-opened=\"0\" data-image-meta=\"{&quot;aperture&quot;:&quot;1.6&quot;,&quot;credit&quot;:&quot;&quot;,&quot;camera&quot;:&quot;AG-AC90A&quot;,&quot;caption&quot;:&quot;&quot;,&quot;created_timestamp&quot;:&quot;1485038039&quot;,&quot;copyright&quot;:&quot;&quot;,&quot;focal_length&quot;:&quot;5.07&quot;,&quot;iso&quot;:&quot;0&quot;,&quot;shutter_speed&quot;:&quot;0.02&quot;,&quot;title&quot;:&quot;&quot;,&quot;orientation&quot;:&quot;1&quot;}\" data-image-title=\"24 vivi mercedes pza san luis\" data-image-description=\"\" data-image-caption=\"\" data-large-file=\"https:\/\/www.hoymercedes.com.ar\/principal\/wp-content\/uploads\/2017\/01\/24-vivi-mercedes-pza-san-luis.jpg\" class=\"aligncenter size-medium wp-image-59153\" src=\"https:\/\/www.hoymercedes.com.ar\/principal\/wp-content\/uploads\/2017\/01\/24-vivi-mercedes-pza-san-luis-630x354.jpg\" alt=\"\" width=\"630\" height=\"354\" srcset=\"https:\/\/www.hoymercedes.com.ar\/principal\/wp-content\/uploads\/2017\/01\/24-vivi-mercedes-pza-san-luis.jpg 630w, https:\/\/www.hoymercedes.com.ar\/principal\/wp-content\/uploads\/2017\/01\/24-vivi-mercedes-pza-san-luis-150x84.jpg 150w\" sizes=\"auto, (max-width: 630px) 100vw, 630px\" \/><\/p>\n<p>La m\u00fasica fue contagiando a aquellos bailarines que observaban desde sus ubicaciones, e invadieron los sectores ofrecidos como pistas de baile, marcando sus pasos al ritmo que propon\u00edan los artistas.<\/p>\n<p>M\u00e1s de 20 parejas fueron parte del concurso de baile, donde se busca a los mejores en el g\u00e9nero cumbia, una selecci\u00f3n que avanza para llegar a una final en el \u00faltimo encuentro que ser\u00e1 en la Trocha.<\/p>\n<p>Lo mismo ocurri\u00f3 en la canchita del Barrio Unidad y Progreso, donde actuaron Mat\u00edas Navarro y Los del Pedregal.<\/p>\n<p>Los encuentros tendr\u00e1n su continuidad el pr\u00f3ximo d\u00eda viernes 27 en el Barrio San Mart\u00edn, concretando el que se hab\u00eda suspendido por lluvia, con la presentaci\u00f3n de Hugo Ra\u00fal Ponce de Le\u00f3n y Camilo Rojas.<\/p>\n<p>El s\u00e1bado 28 en plaza San Jos\u00e9 y la actuaci\u00f3n de Lucas Maidana adem\u00e1s de Oscar Ballesteros; y el domingo 28 en el predio que posee la sociedad de fomento de Gowland,\u00a0 con la vuelta desde Cosqu\u00edn de Ivana Cestari y el cierre de Cumbia Pika.<\/p>\n<p>En cada oportunidad brindando adem\u00e1s actividades recreativas, deportivas, artesanos y el concurso de baile que sigue avanzando con la participaci\u00f3n de cada vez m\u00e1s parejas, buscando la final del d\u00eda s\u00e1bado 4 de febrero.<\/p>\n<p>&nbsp;<\/p>\n<p>Fuente: Prensa Municipal<\/p>\n<p>&nbsp;<\/p>\n","protected":false},"excerpt":{"rendered":"<p>Cada fecha que se sucede, el p\u00fablico se suma a la propuesta de vivir Mercedes a trav\u00e9s de la m\u00fasica &#8230; <a title=\"M\u00e1s M\u00fasica en las Plazas durante los fines de semana\" class=\"read-more\" href=\"https:\/\/www.hoymercedes.com.ar\/principal\/2017\/01\/24\/mas-musica-en-las-plazas-durante-los-fines-de-semana\/\" aria-label=\"Leer m\u00e1s sobre M\u00e1s M\u00fasica en las Plazas durante los fines de semana\">Leer m\u00e1s<\/a><\/p>\n","protected":false},"author":1,"featured_media":59153,"comment_status":"closed","ping_status":"open","sticky":false,"template":"","format":"standard","meta":{"_monsterinsights_skip_tracking":false,"_monsterinsights_sitenote_active":false,"_monsterinsights_sitenote_note":"","_monsterinsights_sitenote_category":0,"jetpack_post_was_ever_published":false,"_jetpack_newsletter_access":"","_jetpack_dont_email_post_to_subs":false,"_jetpack_newsletter_tier_id":0,"_jetpack_memberships_contains_paywalled_content":false,"_jetpack_memberships_contains_paid_content":false,"footnotes":"","jetpack_publicize_message":"","jetpack_publicize_feature_enabled":true,"jetpack_social_post_already_shared":true,"jetpack_social_options":{"image_generator_settings":{"template":"highway","default_image_id":0,"font":"","enabled":false},"version":2},"_wpas_customize_per_network":false},"categories":[104],"tags":[7805,8539,10470,10403],"class_list":["post-59152","post","type-post","status-publish","format-standard","has-post-thumbnail","hentry","category-cultura","tag-cultura","tag-musica","tag-plaza-san-luis","tag-vivi-mercedes","generate-columns","tablet-grid-50","mobile-grid-100","grid-parent","grid-50"],"jetpack_publicize_connections":[],"jetpack_featured_media_url":"https:\/\/www.hoymercedes.com.ar\/principal\/wp-content\/uploads\/2017\/01\/24-vivi-mercedes-pza-san-luis.jpg","wps_subtitle":"Viv\u00ed Mercedes","jetpack_sharing_enabled":true,"_links":{"self":[{"href":"https:\/\/www.hoymercedes.com.ar\/principal\/wp-json\/wp\/v2\/posts\/59152","targetHints":{"allow":["GET"]}}],"collection":[{"href":"https:\/\/www.hoymercedes.com.ar\/principal\/wp-json\/wp\/v2\/posts"}],"about":[{"href":"https:\/\/www.hoymercedes.com.ar\/principal\/wp-json\/wp\/v2\/types\/post"}],"author":[{"embeddable":true,"href":"https:\/\/www.hoymercedes.com.ar\/principal\/wp-json\/wp\/v2\/users\/1"}],"replies":[{"embeddable":true,"href":"https:\/\/www.hoymercedes.com.ar\/principal\/wp-json\/wp\/v2\/comments?post=59152"}],"version-history":[{"count":0,"href":"https:\/\/www.hoymercedes.com.ar\/principal\/wp-json\/wp\/v2\/posts\/59152\/revisions"}],"wp:featuredmedia":[{"embeddable":true,"href":"https:\/\/www.hoymercedes.com.ar\/principal\/wp-json\/wp\/v2\/media\/59153"}],"wp:attachment":[{"href":"https:\/\/www.hoymercedes.com.ar\/principal\/wp-json\/wp\/v2\/media?parent=59152"}],"wp:term":[{"taxonomy":"category","embeddable":true,"href":"https:\/\/www.hoymercedes.com.ar\/principal\/wp-json\/wp\/v2\/categories?post=59152"},{"taxonomy":"post_tag","embeddable":true,"href":"https:\/\/www.hoymercedes.com.ar\/principal\/wp-json\/wp\/v2\/tags?post=59152"}],"curies":[{"name":"wp","href":"https:\/\/api.w.org\/{rel}","templated":true}]}}