{"id":59175,"date":"2017-01-25T19:00:00","date_gmt":"2017-01-25T22:00:00","guid":{"rendered":"http:\/\/www.hoymercedes.com.ar\/principal\/?p=59175"},"modified":"2017-01-25T01:38:19","modified_gmt":"2017-01-25T04:38:19","slug":"mahiques-sera-parte-de-la-comision-del-nuevo-codigo-penal-y-suena-para-la-suprema-corte","status":"publish","type":"post","link":"https:\/\/www.hoymercedes.com.ar\/principal\/2017\/01\/25\/mahiques-sera-parte-de-la-comision-del-nuevo-codigo-penal-y-suena-para-la-suprema-corte\/","title":{"rendered":"Mahiques ser\u00e1 parte de la Comisi\u00f3n del nuevo C\u00f3digo Penal y suena para la Suprema Corte"},"content":{"rendered":"<p>El mercedino y ex Ministro de Justicia de Vidal reaparece en la agenda p\u00fablica al mencionarlo como representante provincial para la comisi\u00f3n de reforma del c\u00f3digo penal mientras su nombre empez\u00f3 a sonar como un posible nuevo miembro de la Suprema Corte de la Provincia de Buenos Aires.<\/p>\n<p>El presidente de la Naci\u00f3n, Mauricio Macri, crear\u00e1 una comisi\u00f3n para la reforma del c\u00f3digo penal y se afirma que el representante de la Provincia de Buenos Aires ser\u00e1 el ex funcionario del PRO y mercedino Carlos Mahiques, actualmente Juez de la C\u00e1mara Nacional de Casaci\u00f3n Penal bonaerense.<\/p>\n<p>La mencionada comisi\u00f3n ser\u00e1 conformada por 11 expertos, entre los cuales estar\u00e1 el mercedino.<\/p>\n<p>\u201cMahiques es cercano a Mar\u00eda Eugenia Vidal quien lo eligi\u00f3 como ministro de Justicia pero renunci\u00f3 en junio del a\u00f1o pasado. Sin embargo, mantiene nexos con la gobernadora y con el ministro de Seguridad, Cristian Ritondo. Su nombre suena fuerte para la vacante en la Suprema Corte de Justicia bonaerense tras la salida de Juan Carlos Hitters\u201d informaron medios provinciales.<\/p>\n<p>Tres grandes ejes ser\u00e1n los que deber\u00e1n tratar los convocados: las penas, la revisi\u00f3n de la tipificaci\u00f3n de los delitos y la edad de imputabilidad de menores.<\/p>\n<p>Bajo el seguimiento y estructura del\u00a0 Ministerio de Justicia y Derechos Humanos estar\u00e1 la Comisi\u00f3n que adem\u00e1s tendr\u00e1 una tarea que se estima de 12 meses para elaborar un proyecto de ley. El presidente de la comisi\u00f3n ser\u00e1 el integrante de la C\u00e1mara Nacional de Casaci\u00f3n Penal, Mariano Borinsky<\/p>\n<p>Acompa\u00f1ar\u00e1 Mahiques en la Comisi\u00f3n a Patricia Llerena, integrante de un tribunal oral en lo criminal (TOC) porte\u00f1o; Daniel Erbetta, presidente de la Corte Suprema de Santa Fe; V\u00edctor Mar\u00eda V\u00e9lez, Federaci\u00f3n Argentina de la Magistratura y la Funci\u00f3n Judicial; Pablo L\u00f3pez Vi\u00f1als, procurador general de Salta; Guillermo Yacobucci, integrante de un TOC porte\u00f1o y profesor de la Universidad de Buenos Aires y de la Universidad Austral; Fernando C\u00f3rdoba, docente de la UBA; Patricia Ziffer, secretaria letrada de la Corte Suprema de Justicia de la Naci\u00f3n; el fiscal Pablo Turano, y Carlos Gonz\u00e1lez Guerra, actual director nacional de Pol\u00edtica Criminal en materia de Justicia y Legislaci\u00f3n Penal que luego ser\u00e1n complementados por dos miembros designados por el Ministerio de Desarrollo Social y de Seguridad.<\/p>\n<p>Mahiques, de esta manera, contin\u00faa apareciendo como una figura importante dentro de los c\u00edrculos de confianza de la gobernadora Vidal y tambi\u00e9n, de cierta manera, del PRO a nivel nacional ya que la comisi\u00f3n es parte de un armado m\u00e1s grande que incluye representantes de distintos espacios a nivel pa\u00eds.<\/p>\n","protected":false},"excerpt":{"rendered":"<p>El mercedino y ex Ministro de Justicia de Vidal reaparece en la agenda p\u00fablica al mencionarlo como representante provincial para &#8230; <a title=\"Mahiques ser\u00e1 parte de la Comisi\u00f3n del nuevo C\u00f3digo Penal y suena para la Suprema Corte\" class=\"read-more\" href=\"https:\/\/www.hoymercedes.com.ar\/principal\/2017\/01\/25\/mahiques-sera-parte-de-la-comision-del-nuevo-codigo-penal-y-suena-para-la-suprema-corte\/\" aria-label=\"Leer m\u00e1s sobre Mahiques ser\u00e1 parte de la Comisi\u00f3n del nuevo C\u00f3digo Penal y suena para la Suprema Corte\">Leer m\u00e1s<\/a><\/p>\n","protected":false},"author":1,"featured_media":59176,"comment_status":"closed","ping_status":"open","sticky":false,"template":"","format":"standard","meta":{"_monsterinsights_skip_tracking":false,"_monsterinsights_sitenote_active":false,"_monsterinsights_sitenote_note":"","_monsterinsights_sitenote_category":0,"jetpack_post_was_ever_published":false,"_jetpack_newsletter_access":"","_jetpack_dont_email_post_to_subs":false,"_jetpack_newsletter_tier_id":0,"_jetpack_memberships_contains_paywalled_content":false,"_jetpack_memberships_contains_paid_content":false,"footnotes":"","jetpack_publicize_message":"","jetpack_publicize_feature_enabled":true,"jetpack_social_post_already_shared":true,"jetpack_social_options":{"image_generator_settings":{"template":"highway","default_image_id":0,"font":"","enabled":false},"version":2},"_wpas_customize_per_network":false},"categories":[5],"tags":[10475,10476],"class_list":["post-59175","post","type-post","status-publish","format-standard","has-post-thumbnail","hentry","category-politica","tag-carlos-mahiques","tag-codigo-penal","generate-columns","tablet-grid-50","mobile-grid-100","grid-parent","grid-50"],"jetpack_publicize_connections":[],"jetpack_featured_media_url":"https:\/\/www.hoymercedes.com.ar\/principal\/wp-content\/uploads\/2017\/01\/mahiques-carlos.jpg","wps_subtitle":"Espacios nacionales y provinciales","jetpack_sharing_enabled":true,"jetpack-related-posts":[{"id":192775,"url":"https:\/\/www.hoymercedes.com.ar\/principal\/2026\/03\/04\/milei-designo-a-juan-bautista-mahiques-como-nuevo-ministro-se-justicia\/","url_meta":{"origin":59175,"position":0},"title":"Milei design\u00f3 a Juan Bautista Mahiques como nuevo ministro se Justicia","author":"hoymercedes","date":"4 marzo, 2026","format":false,"excerpt":"El ministro de Justicia de la Naci\u00f3n, Mariano C\u00faneo Libarona, present\u00f3 su renuncia al cargo y el presidente Javier Milei confirm\u00f3 que su reemplazante ser\u00e1 Juan Bautista Mahiques, actual fiscal general de la Ciudad de Buenos Aires y oriundo de la ciudad de Mercedes.\u00a0 La salida del funcionario se formaliz\u00f3\u2026","rel":"","context":"En \u00abPol\u00edtica\u00bb","block_context":{"text":"Pol\u00edtica","link":"https:\/\/www.hoymercedes.com.ar\/principal\/category\/politica\/"},"img":{"alt_text":"","src":"https:\/\/i0.wp.com\/www.hoymercedes.com.ar\/principal\/wp-content\/uploads\/2026\/03\/IMG_9230.jpeg?resize=350%2C200&ssl=1","width":350,"height":200,"srcset":"https:\/\/i0.wp.com\/www.hoymercedes.com.ar\/principal\/wp-content\/uploads\/2026\/03\/IMG_9230.jpeg?resize=350%2C200&ssl=1 1x, https:\/\/i0.wp.com\/www.hoymercedes.com.ar\/principal\/wp-content\/uploads\/2026\/03\/IMG_9230.jpeg?resize=525%2C300&ssl=1 1.5x, https:\/\/i0.wp.com\/www.hoymercedes.com.ar\/principal\/wp-content\/uploads\/2026\/03\/IMG_9230.jpeg?resize=700%2C400&ssl=1 2x"},"classes":[]},{"id":50620,"url":"https:\/\/www.hoymercedes.com.ar\/principal\/2016\/05\/31\/renuncio-mahiques-al-ministerio-de-justicia-y-regresa-a-la-justicia\/","url_meta":{"origin":59175,"position":1},"title":"Renunci\u00f3 Mahiques al Ministerio de Justicia y regresa a la Justicia","author":"hoymercedes","date":"31 mayo, 2016","format":false,"excerpt":"El Ministro de Justicia bonaerense, Carlos Mahiques, renunci\u00f3 hoy a su cargo para reincorporarse como juez de la C\u00e1mara Nacional de Casaci\u00f3n Penal, y su puesto ser\u00e1 ocupado por el actual Asesor General del Gobierno de la Provincia de Buenos Aires, Gustavo Ferrari. En una carta que le envi\u00f3 a\u2026","rel":"","context":"En \u00abSociedad\u00bb","block_context":{"text":"Sociedad","link":"https:\/\/www.hoymercedes.com.ar\/principal\/category\/sociedad\/"},"img":{"alt_text":"","src":"https:\/\/i0.wp.com\/www.hoymercedes.com.ar\/principal\/wp-content\/uploads\/2016\/05\/Mahiques.jpg?resize=350%2C200&ssl=1","width":350,"height":200,"srcset":"https:\/\/i0.wp.com\/www.hoymercedes.com.ar\/principal\/wp-content\/uploads\/2016\/05\/Mahiques.jpg?resize=350%2C200&ssl=1 1x, https:\/\/i0.wp.com\/www.hoymercedes.com.ar\/principal\/wp-content\/uploads\/2016\/05\/Mahiques.jpg?resize=525%2C300&ssl=1 1.5x, https:\/\/i0.wp.com\/www.hoymercedes.com.ar\/principal\/wp-content\/uploads\/2016\/05\/Mahiques.jpg?resize=700%2C400&ssl=1 2x"},"classes":[]},{"id":62673,"url":"https:\/\/www.hoymercedes.com.ar\/principal\/2017\/05\/12\/se-oficializo-el-traslado-de-carlos-mahiques-a-la-camara-federal-de-casacion-penal\/","url_meta":{"origin":59175,"position":2},"title":"Se oficializ\u00f3 el traslado de Carlos Mahiques a la C\u00e1mara Federal de Casaci\u00f3n Penal","author":"hoymercedes","date":"12 mayo, 2017","format":false,"excerpt":"El Gobierno oficializ\u00f3 este jueves el traslado a la C\u00e1mara Federal de Casaci\u00f3n Penal (CFCP) del juez Carlos Alberto Mahiques, quien se desempe\u00f1aba en la Sala III de la C\u00e1mara Nacional de Casaci\u00f3n en lo Criminal y Correccional de la Capital Federal. El Decreto 328 que se publica en el\u2026","rel":"","context":"En \u00abPol\u00edtica\u00bb","block_context":{"text":"Pol\u00edtica","link":"https:\/\/www.hoymercedes.com.ar\/principal\/category\/politica\/"},"img":{"alt_text":"","src":"https:\/\/i0.wp.com\/www.hoymercedes.com.ar\/principal\/wp-content\/uploads\/2016\/07\/30-mahiques2.jpg?resize=350%2C200&ssl=1","width":350,"height":200},"classes":[]},{"id":192800,"url":"https:\/\/www.hoymercedes.com.ar\/principal\/2026\/03\/05\/asumio-el-mercedino-mahiques-como-ministro-de-justicia\/","url_meta":{"origin":59175,"position":3},"title":"Asumi\u00f3 el mercedino Mahiques como Ministro de Justicia","author":"hoymercedes","date":"5 marzo, 2026","format":false,"excerpt":"https:\/\/youtu.be\/-vzhkSYigHA El mercedino asume tras la toma de jura que le hizo el presidente Javier Milei. Entre sus desaf\u00edos inmediatos est\u00e1 cubrir m\u00e1s de 300 vacantes en el Poder Judicial.En un acto realizado en el Sal\u00f3n Blanco de Casa Rosada, el Presidente formaliz\u00f3 el relevo de Mariano C\u00faneo Libarona. En\u2026","rel":"","context":"En \u00abNaci\u00f3n\u00bb","block_context":{"text":"Naci\u00f3n","link":"https:\/\/www.hoymercedes.com.ar\/principal\/category\/nacion\/"},"img":{"alt_text":"Bautista Mahiques","src":"https:\/\/i0.wp.com\/www.hoymercedes.com.ar\/principal\/wp-content\/uploads\/2026\/03\/Captura-de-pantalla-2026-03-05-125125.png?resize=350%2C200&ssl=1","width":350,"height":200,"srcset":"https:\/\/i0.wp.com\/www.hoymercedes.com.ar\/principal\/wp-content\/uploads\/2026\/03\/Captura-de-pantalla-2026-03-05-125125.png?resize=350%2C200&ssl=1 1x, https:\/\/i0.wp.com\/www.hoymercedes.com.ar\/principal\/wp-content\/uploads\/2026\/03\/Captura-de-pantalla-2026-03-05-125125.png?resize=525%2C300&ssl=1 1.5x, https:\/\/i0.wp.com\/www.hoymercedes.com.ar\/principal\/wp-content\/uploads\/2026\/03\/Captura-de-pantalla-2026-03-05-125125.png?resize=700%2C400&ssl=1 2x, https:\/\/i0.wp.com\/www.hoymercedes.com.ar\/principal\/wp-content\/uploads\/2026\/03\/Captura-de-pantalla-2026-03-05-125125.png?resize=1050%2C600&ssl=1 3x"},"classes":[]},{"id":193073,"url":"https:\/\/www.hoymercedes.com.ar\/principal\/2026\/03\/15\/este-miercoles-trataran-el-pliego-de-carlos-mahiques\/","url_meta":{"origin":59175,"position":4},"title":"Este mi\u00e9rcoles tratar\u00e1n el pliego de Carlos Mahiques","author":"hoymercedes","date":"15 marzo, 2026","format":false,"excerpt":"El oficialismo en el Senado de la Naci\u00f3n convoc\u00f3 a la primera sesi\u00f3n del a\u00f1o para el mi\u00e9rcoles 18 de marzo a las 14, donde se prev\u00e9 dar inicio al tratamiento de distintos pliegos enviados por el Poder Ejecutivo, entre ellos el del juez Carlos Mahiques, padre del actual ministro\u2026","rel":"","context":"En \u00abPol\u00edtica\u00bb","block_context":{"text":"Pol\u00edtica","link":"https:\/\/www.hoymercedes.com.ar\/principal\/category\/politica\/"},"img":{"alt_text":"","src":"https:\/\/i0.wp.com\/www.hoymercedes.com.ar\/principal\/wp-content\/uploads\/2017\/01\/mahiques-carlos.jpg?resize=350%2C200&ssl=1","width":350,"height":200,"srcset":"https:\/\/i0.wp.com\/www.hoymercedes.com.ar\/principal\/wp-content\/uploads\/2017\/01\/mahiques-carlos.jpg?resize=350%2C200&ssl=1 1x, https:\/\/i0.wp.com\/www.hoymercedes.com.ar\/principal\/wp-content\/uploads\/2017\/01\/mahiques-carlos.jpg?resize=525%2C300&ssl=1 1.5x"},"classes":[]},{"id":46628,"url":"https:\/\/www.hoymercedes.com.ar\/principal\/2015\/12\/29\/mahiques-puso-en-funciones-al-jefe-del-servicio-penitenciario\/","url_meta":{"origin":59175,"position":5},"title":"Mahiques puso en funciones al Jefe del Servicio Penitenciario","author":"hoymercedes","date":"29 diciembre, 2015","format":false,"excerpt":"El mercedino y ministro de Justicia de la provincia de Buenos Aires, Carlos Mahiques, puso en funciones a Fernando D\u00edaz como Jefe del Servicio Penitenciario, luego de que la gobernadora firm\u00f3 el decreto del cese en el cargo de la ex titular de esa repartici\u00f3n, Mar\u00eda Florencia Piermarini. En la\u2026","rel":"","context":"En \u00abPol\u00edtica\u00bb","block_context":{"text":"Pol\u00edtica","link":"https:\/\/www.hoymercedes.com.ar\/principal\/category\/politica\/"},"img":{"alt_text":"","src":"https:\/\/i0.wp.com\/www.hoymercedes.com.ar\/principal\/wp-content\/uploads\/2015\/12\/mahiquez-diez-1.jpg?resize=350%2C200&ssl=1","width":350,"height":200,"srcset":"https:\/\/i0.wp.com\/www.hoymercedes.com.ar\/principal\/wp-content\/uploads\/2015\/12\/mahiquez-diez-1.jpg?resize=350%2C200&ssl=1 1x, https:\/\/i0.wp.com\/www.hoymercedes.com.ar\/principal\/wp-content\/uploads\/2015\/12\/mahiquez-diez-1.jpg?resize=525%2C300&ssl=1 1.5x"},"classes":[]}],"_links":{"self":[{"href":"https:\/\/www.hoymercedes.com.ar\/principal\/wp-json\/wp\/v2\/posts\/59175","targetHints":{"allow":["GET"]}}],"collection":[{"href":"https:\/\/www.hoymercedes.com.ar\/principal\/wp-json\/wp\/v2\/posts"}],"about":[{"href":"https:\/\/www.hoymercedes.com.ar\/principal\/wp-json\/wp\/v2\/types\/post"}],"author":[{"embeddable":true,"href":"https:\/\/www.hoymercedes.com.ar\/principal\/wp-json\/wp\/v2\/users\/1"}],"replies":[{"embeddable":true,"href":"https:\/\/www.hoymercedes.com.ar\/principal\/wp-json\/wp\/v2\/comments?post=59175"}],"version-history":[{"count":0,"href":"https:\/\/www.hoymercedes.com.ar\/principal\/wp-json\/wp\/v2\/posts\/59175\/revisions"}],"wp:featuredmedia":[{"embeddable":true,"href":"https:\/\/www.hoymercedes.com.ar\/principal\/wp-json\/wp\/v2\/media\/59176"}],"wp:attachment":[{"href":"https:\/\/www.hoymercedes.com.ar\/principal\/wp-json\/wp\/v2\/media?parent=59175"}],"wp:term":[{"taxonomy":"category","embeddable":true,"href":"https:\/\/www.hoymercedes.com.ar\/principal\/wp-json\/wp\/v2\/categories?post=59175"},{"taxonomy":"post_tag","embeddable":true,"href":"https:\/\/www.hoymercedes.com.ar\/principal\/wp-json\/wp\/v2\/tags?post=59175"}],"curies":[{"name":"wp","href":"https:\/\/api.w.org\/{rel}","templated":true}]}}