{"id":5919,"date":"2011-08-01T02:00:08","date_gmt":"2011-08-01T02:00:08","guid":{"rendered":"http:\/\/www.hoymercedes.com.ar\/principal\/?p=5919"},"modified":"2011-08-01T02:00:08","modified_gmt":"2011-08-01T02:00:08","slug":"entregaron-los-premios-del-torneo-intersum","status":"publish","type":"post","link":"https:\/\/www.hoymercedes.com.ar\/principal\/2011\/08\/01\/entregaron-los-premios-del-torneo-intersum\/","title":{"rendered":"Entregaron los premios del Torneo InterSUM"},"content":{"rendered":"<figure id=\"attachment_5921\" aria-describedby=\"caption-attachment-5921\" style=\"width: 290px\" class=\"wp-caption alignleft\"><a href=\"https:\/\/www.hoymercedes.com.ar\/principal\/wp-content\/uploads\/2011\/08\/InterSum.jpg\"><img loading=\"lazy\" decoding=\"async\" data-attachment-id=\"5921\" data-permalink=\"https:\/\/www.hoymercedes.com.ar\/principal\/2011\/08\/01\/entregaron-los-premios-del-torneo-intersum\/intersum\/#main\" data-orig-file=\"https:\/\/www.hoymercedes.com.ar\/principal\/wp-content\/uploads\/2011\/08\/InterSum.jpg\" data-orig-size=\"400,228\" data-comments-opened=\"1\" data-image-meta=\"{&quot;aperture&quot;:&quot;3.5&quot;,&quot;credit&quot;:&quot;&quot;,&quot;camera&quot;:&quot;KODAK EASYSHARE Z915 DIGITAL CAMERA&quot;,&quot;caption&quot;:&quot;&quot;,&quot;created_timestamp&quot;:&quot;1231235417&quot;,&quot;copyright&quot;:&quot;&quot;,&quot;focal_length&quot;:&quot;6.2&quot;,&quot;iso&quot;:&quot;64&quot;,&quot;shutter_speed&quot;:&quot;0.008&quot;,&quot;title&quot;:&quot;&quot;}\" data-image-title=\"InterSum\" data-image-description=\"\" data-image-caption=\"&lt;p&gt;Entrega de premios&lt;\/p&gt;\n\" data-large-file=\"https:\/\/www.hoymercedes.com.ar\/principal\/wp-content\/uploads\/2011\/08\/InterSum.jpg\" class=\"size-medium wp-image-5921\" title=\"InterSum\" src=\"https:\/\/www.hoymercedes.com.ar\/principal\/wp-content\/uploads\/2011\/08\/InterSum-300x171.jpg\" alt=\"\" width=\"300\" height=\"171\" srcset=\"https:\/\/www.hoymercedes.com.ar\/principal\/wp-content\/uploads\/2011\/08\/InterSum-300x171.jpg 300w, https:\/\/www.hoymercedes.com.ar\/principal\/wp-content\/uploads\/2011\/08\/InterSum.jpg 400w\" sizes=\"auto, (max-width: 300px) 100vw, 300px\" \/><\/a><figcaption id=\"caption-attachment-5921\" class=\"wp-caption-text\">Entrega de premios<\/figcaption><\/figure>\n<p>Fue en las instalaciones del Instituto Unzue. Cont\u00f3 con la presencia del Intendente, Carlos Selva y los responsables de la Secretaria de Desarrollo Social. En la categor\u00eda menores gano el barrio San Mart\u00edn y en categor\u00eda mayores Gowland.<\/p>\n<p>Este domingo en horas de la tarde tuvo lugar la entrega oficial de los premios del Torneo InterSUM organizado por la Secretaria de Desarrollo Social de la Municipalidad de Mercedes; el acto con actividades recreativas fue en las instalaciones del Instituto Saturnino Unzue.<\/p>\n<p>Cabe se\u00f1alar que participan los 5 salones de unos m\u00faltiples que construyo estrat\u00e9gicamente la actual administraci\u00f3n comunal: Blandengues, Gowland, Ravello, San Mart\u00edn y Villa Industrial Oeste. Adem\u00e1s la ciudad cuenta con SUM en Casa del Ni\u00f1o, Centro Integrador Comunitario y tiene en carpeta la construcci\u00f3n de cuatro m\u00e1s.<\/p>\n<p>En esta oportunidad estuvo presente el Intendente, Carlos Selva acompa\u00f1ado por el Secretario de Desarrollo Social, Hugo Zunnini; el Subsecretario de Obras y Servicios Publicos, Alfredo Badano; la Directora de Desarrollo Social, Alejandra Osorio y la responsable del Plan Mas Vida, Susana Siri.<\/p>\n<p>En primer lugar hicieron entrega de los premios, destacando a los directores t\u00e9cnicos, el mejor compa\u00f1ero, los coleadores y la valla menos vencida. En categor\u00eda menores 1\u00ba San Mart\u00edn, 2\u00ba Blandengues, 3\u00ba Ravello, 4\u00ba Gowland y 5\u00ba Villa Industrial Oeste; en mayores: 1\u00ba Gowland, 2\u00ba Blandengues, 3\u00ba San Mart\u00edn, 4\u00ba Ravello y 5\u00ba Villa Industrial Oeste.<\/p>\n<p>\u201cEs muy importante la participaci\u00f3n de los entrenadores, el apoyo de la familia y el acompa\u00f1amiento del Estado para que estas actividades no se detengan. En los pr\u00f3ximos d\u00edas vamos a poner en marcha en mismo Torneo pero femenino\u201d dijo el Jefe Comunal, Carlos Selva.<\/p>\n<p>&nbsp;<\/p>\n","protected":false},"excerpt":{"rendered":"<p>Fue en las instalaciones del Instituto Unzue. Cont\u00f3 con la presencia del Intendente, Carlos Selva y los responsables de la &#8230; <a title=\"Entregaron los premios del Torneo InterSUM\" class=\"read-more\" href=\"https:\/\/www.hoymercedes.com.ar\/principal\/2011\/08\/01\/entregaron-los-premios-del-torneo-intersum\/\" aria-label=\"Leer m\u00e1s sobre Entregaron los premios del Torneo InterSUM\">Leer m\u00e1s<\/a><\/p>\n","protected":false},"author":1,"featured_media":0,"comment_status":"open","ping_status":"open","sticky":false,"template":"","format":"standard","meta":{"_monsterinsights_skip_tracking":false,"_monsterinsights_sitenote_active":false,"_monsterinsights_sitenote_note":"","_monsterinsights_sitenote_category":0,"jetpack_post_was_ever_published":false,"_jetpack_newsletter_access":"","_jetpack_dont_email_post_to_subs":false,"_jetpack_newsletter_tier_id":0,"_jetpack_memberships_contains_paywalled_content":false,"_jetpack_memberships_contains_paid_content":false,"footnotes":"","jetpack_publicize_message":"","jetpack_publicize_feature_enabled":true,"jetpack_social_post_already_shared":false,"jetpack_social_options":{"image_generator_settings":{"template":"highway","default_image_id":0,"font":"","enabled":false},"version":2},"_wpas_customize_per_network":false},"categories":[30,5],"tags":[1092],"class_list":["post-5919","post","type-post","status-publish","format-standard","hentry","category-municipio","category-politica","tag-premios-intersum","generate-columns","tablet-grid-50","mobile-grid-100","grid-parent","grid-50"],"jetpack_publicize_connections":[],"jetpack_featured_media_url":"","wps_subtitle":"","jetpack_sharing_enabled":true,"_links":{"self":[{"href":"https:\/\/www.hoymercedes.com.ar\/principal\/wp-json\/wp\/v2\/posts\/5919","targetHints":{"allow":["GET"]}}],"collection":[{"href":"https:\/\/www.hoymercedes.com.ar\/principal\/wp-json\/wp\/v2\/posts"}],"about":[{"href":"https:\/\/www.hoymercedes.com.ar\/principal\/wp-json\/wp\/v2\/types\/post"}],"author":[{"embeddable":true,"href":"https:\/\/www.hoymercedes.com.ar\/principal\/wp-json\/wp\/v2\/users\/1"}],"replies":[{"embeddable":true,"href":"https:\/\/www.hoymercedes.com.ar\/principal\/wp-json\/wp\/v2\/comments?post=5919"}],"version-history":[{"count":0,"href":"https:\/\/www.hoymercedes.com.ar\/principal\/wp-json\/wp\/v2\/posts\/5919\/revisions"}],"wp:attachment":[{"href":"https:\/\/www.hoymercedes.com.ar\/principal\/wp-json\/wp\/v2\/media?parent=5919"}],"wp:term":[{"taxonomy":"category","embeddable":true,"href":"https:\/\/www.hoymercedes.com.ar\/principal\/wp-json\/wp\/v2\/categories?post=5919"},{"taxonomy":"post_tag","embeddable":true,"href":"https:\/\/www.hoymercedes.com.ar\/principal\/wp-json\/wp\/v2\/tags?post=5919"}],"curies":[{"name":"wp","href":"https:\/\/api.w.org\/{rel}","templated":true}]}}