{"id":59191,"date":"2017-01-25T20:28:57","date_gmt":"2017-01-25T23:28:57","guid":{"rendered":"http:\/\/www.hoymercedes.com.ar\/principal\/?p=59191"},"modified":"2017-01-26T16:11:20","modified_gmt":"2017-01-26T19:11:20","slug":"mercedes-y-trocha-siguen-jugando-amistosos","status":"publish","type":"post","link":"https:\/\/www.hoymercedes.com.ar\/principal\/2017\/01\/25\/mercedes-y-trocha-siguen-jugando-amistosos\/","title":{"rendered":"Mercedes y Trocha siguen jugando amistosos"},"content":{"rendered":"<p><em><strong>A poco m\u00e1s de una semana de que la pelota empiece a rodar, Club Mercedes jug\u00f3 un amistoso en su predio ante Defensores Juniors, que sigue prepar\u00e1ndose para su debut en la Liga Mercedina. Si bien en este tipo de encuentros el resultado queda en un segundo lugar y los entrenadores buscan variantes en el funcionamiento del equipo, los de Walter D\u00edaz vencieron 4 a 0 en el partido que jugaron los titulares, mientras que en el duelo de suplentes, los de Maxi Scorini vencieron 2 a 1.<\/strong><\/em><\/p>\n<p><img loading=\"lazy\" decoding=\"async\" data-attachment-id=\"59192\" data-permalink=\"https:\/\/www.hoymercedes.com.ar\/principal\/2017\/01\/25\/mercedes-y-trocha-siguen-jugando-amistosos\/dscn2881\/#main\" data-orig-file=\"https:\/\/www.hoymercedes.com.ar\/principal\/wp-content\/uploads\/2017\/01\/DSCN2881.jpg\" data-orig-size=\"650,487\" data-comments-opened=\"0\" data-image-meta=\"{&quot;aperture&quot;:&quot;5.8&quot;,&quot;credit&quot;:&quot;&quot;,&quot;camera&quot;:&quot;COOLPIX L310&quot;,&quot;caption&quot;:&quot;&quot;,&quot;created_timestamp&quot;:&quot;1484996397&quot;,&quot;copyright&quot;:&quot;&quot;,&quot;focal_length&quot;:&quot;94.5&quot;,&quot;iso&quot;:&quot;80&quot;,&quot;shutter_speed&quot;:&quot;0.0015625&quot;,&quot;title&quot;:&quot;&quot;,&quot;orientation&quot;:&quot;1&quot;}\" data-image-title=\"DSCN2881\" data-image-description=\"\" data-image-caption=\"\" data-large-file=\"https:\/\/www.hoymercedes.com.ar\/principal\/wp-content\/uploads\/2017\/01\/DSCN2881.jpg\" class=\"aligncenter size-medium wp-image-59192\" src=\"https:\/\/www.hoymercedes.com.ar\/principal\/wp-content\/uploads\/2017\/01\/DSCN2881-630x472.jpg\" alt=\"\" width=\"630\" height=\"472\" srcset=\"https:\/\/www.hoymercedes.com.ar\/principal\/wp-content\/uploads\/2017\/01\/DSCN2881-630x472.jpg 630w, https:\/\/www.hoymercedes.com.ar\/principal\/wp-content\/uploads\/2017\/01\/DSCN2881-150x112.jpg 150w, https:\/\/www.hoymercedes.com.ar\/principal\/wp-content\/uploads\/2017\/01\/DSCN2881.jpg 650w\" sizes=\"auto, (max-width: 630px) 100vw, 630px\" \/><\/p>\n<p>En el blanquinegro jugaron\u00a0Juan Bidone, Sebasti\u00e1n Romero, Juan Pedro Gatti, Cristian Biglia y Gast\u00f3n Godoy. Joaqu\u00edn Parra (reemplazado en el inicio del encuentro por Nicol\u00e1s Contardi, ya que se retir\u00f3 con un golpe), Chotro, Cristian Barrientos y Thiago Portesi. Mat\u00edas V\u00e1zquez y Mariano Rivas.<\/p>\n<p>Mariano Rivas marc\u00f3 el primer gol del partido, Juan Pedro Gatti el segundo y Mat\u00edas V\u00e1zquez, que err\u00f3 un penal, hizo los dos restantes. El que volvi\u00f3 a no estar en un encuentro amistoso fue Rom\u00e1n D\u00edaz, mientras que Diego Barrera estuvo en esta oportunidad ausente.<\/p>\n<p>Ahora, Mercedes jugar\u00e1 un amistoso este jueves ante la Reserva de Almagro a las 20 y est\u00e1 por verse si es en cancha de la Liga o en el campo de deportes del Blanquinegro.<\/p>\n<p>En cuanto a Trocha, hoy se midi\u00f3 ante Centro Espa\u00f1ol\u00a0<span class=\"Estilo10\">Centro y ma\u00f1ana\u00a0jueves ante la Reserva de AAAJ. El pr\u00f3ximo lunes frente a Sportivo Barracas y el martes con Argentino de Merlo<\/span>.<\/p>\n","protected":false},"excerpt":{"rendered":"<p>A poco m\u00e1s de una semana de que la pelota empiece a rodar, Club Mercedes jug\u00f3 un amistoso en su &#8230; <a title=\"Mercedes y Trocha siguen jugando amistosos\" class=\"read-more\" href=\"https:\/\/www.hoymercedes.com.ar\/principal\/2017\/01\/25\/mercedes-y-trocha-siguen-jugando-amistosos\/\" aria-label=\"Leer m\u00e1s sobre Mercedes y Trocha siguen jugando amistosos\">Leer m\u00e1s<\/a><\/p>\n","protected":false},"author":1,"featured_media":59192,"comment_status":"closed","ping_status":"open","sticky":false,"template":"","format":"standard","meta":{"_monsterinsights_skip_tracking":false,"_monsterinsights_sitenote_active":false,"_monsterinsights_sitenote_note":"","_monsterinsights_sitenote_category":0,"jetpack_post_was_ever_published":false,"_jetpack_newsletter_access":"","_jetpack_dont_email_post_to_subs":false,"_jetpack_newsletter_tier_id":0,"_jetpack_memberships_contains_paywalled_content":false,"_jetpack_memberships_contains_paid_content":false,"footnotes":"","jetpack_publicize_message":"","jetpack_publicize_feature_enabled":true,"jetpack_social_post_already_shared":true,"jetpack_social_options":{"image_generator_settings":{"template":"highway","default_image_id":0,"font":"","enabled":false},"version":2},"_wpas_customize_per_network":false},"categories":[21],"tags":[122,204,8412,1003,1379],"class_list":["post-59191","post","type-post","status-publish","format-standard","has-post-thumbnail","hentry","category-deportes","tag-club-mercedes","tag-deportes-2","tag-federal-c","tag-futbol","tag-trocha","generate-columns","tablet-grid-50","mobile-grid-100","grid-parent","grid-50"],"jetpack_publicize_connections":[],"jetpack_featured_media_url":"https:\/\/www.hoymercedes.com.ar\/principal\/wp-content\/uploads\/2017\/01\/DSCN2881.jpg","wps_subtitle":"Federal C","jetpack_sharing_enabled":true,"_links":{"self":[{"href":"https:\/\/www.hoymercedes.com.ar\/principal\/wp-json\/wp\/v2\/posts\/59191","targetHints":{"allow":["GET"]}}],"collection":[{"href":"https:\/\/www.hoymercedes.com.ar\/principal\/wp-json\/wp\/v2\/posts"}],"about":[{"href":"https:\/\/www.hoymercedes.com.ar\/principal\/wp-json\/wp\/v2\/types\/post"}],"author":[{"embeddable":true,"href":"https:\/\/www.hoymercedes.com.ar\/principal\/wp-json\/wp\/v2\/users\/1"}],"replies":[{"embeddable":true,"href":"https:\/\/www.hoymercedes.com.ar\/principal\/wp-json\/wp\/v2\/comments?post=59191"}],"version-history":[{"count":0,"href":"https:\/\/www.hoymercedes.com.ar\/principal\/wp-json\/wp\/v2\/posts\/59191\/revisions"}],"wp:featuredmedia":[{"embeddable":true,"href":"https:\/\/www.hoymercedes.com.ar\/principal\/wp-json\/wp\/v2\/media\/59192"}],"wp:attachment":[{"href":"https:\/\/www.hoymercedes.com.ar\/principal\/wp-json\/wp\/v2\/media?parent=59191"}],"wp:term":[{"taxonomy":"category","embeddable":true,"href":"https:\/\/www.hoymercedes.com.ar\/principal\/wp-json\/wp\/v2\/categories?post=59191"},{"taxonomy":"post_tag","embeddable":true,"href":"https:\/\/www.hoymercedes.com.ar\/principal\/wp-json\/wp\/v2\/tags?post=59191"}],"curies":[{"name":"wp","href":"https:\/\/api.w.org\/{rel}","templated":true}]}}