{"id":59228,"date":"2017-01-26T20:11:59","date_gmt":"2017-01-26T23:11:59","guid":{"rendered":"http:\/\/www.hoymercedes.com.ar\/principal\/?p=59228"},"modified":"2017-01-26T16:19:15","modified_gmt":"2017-01-26T19:19:15","slug":"altamira-cumple-109-anos","status":"publish","type":"post","link":"https:\/\/www.hoymercedes.com.ar\/principal\/2017\/01\/26\/altamira-cumple-109-anos\/","title":{"rendered":"Altamira cumple 109 a\u00f1os"},"content":{"rendered":"<p>La comunidad rural de Altamira festejar\u00e1 el venidero domingo 5 de febrero sus 109 a\u00f1os. A partir del mediod\u00eda, en la plaza principal de la localidad rural, habr\u00e1 desfile gaucho, danzas art\u00edsticas, prueba de riendas, y m\u00fasica a cargo de Lucas Maidana, Los L\u00f3pez Heredia, Nahuel Fusco, Adri\u00e1n Maggi y los Hermanos Arismendi.<br \/>\n<img loading=\"lazy\" decoding=\"async\" data-attachment-id=\"59229\" data-permalink=\"https:\/\/www.hoymercedes.com.ar\/principal\/2017\/01\/26\/altamira-cumple-109-anos\/17-aniv-altamira\/#main\" data-orig-file=\"https:\/\/www.hoymercedes.com.ar\/principal\/wp-content\/uploads\/2017\/01\/17-aniv-altamira.jpg\" data-orig-size=\"445,630\" data-comments-opened=\"0\" data-image-meta=\"{&quot;aperture&quot;:&quot;0&quot;,&quot;credit&quot;:&quot;&quot;,&quot;camera&quot;:&quot;&quot;,&quot;caption&quot;:&quot;&quot;,&quot;created_timestamp&quot;:&quot;0&quot;,&quot;copyright&quot;:&quot;&quot;,&quot;focal_length&quot;:&quot;0&quot;,&quot;iso&quot;:&quot;0&quot;,&quot;shutter_speed&quot;:&quot;0&quot;,&quot;title&quot;:&quot;&quot;,&quot;orientation&quot;:&quot;0&quot;}\" data-image-title=\"17 aniv altamira\" data-image-description=\"\" data-image-caption=\"\" data-large-file=\"https:\/\/www.hoymercedes.com.ar\/principal\/wp-content\/uploads\/2017\/01\/17-aniv-altamira.jpg\" class=\"aligncenter size-medium wp-image-59229\" src=\"https:\/\/www.hoymercedes.com.ar\/principal\/wp-content\/uploads\/2017\/01\/17-aniv-altamira-438x620.jpg\" alt=\"\" width=\"438\" height=\"620\" srcset=\"https:\/\/www.hoymercedes.com.ar\/principal\/wp-content\/uploads\/2017\/01\/17-aniv-altamira-438x620.jpg 438w, https:\/\/www.hoymercedes.com.ar\/principal\/wp-content\/uploads\/2017\/01\/17-aniv-altamira-106x150.jpg 106w, https:\/\/www.hoymercedes.com.ar\/principal\/wp-content\/uploads\/2017\/01\/17-aniv-altamira.jpg 445w\" sizes=\"auto, (max-width: 438px) 100vw, 438px\" \/><\/p>\n","protected":false},"excerpt":{"rendered":"<p>La comunidad rural de Altamira festejar\u00e1 el venidero domingo 5 de febrero sus 109 a\u00f1os. A partir del mediod\u00eda, en &#8230; <a title=\"Altamira cumple 109 a\u00f1os\" class=\"read-more\" href=\"https:\/\/www.hoymercedes.com.ar\/principal\/2017\/01\/26\/altamira-cumple-109-anos\/\" aria-label=\"Leer m\u00e1s sobre Altamira cumple 109 a\u00f1os\">Leer m\u00e1s<\/a><\/p>\n","protected":false},"author":1,"featured_media":59229,"comment_status":"closed","ping_status":"open","sticky":false,"template":"","format":"standard","meta":{"_monsterinsights_skip_tracking":false,"_monsterinsights_sitenote_active":false,"_monsterinsights_sitenote_note":"","_monsterinsights_sitenote_category":0,"jetpack_post_was_ever_published":false,"_jetpack_newsletter_access":"","_jetpack_dont_email_post_to_subs":false,"_jetpack_newsletter_tier_id":0,"_jetpack_memberships_contains_paywalled_content":false,"_jetpack_memberships_contains_paid_content":false,"footnotes":"","jetpack_publicize_message":"","jetpack_publicize_feature_enabled":true,"jetpack_social_post_already_shared":true,"jetpack_social_options":{"image_generator_settings":{"template":"highway","default_image_id":0,"font":"","enabled":false},"version":2},"_wpas_customize_per_network":false},"categories":[5485],"tags":[462,8829,9437],"class_list":["post-59228","post","type-post","status-publish","format-standard","has-post-thumbnail","hentry","category-comunidad","tag-altamira","tag-aniversario","tag-festejos","generate-columns","tablet-grid-50","mobile-grid-100","grid-parent","grid-50"],"jetpack_publicize_connections":[],"jetpack_featured_media_url":"https:\/\/www.hoymercedes.com.ar\/principal\/wp-content\/uploads\/2017\/01\/17-aniv-altamira.jpg","wps_subtitle":"Festejo rural","jetpack_sharing_enabled":true,"_links":{"self":[{"href":"https:\/\/www.hoymercedes.com.ar\/principal\/wp-json\/wp\/v2\/posts\/59228","targetHints":{"allow":["GET"]}}],"collection":[{"href":"https:\/\/www.hoymercedes.com.ar\/principal\/wp-json\/wp\/v2\/posts"}],"about":[{"href":"https:\/\/www.hoymercedes.com.ar\/principal\/wp-json\/wp\/v2\/types\/post"}],"author":[{"embeddable":true,"href":"https:\/\/www.hoymercedes.com.ar\/principal\/wp-json\/wp\/v2\/users\/1"}],"replies":[{"embeddable":true,"href":"https:\/\/www.hoymercedes.com.ar\/principal\/wp-json\/wp\/v2\/comments?post=59228"}],"version-history":[{"count":0,"href":"https:\/\/www.hoymercedes.com.ar\/principal\/wp-json\/wp\/v2\/posts\/59228\/revisions"}],"wp:featuredmedia":[{"embeddable":true,"href":"https:\/\/www.hoymercedes.com.ar\/principal\/wp-json\/wp\/v2\/media\/59229"}],"wp:attachment":[{"href":"https:\/\/www.hoymercedes.com.ar\/principal\/wp-json\/wp\/v2\/media?parent=59228"}],"wp:term":[{"taxonomy":"category","embeddable":true,"href":"https:\/\/www.hoymercedes.com.ar\/principal\/wp-json\/wp\/v2\/categories?post=59228"},{"taxonomy":"post_tag","embeddable":true,"href":"https:\/\/www.hoymercedes.com.ar\/principal\/wp-json\/wp\/v2\/tags?post=59228"}],"curies":[{"name":"wp","href":"https:\/\/api.w.org\/{rel}","templated":true}]}}