{"id":59261,"date":"2017-01-29T14:19:33","date_gmt":"2017-01-29T17:19:33","guid":{"rendered":"http:\/\/www.hoymercedes.com.ar\/principal\/?p=59261"},"modified":"2017-01-27T15:49:31","modified_gmt":"2017-01-27T18:49:31","slug":"en-el-mes-del-amor-peliculas-de-amor","status":"publish","type":"post","link":"https:\/\/www.hoymercedes.com.ar\/principal\/2017\/01\/29\/en-el-mes-del-amor-peliculas-de-amor\/","title":{"rendered":"En el mes del amor, pel\u00edculas de amor"},"content":{"rendered":"<p>Febrero, dicen, es el mes del amor por celebrarse el D\u00eda de San Valent\u00edn el d\u00eda 14. D\u00eda en el que se recuerda al patrono de los enamorados y por eso, ese d\u00eda, la celebraci\u00f3n internacional es para el amor.<\/p>\n<p>A partir de esta celebraci\u00f3n tradicional, el Museo de Arte Municipalidad de Mercedes (MAMM) eligi\u00f3 para su ciclo de cine de febrero apostar a pel\u00edculas rom\u00e1nticas.\u00a0Historias acerca de los m\u00e1s hondos sentimientos que afectan la vida de las personas y que desnudan el alma de las relaciones humanas.<\/p>\n<p>Todos los jueves\u00a0del mes de febrero entonces, a la hora 21, con entrada libre y gratuita se proyectar\u00e1:<\/p>\n<p>02\/02 &#8211; \u00abEl Tigre y la Nieve\u00bb, de Roberto Benigni (2005)<br \/>\n09\/02 &#8211; \u00abElsa y Fred\u00bb, de Marcos Carnevale (2014)<br \/>\n16\/02 &#8211; \u00abPollo con Ciruelas\u00bb, de M. Satrapi y V. Paronnaud (2011)<br \/>\n23\/02 &#8211; \u00abHer\u00bb, de Spike Jonze (2013)<\/p>\n<p><img loading=\"lazy\" decoding=\"async\" data-attachment-id=\"59262\" data-permalink=\"https:\/\/www.hoymercedes.com.ar\/principal\/2017\/01\/29\/en-el-mes-del-amor-peliculas-de-amor\/29-ciclo-amor1\/#main\" data-orig-file=\"https:\/\/www.hoymercedes.com.ar\/principal\/wp-content\/uploads\/2017\/01\/29-Ciclo-AMor1.jpg\" data-orig-size=\"446,630\" data-comments-opened=\"0\" data-image-meta=\"{&quot;aperture&quot;:&quot;0&quot;,&quot;credit&quot;:&quot;&quot;,&quot;camera&quot;:&quot;&quot;,&quot;caption&quot;:&quot;&quot;,&quot;created_timestamp&quot;:&quot;0&quot;,&quot;copyright&quot;:&quot;&quot;,&quot;focal_length&quot;:&quot;0&quot;,&quot;iso&quot;:&quot;0&quot;,&quot;shutter_speed&quot;:&quot;0&quot;,&quot;title&quot;:&quot;&quot;,&quot;orientation&quot;:&quot;1&quot;}\" data-image-title=\"29 Ciclo AMor1\" data-image-description=\"\" data-image-caption=\"\" data-large-file=\"https:\/\/www.hoymercedes.com.ar\/principal\/wp-content\/uploads\/2017\/01\/29-Ciclo-AMor1.jpg\" class=\"aligncenter size-medium wp-image-59262\" src=\"https:\/\/www.hoymercedes.com.ar\/principal\/wp-content\/uploads\/2017\/01\/29-Ciclo-AMor1-439x620.jpg\" alt=\"\" width=\"439\" height=\"620\" srcset=\"https:\/\/www.hoymercedes.com.ar\/principal\/wp-content\/uploads\/2017\/01\/29-Ciclo-AMor1-439x620.jpg 439w, https:\/\/www.hoymercedes.com.ar\/principal\/wp-content\/uploads\/2017\/01\/29-Ciclo-AMor1-106x150.jpg 106w, https:\/\/www.hoymercedes.com.ar\/principal\/wp-content\/uploads\/2017\/01\/29-Ciclo-AMor1.jpg 446w\" sizes=\"auto, (max-width: 439px) 100vw, 439px\" \/><\/p>\n","protected":false},"excerpt":{"rendered":"<p>Febrero, dicen, es el mes del amor por celebrarse el D\u00eda de San Valent\u00edn el d\u00eda 14. D\u00eda en el &#8230; <a title=\"En el mes del amor, pel\u00edculas de amor\" class=\"read-more\" href=\"https:\/\/www.hoymercedes.com.ar\/principal\/2017\/01\/29\/en-el-mes-del-amor-peliculas-de-amor\/\" aria-label=\"Leer m\u00e1s sobre En el mes del amor, pel\u00edculas de amor\">Leer m\u00e1s<\/a><\/p>\n","protected":false},"author":1,"featured_media":59262,"comment_status":"closed","ping_status":"open","sticky":false,"template":"","format":"standard","meta":{"_monsterinsights_skip_tracking":false,"_monsterinsights_sitenote_active":false,"_monsterinsights_sitenote_note":"","_monsterinsights_sitenote_category":0,"jetpack_post_was_ever_published":false,"_jetpack_newsletter_access":"","_jetpack_dont_email_post_to_subs":false,"_jetpack_newsletter_tier_id":0,"_jetpack_memberships_contains_paywalled_content":false,"_jetpack_memberships_contains_paid_content":false,"footnotes":"","jetpack_publicize_message":"","jetpack_publicize_feature_enabled":true,"jetpack_social_post_already_shared":false,"jetpack_social_options":{"image_generator_settings":{"template":"highway","default_image_id":0,"font":"","enabled":false},"version":2},"_wpas_customize_per_network":false},"categories":[104],"tags":[10495,10494,5273,7805,10496,8674],"class_list":["post-59261","post","type-post","status-publish","format-standard","has-post-thumbnail","hentry","category-cultura","tag-amor","tag-ciclo","tag-cine","tag-cultura","tag-encamorados","tag-mamm","generate-columns","tablet-grid-50","mobile-grid-100","grid-parent","grid-50"],"jetpack_publicize_connections":[],"jetpack_featured_media_url":"https:\/\/www.hoymercedes.com.ar\/principal\/wp-content\/uploads\/2017\/01\/29-Ciclo-AMor1.jpg","wps_subtitle":"Ciclo de Cine en el MAMM","jetpack_sharing_enabled":true,"_links":{"self":[{"href":"https:\/\/www.hoymercedes.com.ar\/principal\/wp-json\/wp\/v2\/posts\/59261","targetHints":{"allow":["GET"]}}],"collection":[{"href":"https:\/\/www.hoymercedes.com.ar\/principal\/wp-json\/wp\/v2\/posts"}],"about":[{"href":"https:\/\/www.hoymercedes.com.ar\/principal\/wp-json\/wp\/v2\/types\/post"}],"author":[{"embeddable":true,"href":"https:\/\/www.hoymercedes.com.ar\/principal\/wp-json\/wp\/v2\/users\/1"}],"replies":[{"embeddable":true,"href":"https:\/\/www.hoymercedes.com.ar\/principal\/wp-json\/wp\/v2\/comments?post=59261"}],"version-history":[{"count":0,"href":"https:\/\/www.hoymercedes.com.ar\/principal\/wp-json\/wp\/v2\/posts\/59261\/revisions"}],"wp:featuredmedia":[{"embeddable":true,"href":"https:\/\/www.hoymercedes.com.ar\/principal\/wp-json\/wp\/v2\/media\/59262"}],"wp:attachment":[{"href":"https:\/\/www.hoymercedes.com.ar\/principal\/wp-json\/wp\/v2\/media?parent=59261"}],"wp:term":[{"taxonomy":"category","embeddable":true,"href":"https:\/\/www.hoymercedes.com.ar\/principal\/wp-json\/wp\/v2\/categories?post=59261"},{"taxonomy":"post_tag","embeddable":true,"href":"https:\/\/www.hoymercedes.com.ar\/principal\/wp-json\/wp\/v2\/tags?post=59261"}],"curies":[{"name":"wp","href":"https:\/\/api.w.org\/{rel}","templated":true}]}}