{"id":59264,"date":"2017-01-28T08:49:49","date_gmt":"2017-01-28T11:49:49","guid":{"rendered":"http:\/\/www.hoymercedes.com.ar\/principal\/?p=59264"},"modified":"2017-01-28T12:08:35","modified_gmt":"2017-01-28T15:08:35","slug":"mercedinos-presentes-en-la-marcha-por-sofia-en-azul","status":"publish","type":"post","link":"https:\/\/www.hoymercedes.com.ar\/principal\/2017\/01\/28\/mercedinos-presentes-en-la-marcha-por-sofia-en-azul\/","title":{"rendered":"Mercedinos presentes en la marcha por Sofia en Azul"},"content":{"rendered":"<p>El pasado jueves 26 en la localidad de Azul\u00a0se realiz\u00f3 la primera marcha exigiendo justicia por Sof\u00eda Santill\u00e1n. Oriunda de aquella localidad bonaerense, Sof\u00eda apareci\u00f3 muerta en Mercedes en los terrenos ferroviarios el \u00faltimo lunes del mes de diciembre \u00faltimo.<\/p>\n<p>La movilizaci\u00f3n, convocada por la Asamblea de Mujeres en Lucha de Azul, cont\u00f3 con la presencia de la madre de Sof\u00eda y organizaciones pol\u00edticas y sociales, as\u00ed como la Asamblea LGBTI y el Partido Obrero de Mercedes que adem\u00e1s organiza una movilizaci\u00f3n en la ciudad para el venidero 2 de febrero.<\/p>\n<p>La movilizaci\u00f3n lleg\u00f3 hasta las puertas del municipio de Azul en donde se solicit\u00f3 un transporte para acceder a los tribunales de Mercedes el d\u00eda 2 de febrero, cuando se realice la segunda marcha. \u201cHab\u00edamos venido varias veces y nunca nos hab\u00edan dado respuesta\u201d coment\u00f3 la madre de Sof\u00eda Santill\u00e1n al salir de la reuni\u00f3n con funcionarios del municipio. \u00a0\u201cCon la movilizaci\u00f3n logramos el transporte\u201d coment\u00f3 Luz Ramallo, del Plenario de Trabajadoras de Azul.<\/p>\n<p><img loading=\"lazy\" decoding=\"async\" data-attachment-id=\"59287\" data-permalink=\"https:\/\/www.hoymercedes.com.ar\/principal\/2017\/01\/28\/mercedinos-presentes-en-la-marcha-por-sofia-en-azul\/28-moviliz-sofia-santillan\/#main\" data-orig-file=\"https:\/\/www.hoymercedes.com.ar\/principal\/wp-content\/uploads\/2017\/01\/28-moviliz-sofia-santillan.jpg\" data-orig-size=\"630,472\" data-comments-opened=\"0\" data-image-meta=\"{&quot;aperture&quot;:&quot;0&quot;,&quot;credit&quot;:&quot;&quot;,&quot;camera&quot;:&quot;&quot;,&quot;caption&quot;:&quot;&quot;,&quot;created_timestamp&quot;:&quot;0&quot;,&quot;copyright&quot;:&quot;&quot;,&quot;focal_length&quot;:&quot;0&quot;,&quot;iso&quot;:&quot;0&quot;,&quot;shutter_speed&quot;:&quot;0&quot;,&quot;title&quot;:&quot;&quot;,&quot;orientation&quot;:&quot;0&quot;}\" data-image-title=\"28 moviliz sofia santillan\" data-image-description=\"\" data-image-caption=\"\" data-large-file=\"https:\/\/www.hoymercedes.com.ar\/principal\/wp-content\/uploads\/2017\/01\/28-moviliz-sofia-santillan.jpg\" class=\"aligncenter size-medium wp-image-59287\" src=\"https:\/\/www.hoymercedes.com.ar\/principal\/wp-content\/uploads\/2017\/01\/28-moviliz-sofia-santillan-630x472.jpg\" alt=\"\" width=\"630\" height=\"472\" srcset=\"https:\/\/www.hoymercedes.com.ar\/principal\/wp-content\/uploads\/2017\/01\/28-moviliz-sofia-santillan.jpg 630w, https:\/\/www.hoymercedes.com.ar\/principal\/wp-content\/uploads\/2017\/01\/28-moviliz-sofia-santillan-150x112.jpg 150w\" sizes=\"auto, (max-width: 630px) 100vw, 630px\" \/><\/p>\n<p>En el encuentro, intervinieron oradores de Mercedes. Una de ellas fue\u00a0Estefan\u00eda Maldonado, integrante de la Asamblea \u00a0LGBTI de Mercedes: \u201cSe tiene que terminar la discriminaci\u00f3n en la sociedad, en las escuelas, nadie nos puede decir c\u00f3mo amar\u201d.<\/p>\n<p>Por su parte, el Pablo Demarco del Partido Obrero plante\u00f3 que \u201cdetr\u00e1s del asesinato de Sof\u00eda se esconde la responsabilidad de la polic\u00eda por las zonas liberadas,\u00a0 del estado por negarles a las chica\u00a0trans las herramientas necesarias para romper con la explotaci\u00f3n sexual y poder integrarse a la sociedad desde su condici\u00f3n de trabajadoras\u201d<\/p>\n<p>El jueves 2 de febrero, entonces, se espera la movilizaci\u00f3n de familiares y de delegaciones de organizaciones sociales y pol\u00edticas a las puertas de los tribunales de nuestra ciudad.<\/p>\n<p>&nbsp;<\/p>\n","protected":false},"excerpt":{"rendered":"<p>El pasado jueves 26 en la localidad de Azul\u00a0se realiz\u00f3 la primera marcha exigiendo justicia por Sof\u00eda Santill\u00e1n. Oriunda de &#8230; <a title=\"Mercedinos presentes en la marcha por Sofia en Azul\" class=\"read-more\" href=\"https:\/\/www.hoymercedes.com.ar\/principal\/2017\/01\/28\/mercedinos-presentes-en-la-marcha-por-sofia-en-azul\/\" aria-label=\"Leer m\u00e1s sobre Mercedinos presentes en la marcha por Sofia en Azul\">Leer m\u00e1s<\/a><\/p>\n","protected":false},"author":1,"featured_media":59287,"comment_status":"closed","ping_status":"open","sticky":false,"template":"","format":"standard","meta":{"_monsterinsights_skip_tracking":false,"_monsterinsights_sitenote_active":false,"_monsterinsights_sitenote_note":"","_monsterinsights_sitenote_category":0,"jetpack_post_was_ever_published":false,"_jetpack_newsletter_access":"","_jetpack_dont_email_post_to_subs":false,"_jetpack_newsletter_tier_id":0,"_jetpack_memberships_contains_paywalled_content":false,"_jetpack_memberships_contains_paid_content":false,"footnotes":"","jetpack_publicize_message":"","jetpack_publicize_feature_enabled":true,"jetpack_social_post_already_shared":false,"jetpack_social_options":{"image_generator_settings":{"template":"highway","default_image_id":0,"font":"","enabled":false},"version":2},"_wpas_customize_per_network":false},"categories":[85,5,8],"tags":[10503,1045,96,5319,10502,10377],"class_list":["post-59264","post","type-post","status-publish","format-standard","has-post-thumbnail","hentry","category-policial","category-politica","category-sociedad","tag-asamblea-lgbti","tag-partido-obrero","tag-policial-2","tag-politica-2","tag-social","tag-sofia-santillan","generate-columns","tablet-grid-50","mobile-grid-100","grid-parent","grid-50"],"jetpack_publicize_connections":[],"jetpack_featured_media_url":"https:\/\/www.hoymercedes.com.ar\/principal\/wp-content\/uploads\/2017\/01\/28-moviliz-sofia-santillan.jpg","wps_subtitle":"Pedido de Justicia tras su muerte","jetpack_sharing_enabled":true,"_links":{"self":[{"href":"https:\/\/www.hoymercedes.com.ar\/principal\/wp-json\/wp\/v2\/posts\/59264","targetHints":{"allow":["GET"]}}],"collection":[{"href":"https:\/\/www.hoymercedes.com.ar\/principal\/wp-json\/wp\/v2\/posts"}],"about":[{"href":"https:\/\/www.hoymercedes.com.ar\/principal\/wp-json\/wp\/v2\/types\/post"}],"author":[{"embeddable":true,"href":"https:\/\/www.hoymercedes.com.ar\/principal\/wp-json\/wp\/v2\/users\/1"}],"replies":[{"embeddable":true,"href":"https:\/\/www.hoymercedes.com.ar\/principal\/wp-json\/wp\/v2\/comments?post=59264"}],"version-history":[{"count":0,"href":"https:\/\/www.hoymercedes.com.ar\/principal\/wp-json\/wp\/v2\/posts\/59264\/revisions"}],"wp:featuredmedia":[{"embeddable":true,"href":"https:\/\/www.hoymercedes.com.ar\/principal\/wp-json\/wp\/v2\/media\/59287"}],"wp:attachment":[{"href":"https:\/\/www.hoymercedes.com.ar\/principal\/wp-json\/wp\/v2\/media?parent=59264"}],"wp:term":[{"taxonomy":"category","embeddable":true,"href":"https:\/\/www.hoymercedes.com.ar\/principal\/wp-json\/wp\/v2\/categories?post=59264"},{"taxonomy":"post_tag","embeddable":true,"href":"https:\/\/www.hoymercedes.com.ar\/principal\/wp-json\/wp\/v2\/tags?post=59264"}],"curies":[{"name":"wp","href":"https:\/\/api.w.org\/{rel}","templated":true}]}}