{"id":59277,"date":"2017-01-28T11:54:36","date_gmt":"2017-01-28T14:54:36","guid":{"rendered":"http:\/\/www.hoymercedes.com.ar\/principal\/?p=59277"},"modified":"2017-01-28T11:38:25","modified_gmt":"2017-01-28T14:38:25","slug":"a-una-semana-del-debut-mercedes-y-trocha-siguen-de-amistosos","status":"publish","type":"post","link":"https:\/\/www.hoymercedes.com.ar\/principal\/2017\/01\/28\/a-una-semana-del-debut-mercedes-y-trocha-siguen-de-amistosos\/","title":{"rendered":"A una semana del debut, Mercedes y Trocha siguen de amistosos"},"content":{"rendered":"<p><em><strong>La puesta a punto de los equipos locales que jugar\u00e1n en el Federal C se encuentra en plena etapa de amistosos en busca de la t\u00e1ctica que les permita lograr el objetivo del ansiado ascenso al B. Es por eso que Mercedes y Trocha enfrentaron en estos d\u00edas a equipos que se encuentran en niveles superiores del f\u00fatbol argentino, una buena medida para luego enfrentar a los rivales de la misma categor\u00eda.<\/strong><\/em><\/p>\n<p><img loading=\"lazy\" decoding=\"async\" data-attachment-id=\"59279\" data-permalink=\"https:\/\/www.hoymercedes.com.ar\/principal\/2017\/01\/28\/a-una-semana-del-debut-mercedes-y-trocha-siguen-de-amistosos\/trocha-aaaj-2-2\/#main\" data-orig-file=\"https:\/\/www.hoymercedes.com.ar\/principal\/wp-content\/uploads\/2017\/01\/Trocha-AAAJ-2-1.jpg\" data-orig-size=\"719,478\" data-comments-opened=\"0\" data-image-meta=\"{&quot;aperture&quot;:&quot;0&quot;,&quot;credit&quot;:&quot;&quot;,&quot;camera&quot;:&quot;&quot;,&quot;caption&quot;:&quot;&quot;,&quot;created_timestamp&quot;:&quot;0&quot;,&quot;copyright&quot;:&quot;&quot;,&quot;focal_length&quot;:&quot;0&quot;,&quot;iso&quot;:&quot;0&quot;,&quot;shutter_speed&quot;:&quot;0&quot;,&quot;title&quot;:&quot;&quot;,&quot;orientation&quot;:&quot;1&quot;}\" data-image-title=\"Trocha AAAJ 2\" data-image-description=\"\" data-image-caption=\"\" data-large-file=\"https:\/\/www.hoymercedes.com.ar\/principal\/wp-content\/uploads\/2017\/01\/Trocha-AAAJ-2-1.jpg\" class=\"aligncenter size-medium wp-image-59279\" src=\"https:\/\/www.hoymercedes.com.ar\/principal\/wp-content\/uploads\/2017\/01\/Trocha-AAAJ-2-1-630x419.jpg\" alt=\"\" width=\"630\" height=\"419\" srcset=\"https:\/\/www.hoymercedes.com.ar\/principal\/wp-content\/uploads\/2017\/01\/Trocha-AAAJ-2-1-630x419.jpg 630w, https:\/\/www.hoymercedes.com.ar\/principal\/wp-content\/uploads\/2017\/01\/Trocha-AAAJ-2-1-150x100.jpg 150w, https:\/\/www.hoymercedes.com.ar\/principal\/wp-content\/uploads\/2017\/01\/Trocha-AAAJ-2-1-300x200.jpg 300w, https:\/\/www.hoymercedes.com.ar\/principal\/wp-content\/uploads\/2017\/01\/Trocha-AAAJ-2-1.jpg 719w\" sizes=\"auto, (max-width: 630px) 100vw, 630px\" \/><\/p>\n<p>&nbsp;<\/p>\n<p>Mercedes recibi\u00f3 en cancha de la Liga Mercedina a la Reserva del Almagro con la que empat\u00f3 cero a cero en el partido que jugaron los titulares. Los de Walter D\u00edaz formaron con\u00a0Dar\u00edo Barrera, Sebasti\u00e1n Cabral, Cristian Biglia, Juan Pedro Gatti y Gast\u00f3n Godoy. Nicol\u00e1s Contardi, Federico Chotro, Cristian Barrientos y Thiago Portesi. Mariano Rivas y Mat\u00edas V\u00e1zquez.<\/p>\n<p>Se sum\u00f3 en Mercedes el lateral zurdo Rub\u00e9n G\u00f3mez, ex Excursionistas, quien jug\u00f3 algunos minutos. Tambi\u00e9n jug\u00f3 Nicol\u00e1s Minetti.<\/p>\n<p>Luego jugaron los suplentes de ambos equipos y ah\u00ed Mercedes cay\u00f3 4 a 0 y jug\u00f3 con\u00a0Juan Bidone,\u00a0 Rossi, Sergio Kaezuk y Jos\u00e9 Comalini. Nicol\u00e1s Paniagua, Mat\u00edas Avila, Thiago Portesi, R\u00faben G\u00f3mez, Francisco Bomaggio. Mat\u00edas V\u00e1zquez y Franco Gatti.<\/p>\n<p>Por el lado de Trocha, visit\u00f3 a la Cuarta Divisi\u00f3n de Argentinos Juniors y termin\u00f3 empatando 1 a 1 y luego cayendo 1 a 0. M\u00f3dolo puso en cancha a\u00a0Ronsoni, Leo G\u00f3mez, Luis Arias y Fabricio Paganini; Facundo M\u00f3dolo, Nahuel Paniagua, Troncoso, Risso y Oscar Zapata; Axel Reyne y Ezequiel Giachello. Tambi\u00e9n jugaron\u00a0Sebasti\u00e1n Aranda, Marcos Camargo y Franco Mart\u00ednez.<\/p>\n<p>Por su parte, Mat\u00edas M\u00f3dolo est\u00e1 probando otro jugador de la ciudad de Mercedes y es\u00a0Nicol\u00e1s Ram\u00edrez, un media punta que jug\u00f3 en las inferiores en Flandria.\u00a0Quien no estuvo presente fue Gerardo Landa por una distensi\u00f3n en el gemelo izquierdo, pero no tendr\u00eda inconvenientes para el debut.<\/p>\n<p>En cuanto al debut, estaba pautado para el d\u00eda s\u00e1bado 4, pero la dirigencia de Club Mercedes quiere disputarlo el domingo 5 y el horario ronda entre las 17 y 18.30. Desde la Municipalidad de Mercedes esperan que el encuentro se juegue lo m\u00e1s tarde posible el d\u00eda domingo ya que es el d\u00eda de la llegada de la Doble Bragado a la ciudad, un evento que atrae a muchos mercedinos que deber\u00e1n optar por un evento u otro si suceden a la misma hora, lo que ser\u00eda una pena para el deporte local.<\/p>\n","protected":false},"excerpt":{"rendered":"<p>La puesta a punto de los equipos locales que jugar\u00e1n en el Federal C se encuentra en plena etapa de &#8230; <a title=\"A una semana del debut, Mercedes y Trocha siguen de amistosos\" class=\"read-more\" href=\"https:\/\/www.hoymercedes.com.ar\/principal\/2017\/01\/28\/a-una-semana-del-debut-mercedes-y-trocha-siguen-de-amistosos\/\" aria-label=\"Leer m\u00e1s sobre A una semana del debut, Mercedes y Trocha siguen de amistosos\">Leer m\u00e1s<\/a><\/p>\n","protected":false},"author":1,"featured_media":59279,"comment_status":"closed","ping_status":"open","sticky":false,"template":"","format":"standard","meta":{"_monsterinsights_skip_tracking":false,"_monsterinsights_sitenote_active":false,"_monsterinsights_sitenote_note":"","_monsterinsights_sitenote_category":0,"jetpack_post_was_ever_published":false,"_jetpack_newsletter_access":"","_jetpack_dont_email_post_to_subs":false,"_jetpack_newsletter_tier_id":0,"_jetpack_memberships_contains_paywalled_content":false,"_jetpack_memberships_contains_paid_content":false,"footnotes":"","jetpack_publicize_message":"","jetpack_publicize_feature_enabled":true,"jetpack_social_post_already_shared":false,"jetpack_social_options":{"image_generator_settings":{"template":"highway","default_image_id":0,"font":"","enabled":false},"version":2},"_wpas_customize_per_network":false},"categories":[21],"tags":[10501,122,204,8412,1003,1379],"class_list":["post-59277","post","type-post","status-publish","format-standard","has-post-thumbnail","hentry","category-deportes","tag-amistosos","tag-club-mercedes","tag-deportes-2","tag-federal-c","tag-futbol","tag-trocha","generate-columns","tablet-grid-50","mobile-grid-100","grid-parent","grid-50"],"jetpack_publicize_connections":[],"jetpack_featured_media_url":"https:\/\/www.hoymercedes.com.ar\/principal\/wp-content\/uploads\/2017\/01\/Trocha-AAAJ-2-1.jpg","wps_subtitle":"Federal C","jetpack_sharing_enabled":true,"_links":{"self":[{"href":"https:\/\/www.hoymercedes.com.ar\/principal\/wp-json\/wp\/v2\/posts\/59277","targetHints":{"allow":["GET"]}}],"collection":[{"href":"https:\/\/www.hoymercedes.com.ar\/principal\/wp-json\/wp\/v2\/posts"}],"about":[{"href":"https:\/\/www.hoymercedes.com.ar\/principal\/wp-json\/wp\/v2\/types\/post"}],"author":[{"embeddable":true,"href":"https:\/\/www.hoymercedes.com.ar\/principal\/wp-json\/wp\/v2\/users\/1"}],"replies":[{"embeddable":true,"href":"https:\/\/www.hoymercedes.com.ar\/principal\/wp-json\/wp\/v2\/comments?post=59277"}],"version-history":[{"count":0,"href":"https:\/\/www.hoymercedes.com.ar\/principal\/wp-json\/wp\/v2\/posts\/59277\/revisions"}],"wp:featuredmedia":[{"embeddable":true,"href":"https:\/\/www.hoymercedes.com.ar\/principal\/wp-json\/wp\/v2\/media\/59279"}],"wp:attachment":[{"href":"https:\/\/www.hoymercedes.com.ar\/principal\/wp-json\/wp\/v2\/media?parent=59277"}],"wp:term":[{"taxonomy":"category","embeddable":true,"href":"https:\/\/www.hoymercedes.com.ar\/principal\/wp-json\/wp\/v2\/categories?post=59277"},{"taxonomy":"post_tag","embeddable":true,"href":"https:\/\/www.hoymercedes.com.ar\/principal\/wp-json\/wp\/v2\/tags?post=59277"}],"curies":[{"name":"wp","href":"https:\/\/api.w.org\/{rel}","templated":true}]}}