{"id":59285,"date":"2017-01-29T22:12:31","date_gmt":"2017-01-30T01:12:31","guid":{"rendered":"http:\/\/www.hoymercedes.com.ar\/principal\/?p=59285"},"modified":"2017-01-30T09:15:34","modified_gmt":"2017-01-30T12:15:34","slug":"walter-sequeira-pelea-este-viernes","status":"publish","type":"post","link":"https:\/\/www.hoymercedes.com.ar\/principal\/2017\/01\/29\/walter-sequeira-pelea-este-viernes\/","title":{"rendered":"Walter Sequeira pelea este viernes"},"content":{"rendered":"<p><em><strong>El p\u00fagil mercedino volver\u00e1 al ring este viernes 3 de febrero en una velada que tendr\u00e1 cuatro combates preliminares y contar\u00e1 con la organizaci\u00f3n de Charly Box Promotions. Si bien todav\u00eda no est\u00e1 confirmado su rival, ya est\u00e1 confirmado que el fin de semana comenzar\u00e1 con deporte frente al Palacio Municipal, que es donde se ubicar\u00e1 el ring en el que se realizar\u00e1n las peleas.<\/strong><\/em><\/p>\n<p><img loading=\"lazy\" decoding=\"async\" data-attachment-id=\"59307\" data-permalink=\"https:\/\/www.hoymercedes.com.ar\/principal\/2017\/01\/29\/walter-sequeira-pelea-este-viernes\/whatsapp-image-2017-01-27-at-15-53-34\/#main\" data-orig-file=\"https:\/\/www.hoymercedes.com.ar\/principal\/wp-content\/uploads\/2017\/01\/WhatsApp-Image-2017-01-27-at-15.53.34.jpeg\" data-orig-size=\"905,1280\" data-comments-opened=\"0\" data-image-meta=\"{&quot;aperture&quot;:&quot;0&quot;,&quot;credit&quot;:&quot;&quot;,&quot;camera&quot;:&quot;&quot;,&quot;caption&quot;:&quot;&quot;,&quot;created_timestamp&quot;:&quot;0&quot;,&quot;copyright&quot;:&quot;&quot;,&quot;focal_length&quot;:&quot;0&quot;,&quot;iso&quot;:&quot;0&quot;,&quot;shutter_speed&quot;:&quot;0&quot;,&quot;title&quot;:&quot;&quot;,&quot;orientation&quot;:&quot;0&quot;}\" data-image-title=\"WhatsApp Image 2017-01-27 at 15.53.34\" data-image-description=\"\" data-image-caption=\"\" data-large-file=\"https:\/\/www.hoymercedes.com.ar\/principal\/wp-content\/uploads\/2017\/01\/WhatsApp-Image-2017-01-27-at-15.53.34-724x1024.jpeg\" class=\"aligncenter size-medium wp-image-59307\" src=\"https:\/\/www.hoymercedes.com.ar\/principal\/wp-content\/uploads\/2017\/01\/WhatsApp-Image-2017-01-27-at-15.53.34-438x620.jpeg\" alt=\"\" width=\"438\" height=\"620\" srcset=\"https:\/\/www.hoymercedes.com.ar\/principal\/wp-content\/uploads\/2017\/01\/WhatsApp-Image-2017-01-27-at-15.53.34-438x620.jpeg 438w, https:\/\/www.hoymercedes.com.ar\/principal\/wp-content\/uploads\/2017\/01\/WhatsApp-Image-2017-01-27-at-15.53.34-106x150.jpeg 106w, https:\/\/www.hoymercedes.com.ar\/principal\/wp-content\/uploads\/2017\/01\/WhatsApp-Image-2017-01-27-at-15.53.34-724x1024.jpeg 724w, https:\/\/www.hoymercedes.com.ar\/principal\/wp-content\/uploads\/2017\/01\/WhatsApp-Image-2017-01-27-at-15.53.34.jpeg 905w\" sizes=\"auto, (max-width: 438px) 100vw, 438px\" \/><\/p>\n<p>Sequeira, de esta manera, se sigue preparando para una nueva pelea buscando volver al ruedo, que ser\u00e1 el 27 de febrero en Mar del Plata. La jornada de este viernes ser\u00e1 con entrada libre y gratuita y participa de la organizaci\u00f3n la Municipalidad de Mercedes.<\/p>\n<p>A medida que se sigan confirmando detalles, se ir\u00e1n dando a conocer.<\/p>\n","protected":false},"excerpt":{"rendered":"<p>El p\u00fagil mercedino volver\u00e1 al ring este viernes 3 de febrero en una velada que tendr\u00e1 cuatro combates preliminares y &#8230; <a title=\"Walter Sequeira pelea este viernes\" class=\"read-more\" href=\"https:\/\/www.hoymercedes.com.ar\/principal\/2017\/01\/29\/walter-sequeira-pelea-este-viernes\/\" aria-label=\"Leer m\u00e1s sobre Walter Sequeira pelea este viernes\">Leer m\u00e1s<\/a><\/p>\n","protected":false},"author":1,"featured_media":59307,"comment_status":"closed","ping_status":"open","sticky":false,"template":"","format":"standard","meta":{"_monsterinsights_skip_tracking":false,"_monsterinsights_sitenote_active":false,"_monsterinsights_sitenote_note":"","_monsterinsights_sitenote_category":0,"jetpack_post_was_ever_published":false,"_jetpack_newsletter_access":"","_jetpack_dont_email_post_to_subs":false,"_jetpack_newsletter_tier_id":0,"_jetpack_memberships_contains_paywalled_content":false,"_jetpack_memberships_contains_paid_content":false,"footnotes":"","jetpack_publicize_message":"","jetpack_publicize_feature_enabled":true,"jetpack_social_post_already_shared":false,"jetpack_social_options":{"image_generator_settings":{"template":"highway","default_image_id":0,"font":"","enabled":false},"version":2},"_wpas_customize_per_network":false},"categories":[21],"tags":[1279,204,3806],"class_list":["post-59285","post","type-post","status-publish","format-standard","has-post-thumbnail","hentry","category-deportes","tag-boxeo","tag-deportes-2","tag-walter-yacare-sequeira","generate-columns","tablet-grid-50","mobile-grid-100","grid-parent","grid-50"],"jetpack_publicize_connections":[],"jetpack_featured_media_url":"https:\/\/www.hoymercedes.com.ar\/principal\/wp-content\/uploads\/2017\/01\/WhatsApp-Image-2017-01-27-at-15.53.34.jpeg","wps_subtitle":"Boxeo","jetpack_sharing_enabled":true,"_links":{"self":[{"href":"https:\/\/www.hoymercedes.com.ar\/principal\/wp-json\/wp\/v2\/posts\/59285","targetHints":{"allow":["GET"]}}],"collection":[{"href":"https:\/\/www.hoymercedes.com.ar\/principal\/wp-json\/wp\/v2\/posts"}],"about":[{"href":"https:\/\/www.hoymercedes.com.ar\/principal\/wp-json\/wp\/v2\/types\/post"}],"author":[{"embeddable":true,"href":"https:\/\/www.hoymercedes.com.ar\/principal\/wp-json\/wp\/v2\/users\/1"}],"replies":[{"embeddable":true,"href":"https:\/\/www.hoymercedes.com.ar\/principal\/wp-json\/wp\/v2\/comments?post=59285"}],"version-history":[{"count":0,"href":"https:\/\/www.hoymercedes.com.ar\/principal\/wp-json\/wp\/v2\/posts\/59285\/revisions"}],"wp:featuredmedia":[{"embeddable":true,"href":"https:\/\/www.hoymercedes.com.ar\/principal\/wp-json\/wp\/v2\/media\/59307"}],"wp:attachment":[{"href":"https:\/\/www.hoymercedes.com.ar\/principal\/wp-json\/wp\/v2\/media?parent=59285"}],"wp:term":[{"taxonomy":"category","embeddable":true,"href":"https:\/\/www.hoymercedes.com.ar\/principal\/wp-json\/wp\/v2\/categories?post=59285"},{"taxonomy":"post_tag","embeddable":true,"href":"https:\/\/www.hoymercedes.com.ar\/principal\/wp-json\/wp\/v2\/tags?post=59285"}],"curies":[{"name":"wp","href":"https:\/\/api.w.org\/{rel}","templated":true}]}}