{"id":59296,"date":"2017-01-28T12:26:03","date_gmt":"2017-01-28T15:26:03","guid":{"rendered":"http:\/\/www.hoymercedes.com.ar\/principal\/?p=59296"},"modified":"2017-01-28T12:26:03","modified_gmt":"2017-01-28T15:26:03","slug":"acuerdan-asignarles-categoria-13-a-los-trabajadores-que-estan-a-tres-anos-de-jubilarse","status":"publish","type":"post","link":"https:\/\/www.hoymercedes.com.ar\/principal\/2017\/01\/28\/acuerdan-asignarles-categoria-13-a-los-trabajadores-que-estan-a-tres-anos-de-jubilarse\/","title":{"rendered":"Acuerdan asignarles categor\u00eda 13 a los trabajadores que est\u00e1n a tres a\u00f1os de jubilarse"},"content":{"rendered":"<p><em><strong>En el trabajo paritario crean \u201cuna categor\u00eda prejubilatoria\u201d para quienes est\u00e9n a poco de tiempo de \u201csu pasividad\u201d y perciban una mejor remuneraci\u00f3n. En febrero continuar\u00e1n las reuniones con el fin de tratar el salario b\u00e1sico del municipal.<\/strong><\/em><\/p>\n<p>En estas \u00faltimas semanas se conoci\u00f3 que representante del Departamento Ejecutivo y del Sindicato de Trabajadores Municipales de Mercedes (STMM) mantuvieron diferentes reuniones con el fin de avanzar en el convenio colectivo de trabajo, un acuerdo en el marco de encuentros entre los paritarios de ambas partes que vienen llevando adelante desde hace un a\u00f1o.<\/p>\n<p>No obstante, en cada reuni\u00f3n van acordando algunos puntos que se ponen en marcha casi de manera inmediata. Una de las \u00faltimas decisiones fue crear una categor\u00eda \u201cprejubilatoria\u201d, de modo que todos los municipales que est\u00e9n a tres a\u00f1os de su pasividad obtengan la categor\u00eda 13 y perciban la mejor jubilaci\u00f3n posible.<\/p>\n<p>El Secretario Adjunto del STMM, Ernesto Ballesteros, dio cuenta de este punto logrado en las \u00faltimas reuniones paritarias. \u201cNos hemos reunidos con el Secretario de Gobierno Juan Pablo L\u00f3pez y, a la ligera, pas\u00f3 tambi\u00e9n el Intendente Juan Ustarroz, y hemos acordado uno de los puntos que nosotros hab\u00edamos planteado en las paritarias. Ten\u00edamos la idea de que los compa\u00f1eros recibieran la categor\u00eda 13 para poder jubilarse con esa categor\u00eda, fue una idea que se propuso en el Municipio de Avellaneda y nosotros lo trajimos a Mercedes ya que hubo muchos compa\u00f1eros que se jubilaron con categor\u00eda 3 o 4 y hoy no les alcanza para nada la jubilaci\u00f3n\u201d, explic\u00f3 Ballesteros.<\/p>\n<p>\u201cLograr que los municipales se jubilen con la categor\u00eda 13 es importante porque es la categor\u00eda m\u00e1xima que puede tener un trabajador que no ejerce ning\u00fan tipo de jefatura. Ya los primeros compa\u00f1eros obtuvieron esta categor\u00eda. Se logr\u00f3 por la predisposici\u00f3n del Intendente y del Secretario de Gobierno. Por ahora, es para los municipales que le faltan tres a\u00f1os para jubilarse, ya que tienen que tener m\u00ednimo esos a\u00f1os para que IPS lo considere en su jubilaci\u00f3n. Los compa\u00f1eros que se est\u00e1n jubilando este a\u00f1o y el pr\u00f3ximo, no podr\u00e1n jubilarse con la categor\u00eda 13, por lo tanto, no se le otorg\u00f3, pero lo estamos pidiendo para que en los meses o a\u00f1o que le restan tendr\u00e1n una diferencia en el salario\u201d, agreg\u00f3 el Secretario Adjunto del Sindicato.<\/p>\n<p>Por otra parte, el Municipal que integra la comisi\u00f3n directiva del Sindicato, explic\u00f3 que no termin\u00f3 el tratamiento paritario del convenio laboral, pero s\u00ed se estar\u00eda avanzando, m\u00e1s all\u00e1 de este logro de dar la categor\u00eda 13 a quienes est\u00e1n por jubilarse. \u201cSon 75 los puntos que presentamos para tratar en paritarias y firmar el acuerdo laboral. Los est\u00e1n evaluando, y a su vez, nos hacen otras propuestas, algunas de ellas m\u00e1s beneficiosas para los compa\u00f1eros y otras para el Ejecutivo. Uno de los puntos en los que estamos avanzando es en la categorizaci\u00f3n autom\u00e1tica cada tres o cuatro a\u00f1os. No queremos que el Municipal tenga que pasar por el sindicato, por la oficina de alg\u00fan funcionario o Jefe o andar detr\u00e1s del Intendente por una categor\u00eda. Con eso se terminar\u00edan los amigismos pol\u00edticos, aunque tambi\u00e9n habr\u00e1 una evaluaci\u00f3n de ese trabajador\u201d, agreg\u00f3 Ballesteros.<\/p>\n<p>Finalmente, el Adjunto del STMM adelant\u00f3 que en la pr\u00f3xima reuni\u00f3n prevista para febrero, el di\u00e1logo se centrar\u00e1 en el aumento del sueldo b\u00e1sico del empleado municipal. \u201cEl Intendente piensa que para marzo no tendr\u00edamos que tener ning\u00fan \u00edtem en negro. Ser\u00eda buen\u00edsimo que se cumpla, as\u00ed que todo el dinero que tenemos en negro pasar\u00eda al b\u00e1sico y reforzar\u00eda un mont\u00f3n de cosas. Al margen de lo que se est\u00e1 discutiendo. En algunas municipalidades se ofert\u00f3 un 18% de aumento, aqu\u00ed se presupuest\u00f3 un 26 \u00f3 27% de aumento en el a\u00f1o. Pero todav\u00eda no lo hemos hablado bien, pero sabemos que en febrero se pagar\u00eda la escolaridad. Tenemos la palabra con respecto a no tener pagos en negro, as\u00ed que esperamos que en marzo se pueda cumplir\u201d, concluy\u00f3 Ernesto Ballesteros, hoy a cargo del sindicato municipal a partir de las vacaciones de su titular Florencia Balsategui.<\/p>\n<p>&nbsp;<\/p>\n<p>Fuente: Diario El Oeste<\/p>\n","protected":false},"excerpt":{"rendered":"<p>En el trabajo paritario crean \u201cuna categor\u00eda prejubilatoria\u201d para quienes est\u00e9n a poco de tiempo de \u201csu pasividad\u201d y perciban &#8230; <a title=\"Acuerdan asignarles categor\u00eda 13 a los trabajadores que est\u00e1n a tres a\u00f1os de jubilarse\" class=\"read-more\" href=\"https:\/\/www.hoymercedes.com.ar\/principal\/2017\/01\/28\/acuerdan-asignarles-categoria-13-a-los-trabajadores-que-estan-a-tres-anos-de-jubilarse\/\" aria-label=\"Leer m\u00e1s sobre Acuerdan asignarles categor\u00eda 13 a los trabajadores que est\u00e1n a tres a\u00f1os de jubilarse\">Leer m\u00e1s<\/a><\/p>\n","protected":false},"author":1,"featured_media":59251,"comment_status":"closed","ping_status":"open","sticky":false,"template":"","format":"standard","meta":{"_monsterinsights_skip_tracking":false,"_monsterinsights_sitenote_active":false,"_monsterinsights_sitenote_note":"","_monsterinsights_sitenote_category":0,"jetpack_post_was_ever_published":false,"_jetpack_newsletter_access":"","_jetpack_dont_email_post_to_subs":false,"_jetpack_newsletter_tier_id":0,"_jetpack_memberships_contains_paywalled_content":false,"_jetpack_memberships_contains_paid_content":false,"footnotes":"","jetpack_publicize_message":"","jetpack_publicize_feature_enabled":true,"jetpack_social_post_already_shared":false,"jetpack_social_options":{"image_generator_settings":{"template":"highway","default_image_id":0,"font":"","enabled":false},"version":2},"_wpas_customize_per_network":false},"categories":[30,5],"tags":[9393,9504,2235,10505,924,2194,2296],"class_list":["post-59296","post","type-post","status-publish","format-standard","has-post-thumbnail","hentry","category-municipio","category-politica","tag-acuerdo","tag-convenio","tag-ernesto-ballesteros","tag-jubilacion","tag-municipales","tag-paritarias","tag-stmm","generate-columns","tablet-grid-50","mobile-grid-100","grid-parent","grid-50"],"jetpack_publicize_connections":[],"jetpack_featured_media_url":"https:\/\/www.hoymercedes.com.ar\/principal\/wp-content\/uploads\/2017\/01\/28-mamon-ballesteros.jpg","wps_subtitle":"Paritaria entre Ejecutivo y Municipales","jetpack_sharing_enabled":true,"jetpack-related-posts":[{"id":106134,"url":"https:\/\/www.hoymercedes.com.ar\/principal\/2020\/02\/12\/municipales-de-mercedes-en-estado-de-alerta-movilizacion-y-quite-de-colaboracion\/","url_meta":{"origin":59296,"position":0},"title":"Municipales de Mercedes en estado de alerta, movilizaci\u00f3n y quite de colaboraci\u00f3n","author":"hoymercedes","date":"12 febrero, 2020","format":false,"excerpt":"A trav\u00e9s de una conferencia de prensa, el Sindicato de Trabajadores Municipales de Mercedes (STMM) y la Asociaci\u00f3n de Trabajadores del Estado (ATE) anunciaron que se encuentran \u201cen estado de alerta, movilizaci\u00f3n y quite de colaboraci\u00f3n\u201d en reclamo por el no cumplimiento del acuerdo salarial 2019 por parte del Municipio.\u2026","rel":"","context":"En \u00abGremios - Sindicatos\u00bb","block_context":{"text":"Gremios - Sindicatos","link":"https:\/\/www.hoymercedes.com.ar\/principal\/category\/gremios-sindicatos\/"},"img":{"alt_text":"","src":"https:\/\/i0.wp.com\/www.hoymercedes.com.ar\/principal\/wp-content\/uploads\/2020\/02\/12-municipales-1.jpg?resize=350%2C200&ssl=1","width":350,"height":200,"srcset":"https:\/\/i0.wp.com\/www.hoymercedes.com.ar\/principal\/wp-content\/uploads\/2020\/02\/12-municipales-1.jpg?resize=350%2C200&ssl=1 1x, https:\/\/i0.wp.com\/www.hoymercedes.com.ar\/principal\/wp-content\/uploads\/2020\/02\/12-municipales-1.jpg?resize=525%2C300&ssl=1 1.5x, https:\/\/i0.wp.com\/www.hoymercedes.com.ar\/principal\/wp-content\/uploads\/2020\/02\/12-municipales-1.jpg?resize=700%2C400&ssl=1 2x"},"classes":[]},{"id":152426,"url":"https:\/\/www.hoymercedes.com.ar\/principal\/2022\/08\/29\/municipales-el-martes-30-habra-movilizacion-a-la-casa-de-la-provincia\/","url_meta":{"origin":59296,"position":1},"title":"Municipales: el martes 30 habr\u00e1 movilizaci\u00f3n a la Casa de la Provincia","author":"hoymercedes","date":"29 agosto, 2022","format":false,"excerpt":"Este martes 30, el Sindicato de Trabajadores Municipales de Mercedes (STMM) se moviliza junto a FESIMUBO con representantes de los 135 a la Casa de Gobierno.","rel":"","context":"En \u00abGremios - Sindicatos\u00bb","block_context":{"text":"Gremios - Sindicatos","link":"https:\/\/www.hoymercedes.com.ar\/principal\/category\/gremios-sindicatos\/"},"img":{"alt_text":"","src":"https:\/\/i0.wp.com\/www.hoymercedes.com.ar\/principal\/wp-content\/uploads\/2022\/08\/stmm-2908.jpeg?resize=350%2C200&ssl=1","width":350,"height":200,"srcset":"https:\/\/i0.wp.com\/www.hoymercedes.com.ar\/principal\/wp-content\/uploads\/2022\/08\/stmm-2908.jpeg?resize=350%2C200&ssl=1 1x, https:\/\/i0.wp.com\/www.hoymercedes.com.ar\/principal\/wp-content\/uploads\/2022\/08\/stmm-2908.jpeg?resize=525%2C300&ssl=1 1.5x, https:\/\/i0.wp.com\/www.hoymercedes.com.ar\/principal\/wp-content\/uploads\/2022\/08\/stmm-2908.jpeg?resize=700%2C400&ssl=1 2x"},"classes":[]},{"id":14690,"url":"https:\/\/www.hoymercedes.com.ar\/principal\/2012\/07\/22\/stmm-invita-a-jubilados-a-reunirse\/","url_meta":{"origin":59296,"position":2},"title":"STMM invita a jubilados a reunirse","author":"hoymercedes","date":"22 julio, 2012","format":false,"excerpt":"Se trata de una iniciativa impulsada por la Secretaria de Previsi\u00f3n Social y Jubilados Municipales, la idea es comenzar con charlas y reuniones a fin de concretar ideas y proyectos para beneficio del jubilado municipal. Los encuentros se realizar\u00e1n todos los mi\u00e9rcoles de 9 a 12 hs en la sede\u2026","rel":"","context":"En \u00abSociedad\u00bb","block_context":{"text":"Sociedad","link":"https:\/\/www.hoymercedes.com.ar\/principal\/category\/sociedad\/"},"img":{"alt_text":"","src":"","width":0,"height":0},"classes":[]},{"id":16211,"url":"https:\/\/www.hoymercedes.com.ar\/principal\/2012\/09\/17\/stmm-invita-a-almuerzo-a-jubilados-municipales\/","url_meta":{"origin":59296,"position":3},"title":"STMM invita a almuerzo a jubilados municipales","author":"hoymercedes","date":"17 septiembre, 2012","format":false,"excerpt":"El Sindicato de Trabajadores Municipales de Mercedes (STMM) invita para el pr\u00f3ximo 22 de Septiembre a las 12:30 horas, a un almuerzo de camarader\u00eda dirigido particularmente a los jubilados. La invitaci\u00f3n de este almuerzo es para compartir un mediod\u00eda en el Sindicato entre compa\u00f1eros y compa\u00f1eras. Un almuerzo lleno de\u2026","rel":"","context":"En \u00abSociedad\u00bb","block_context":{"text":"Sociedad","link":"https:\/\/www.hoymercedes.com.ar\/principal\/category\/sociedad\/"},"img":{"alt_text":"","src":"","width":0,"height":0},"classes":[]},{"id":153222,"url":"https:\/\/www.hoymercedes.com.ar\/principal\/2022\/09\/21\/el-stmm-continua-con-el-paro-por-tiempo-indeterminado\/","url_meta":{"origin":59296,"position":4},"title":"El STMM contin\u00faa con el paro activo por tiempo indeterminado","author":"hoymercedes","date":"21 septiembre, 2022","format":false,"excerpt":"El paro se anunci\u00f3 en la tarde del martes y se confirm\u00f3 su continuidad el mi\u00e9rcoles luego de la reuni\u00f3n en la Delegaci\u00f3n local del Ministerio de Trabajo Bonaerense con el Departamento Ejecutivo.","rel":"","context":"En \u00abGremios - Sindicatos\u00bb","block_context":{"text":"Gremios - Sindicatos","link":"https:\/\/www.hoymercedes.com.ar\/principal\/category\/gremios-sindicatos\/"},"img":{"alt_text":"","src":"https:\/\/i0.wp.com\/www.hoymercedes.com.ar\/principal\/wp-content\/uploads\/2022\/09\/quema-municipales.jpeg?resize=350%2C200&ssl=1","width":350,"height":200,"srcset":"https:\/\/i0.wp.com\/www.hoymercedes.com.ar\/principal\/wp-content\/uploads\/2022\/09\/quema-municipales.jpeg?resize=350%2C200&ssl=1 1x, https:\/\/i0.wp.com\/www.hoymercedes.com.ar\/principal\/wp-content\/uploads\/2022\/09\/quema-municipales.jpeg?resize=525%2C300&ssl=1 1.5x, https:\/\/i0.wp.com\/www.hoymercedes.com.ar\/principal\/wp-content\/uploads\/2022\/09\/quema-municipales.jpeg?resize=700%2C400&ssl=1 2x"},"classes":[]},{"id":121956,"url":"https:\/\/www.hoymercedes.com.ar\/principal\/2020\/12\/18\/municipales-se-siguen-burlando-de-nosotros\/","url_meta":{"origin":59296,"position":5},"title":"Municipales: Se siguen burlando de nosotros","author":"hoymercedes","date":"18 diciembre, 2020","format":false,"excerpt":"Por Tribuna Municipal - El pasado 4 de diciembre el STMM present\u00f3 una nota solicitando al ejecutivo municipal con el fin\u00a0 de que se nos otorgue un complemento al salario en diciembre 2020 ya que \u201clos trabajadores no llegan a cubrir sus necesidades\u201dy que este equipare \u00a0la diferencia con la\u2026","rel":"","context":"En \u00abGremios - Sindicatos\u00bb","block_context":{"text":"Gremios - Sindicatos","link":"https:\/\/www.hoymercedes.com.ar\/principal\/category\/gremios-sindicatos\/"},"img":{"alt_text":"","src":"https:\/\/i0.wp.com\/www.hoymercedes.com.ar\/principal\/wp-content\/uploads\/2017\/04\/10-palacio_municipal.jpg?resize=350%2C200&ssl=1","width":350,"height":200,"srcset":"https:\/\/i0.wp.com\/www.hoymercedes.com.ar\/principal\/wp-content\/uploads\/2017\/04\/10-palacio_municipal.jpg?resize=350%2C200&ssl=1 1x, https:\/\/i0.wp.com\/www.hoymercedes.com.ar\/principal\/wp-content\/uploads\/2017\/04\/10-palacio_municipal.jpg?resize=525%2C300&ssl=1 1.5x"},"classes":[]}],"_links":{"self":[{"href":"https:\/\/www.hoymercedes.com.ar\/principal\/wp-json\/wp\/v2\/posts\/59296","targetHints":{"allow":["GET"]}}],"collection":[{"href":"https:\/\/www.hoymercedes.com.ar\/principal\/wp-json\/wp\/v2\/posts"}],"about":[{"href":"https:\/\/www.hoymercedes.com.ar\/principal\/wp-json\/wp\/v2\/types\/post"}],"author":[{"embeddable":true,"href":"https:\/\/www.hoymercedes.com.ar\/principal\/wp-json\/wp\/v2\/users\/1"}],"replies":[{"embeddable":true,"href":"https:\/\/www.hoymercedes.com.ar\/principal\/wp-json\/wp\/v2\/comments?post=59296"}],"version-history":[{"count":0,"href":"https:\/\/www.hoymercedes.com.ar\/principal\/wp-json\/wp\/v2\/posts\/59296\/revisions"}],"wp:featuredmedia":[{"embeddable":true,"href":"https:\/\/www.hoymercedes.com.ar\/principal\/wp-json\/wp\/v2\/media\/59251"}],"wp:attachment":[{"href":"https:\/\/www.hoymercedes.com.ar\/principal\/wp-json\/wp\/v2\/media?parent=59296"}],"wp:term":[{"taxonomy":"category","embeddable":true,"href":"https:\/\/www.hoymercedes.com.ar\/principal\/wp-json\/wp\/v2\/categories?post=59296"},{"taxonomy":"post_tag","embeddable":true,"href":"https:\/\/www.hoymercedes.com.ar\/principal\/wp-json\/wp\/v2\/tags?post=59296"}],"curies":[{"name":"wp","href":"https:\/\/api.w.org\/{rel}","templated":true}]}}