{"id":59314,"date":"2017-01-30T18:05:09","date_gmt":"2017-01-30T21:05:09","guid":{"rendered":"http:\/\/www.hoymercedes.com.ar\/principal\/?p=59314"},"modified":"2017-01-30T08:47:16","modified_gmt":"2017-01-30T11:47:16","slug":"trocha-dio-a-conocer-su-nueva-camiseta","status":"publish","type":"post","link":"https:\/\/www.hoymercedes.com.ar\/principal\/2017\/01\/30\/trocha-dio-a-conocer-su-nueva-camiseta\/","title":{"rendered":"Trocha dio a conocer su nueva camiseta"},"content":{"rendered":"<p><em><strong>Pensando en el torneo m\u00e1s importante de su historia, teniendo en cuenta que ser\u00e1 el primer Regional que la Carbonilla juegue a partir del pr\u00f3ximo domingo cuando salga a la cancha para enfrentar a Mercedes y luego Atl\u00e9tico Luj\u00e1n y San Miguel de Las Heras, la dirigencia de Trocha se movi\u00f3 para jugar este torneo con una camiseta que es igual a la tradicional, quedando lejos el color azul petr\u00f3leo de la \u00faltima temporada.<\/strong><\/em><\/p>\n<p><img loading=\"lazy\" decoding=\"async\" data-attachment-id=\"59315\" data-permalink=\"https:\/\/www.hoymercedes.com.ar\/principal\/2017\/01\/30\/trocha-dio-a-conocer-su-nueva-camiseta\/trocha-camiseta\/#main\" data-orig-file=\"https:\/\/www.hoymercedes.com.ar\/principal\/wp-content\/uploads\/2017\/01\/trocha-camiseta.jpg\" data-orig-size=\"544,544\" data-comments-opened=\"0\" data-image-meta=\"{&quot;aperture&quot;:&quot;0&quot;,&quot;credit&quot;:&quot;&quot;,&quot;camera&quot;:&quot;&quot;,&quot;caption&quot;:&quot;&quot;,&quot;created_timestamp&quot;:&quot;0&quot;,&quot;copyright&quot;:&quot;&quot;,&quot;focal_length&quot;:&quot;0&quot;,&quot;iso&quot;:&quot;0&quot;,&quot;shutter_speed&quot;:&quot;0&quot;,&quot;title&quot;:&quot;&quot;,&quot;orientation&quot;:&quot;0&quot;}\" data-image-title=\"trocha camiseta\" data-image-description=\"\" data-image-caption=\"\" data-large-file=\"https:\/\/www.hoymercedes.com.ar\/principal\/wp-content\/uploads\/2017\/01\/trocha-camiseta.jpg\" class=\"aligncenter size-full wp-image-59315\" src=\"https:\/\/www.hoymercedes.com.ar\/principal\/wp-content\/uploads\/2017\/01\/trocha-camiseta.jpg\" alt=\"\" width=\"544\" height=\"544\" srcset=\"https:\/\/www.hoymercedes.com.ar\/principal\/wp-content\/uploads\/2017\/01\/trocha-camiseta.jpg 544w, https:\/\/www.hoymercedes.com.ar\/principal\/wp-content\/uploads\/2017\/01\/trocha-camiseta-150x150.jpg 150w\" sizes=\"auto, (max-width: 544px) 100vw, 544px\" \/><\/p>\n<p>Con nuevo sponsor en su pecho, Trocha jugar\u00e1 con una camiseta que har\u00e1 recordar a las viejas \u00e9pocas de la Liga Mercedina y que la estrenar\u00e1 el pr\u00f3ximo domingo a las 18 en el estadio local cuando visite a Club Mercedes. Luego, tendr\u00e1 tres partidos consecutivos como local y definir\u00e1 en Luj\u00e1n y Las Heras.<\/p>\n<p><img loading=\"lazy\" decoding=\"async\" data-attachment-id=\"59316\" data-permalink=\"https:\/\/www.hoymercedes.com.ar\/principal\/2017\/01\/30\/trocha-dio-a-conocer-su-nueva-camiseta\/trocha-cena2\/#main\" data-orig-file=\"https:\/\/www.hoymercedes.com.ar\/principal\/wp-content\/uploads\/2017\/01\/trocha-cena2.jpg\" data-orig-size=\"650,422\" data-comments-opened=\"0\" data-image-meta=\"{&quot;aperture&quot;:&quot;0&quot;,&quot;credit&quot;:&quot;&quot;,&quot;camera&quot;:&quot;&quot;,&quot;caption&quot;:&quot;&quot;,&quot;created_timestamp&quot;:&quot;0&quot;,&quot;copyright&quot;:&quot;&quot;,&quot;focal_length&quot;:&quot;0&quot;,&quot;iso&quot;:&quot;0&quot;,&quot;shutter_speed&quot;:&quot;0&quot;,&quot;title&quot;:&quot;&quot;,&quot;orientation&quot;:&quot;1&quot;}\" data-image-title=\"trocha cena2\" data-image-description=\"\" data-image-caption=\"\" data-large-file=\"https:\/\/www.hoymercedes.com.ar\/principal\/wp-content\/uploads\/2017\/01\/trocha-cena2.jpg\" class=\"aligncenter size-medium wp-image-59316\" src=\"https:\/\/www.hoymercedes.com.ar\/principal\/wp-content\/uploads\/2017\/01\/trocha-cena2-630x409.jpg\" alt=\"\" width=\"630\" height=\"409\" srcset=\"https:\/\/www.hoymercedes.com.ar\/principal\/wp-content\/uploads\/2017\/01\/trocha-cena2-630x409.jpg 630w, https:\/\/www.hoymercedes.com.ar\/principal\/wp-content\/uploads\/2017\/01\/trocha-cena2-150x97.jpg 150w, https:\/\/www.hoymercedes.com.ar\/principal\/wp-content\/uploads\/2017\/01\/trocha-cena2.jpg 650w\" sizes=\"auto, (max-width: 630px) 100vw, 630px\" \/><\/p>\n<p>Adem\u00e1s, Trocha organiz\u00f3 una cena para el pr\u00f3ximo 10 de febrero en la sede del club, en 29 entre 36 y 38. El valor de la tarjeta ser\u00e1 de $260 y el men\u00fa ser\u00e1 asado, chorizo, vino y helado.<\/p>\n","protected":false},"excerpt":{"rendered":"<p>Pensando en el torneo m\u00e1s importante de su historia, teniendo en cuenta que ser\u00e1 el primer Regional que la Carbonilla &#8230; <a title=\"Trocha dio a conocer su nueva camiseta\" class=\"read-more\" href=\"https:\/\/www.hoymercedes.com.ar\/principal\/2017\/01\/30\/trocha-dio-a-conocer-su-nueva-camiseta\/\" aria-label=\"Leer m\u00e1s sobre Trocha dio a conocer su nueva camiseta\">Leer m\u00e1s<\/a><\/p>\n","protected":false},"author":1,"featured_media":59315,"comment_status":"closed","ping_status":"open","sticky":false,"template":"","format":"standard","meta":{"_monsterinsights_skip_tracking":false,"_monsterinsights_sitenote_active":false,"_monsterinsights_sitenote_note":"","_monsterinsights_sitenote_category":0,"jetpack_post_was_ever_published":false,"_jetpack_newsletter_access":"","_jetpack_dont_email_post_to_subs":false,"_jetpack_newsletter_tier_id":0,"_jetpack_memberships_contains_paywalled_content":false,"_jetpack_memberships_contains_paid_content":false,"footnotes":"","jetpack_publicize_message":"","jetpack_publicize_feature_enabled":true,"jetpack_social_post_already_shared":false,"jetpack_social_options":{"image_generator_settings":{"template":"highway","default_image_id":0,"font":"","enabled":false},"version":2},"_wpas_customize_per_network":false},"categories":[21],"tags":[9046,204,1003,1379],"class_list":["post-59314","post","type-post","status-publish","format-standard","has-post-thumbnail","hentry","category-deportes","tag-camiseta","tag-deportes-2","tag-futbol","tag-trocha","generate-columns","tablet-grid-50","mobile-grid-100","grid-parent","grid-50"],"jetpack_publicize_connections":[],"jetpack_featured_media_url":"https:\/\/www.hoymercedes.com.ar\/principal\/wp-content\/uploads\/2017\/01\/trocha-camiseta.jpg","wps_subtitle":"Federal C","jetpack_sharing_enabled":true,"_links":{"self":[{"href":"https:\/\/www.hoymercedes.com.ar\/principal\/wp-json\/wp\/v2\/posts\/59314","targetHints":{"allow":["GET"]}}],"collection":[{"href":"https:\/\/www.hoymercedes.com.ar\/principal\/wp-json\/wp\/v2\/posts"}],"about":[{"href":"https:\/\/www.hoymercedes.com.ar\/principal\/wp-json\/wp\/v2\/types\/post"}],"author":[{"embeddable":true,"href":"https:\/\/www.hoymercedes.com.ar\/principal\/wp-json\/wp\/v2\/users\/1"}],"replies":[{"embeddable":true,"href":"https:\/\/www.hoymercedes.com.ar\/principal\/wp-json\/wp\/v2\/comments?post=59314"}],"version-history":[{"count":0,"href":"https:\/\/www.hoymercedes.com.ar\/principal\/wp-json\/wp\/v2\/posts\/59314\/revisions"}],"wp:featuredmedia":[{"embeddable":true,"href":"https:\/\/www.hoymercedes.com.ar\/principal\/wp-json\/wp\/v2\/media\/59315"}],"wp:attachment":[{"href":"https:\/\/www.hoymercedes.com.ar\/principal\/wp-json\/wp\/v2\/media?parent=59314"}],"wp:term":[{"taxonomy":"category","embeddable":true,"href":"https:\/\/www.hoymercedes.com.ar\/principal\/wp-json\/wp\/v2\/categories?post=59314"},{"taxonomy":"post_tag","embeddable":true,"href":"https:\/\/www.hoymercedes.com.ar\/principal\/wp-json\/wp\/v2\/tags?post=59314"}],"curies":[{"name":"wp","href":"https:\/\/api.w.org\/{rel}","templated":true}]}}