{"id":59320,"date":"2017-01-30T09:18:16","date_gmt":"2017-01-30T12:18:16","guid":{"rendered":"http:\/\/www.hoymercedes.com.ar\/principal\/?p=59320"},"modified":"2017-01-30T09:35:33","modified_gmt":"2017-01-30T12:35:33","slug":"intendente-recorrio-avance-de-la-obra-que-se-realiza-en-av-29-y-40","status":"publish","type":"post","link":"https:\/\/www.hoymercedes.com.ar\/principal\/2017\/01\/30\/intendente-recorrio-avance-de-la-obra-que-se-realiza-en-av-29-y-40\/","title":{"rendered":"Intendente recorri\u00f3 avance de la obra que se realiza en Av. 29 y 40"},"content":{"rendered":"<p>La repavimentaci\u00f3n en hormig\u00f3n de la avenida 29 que tuvo excelente recibimiento por parte de los mercedinos. La misma es una mejora sustancial del lugar. Durante los \u00faltimos d\u00edas el intendente Juan Ignacio Ustarroz recorri\u00f3 la zona en compa\u00f1\u00eda del presidente del Concejo Deliberante, Mat\u00edas Dematei. \u201cNo es que se est\u00e1 bacheando, sino que se est\u00e1 repavimentando todo en hormig\u00f3n para que dure much\u00edsimo tiempo\u201d, reafirm\u00f3 el primer mandatario local.<\/p>\n<p><img loading=\"lazy\" decoding=\"async\" data-attachment-id=\"59165\" data-permalink=\"https:\/\/www.hoymercedes.com.ar\/principal\/2017\/01\/24\/futbol-5-entre-los-internos-de-la-unidad-no-5\/25-muni-40y29\/#main\" data-orig-file=\"https:\/\/www.hoymercedes.com.ar\/principal\/wp-content\/uploads\/2017\/01\/25-muni-40y29.jpg\" data-orig-size=\"630,420\" data-comments-opened=\"0\" data-image-meta=\"{&quot;aperture&quot;:&quot;6.3&quot;,&quot;credit&quot;:&quot;&quot;,&quot;camera&quot;:&quot;NIKON D3100&quot;,&quot;caption&quot;:&quot;&quot;,&quot;created_timestamp&quot;:&quot;1484912687&quot;,&quot;copyright&quot;:&quot;&quot;,&quot;focal_length&quot;:&quot;26&quot;,&quot;iso&quot;:&quot;200&quot;,&quot;shutter_speed&quot;:&quot;0.01&quot;,&quot;title&quot;:&quot;&quot;,&quot;orientation&quot;:&quot;1&quot;}\" data-image-title=\"25 muni 40y29\" data-image-description=\"\" data-image-caption=\"\" data-large-file=\"https:\/\/www.hoymercedes.com.ar\/principal\/wp-content\/uploads\/2017\/01\/25-muni-40y29.jpg\" class=\"aligncenter size-medium wp-image-59165\" src=\"https:\/\/www.hoymercedes.com.ar\/principal\/wp-content\/uploads\/2017\/01\/25-muni-40y29-630x420.jpg\" alt=\"\" width=\"630\" height=\"420\" srcset=\"https:\/\/www.hoymercedes.com.ar\/principal\/wp-content\/uploads\/2017\/01\/25-muni-40y29.jpg 630w, https:\/\/www.hoymercedes.com.ar\/principal\/wp-content\/uploads\/2017\/01\/25-muni-40y29-150x100.jpg 150w, https:\/\/www.hoymercedes.com.ar\/principal\/wp-content\/uploads\/2017\/01\/25-muni-40y29-300x200.jpg 300w\" sizes=\"auto, (max-width: 630px) 100vw, 630px\" \/><\/p>\n<p>En di\u00e1logo con los medios, el Jefe Comunal de Mercedes explic\u00f3 que la obra se realiza en el marco de un plan de repavimentaci\u00f3n que se inici\u00f3 en la intersecci\u00f3n de calles 33 y 42. \u201cEste es un lugar estrat\u00e9gico. Necesit\u00e1bamos generar una transformaci\u00f3n porque ten\u00edamos un pavimento que de manera recurrente se romp\u00eda. Elegimos salir de la pol\u00edtica del parche y hacer una transformaci\u00f3n estructural y ponerlo en consonancia con lo que es toda la 29, que tiene hormig\u00f3n. Entendimos era necesario hacer toda una estructura nueva de hormig\u00f3n. No es que se est\u00e1 bacheando, sino que se est\u00e1 repavimentando todo en hormig\u00f3n para que dure much\u00edsimo tiempo\u201d, explic\u00f3 Ustarroz.<\/p>\n<p><img loading=\"lazy\" decoding=\"async\" data-attachment-id=\"59164\" data-permalink=\"https:\/\/www.hoymercedes.com.ar\/principal\/2017\/01\/24\/futbol-5-entre-los-internos-de-la-unidad-no-5\/25-muni-29-y-40\/#main\" data-orig-file=\"https:\/\/www.hoymercedes.com.ar\/principal\/wp-content\/uploads\/2017\/01\/25-muni-29-y-40.jpg\" data-orig-size=\"630,420\" data-comments-opened=\"0\" data-image-meta=\"{&quot;aperture&quot;:&quot;8&quot;,&quot;credit&quot;:&quot;&quot;,&quot;camera&quot;:&quot;NIKON D3100&quot;,&quot;caption&quot;:&quot;&quot;,&quot;created_timestamp&quot;:&quot;1484911278&quot;,&quot;copyright&quot;:&quot;&quot;,&quot;focal_length&quot;:&quot;18&quot;,&quot;iso&quot;:&quot;200&quot;,&quot;shutter_speed&quot;:&quot;0.005&quot;,&quot;title&quot;:&quot;&quot;,&quot;orientation&quot;:&quot;1&quot;}\" data-image-title=\"25 muni 29 y 40\" data-image-description=\"\" data-image-caption=\"\" data-large-file=\"https:\/\/www.hoymercedes.com.ar\/principal\/wp-content\/uploads\/2017\/01\/25-muni-29-y-40.jpg\" class=\"aligncenter size-medium wp-image-59164\" src=\"https:\/\/www.hoymercedes.com.ar\/principal\/wp-content\/uploads\/2017\/01\/25-muni-29-y-40-630x420.jpg\" alt=\"\" width=\"630\" height=\"420\" srcset=\"https:\/\/www.hoymercedes.com.ar\/principal\/wp-content\/uploads\/2017\/01\/25-muni-29-y-40.jpg 630w, https:\/\/www.hoymercedes.com.ar\/principal\/wp-content\/uploads\/2017\/01\/25-muni-29-y-40-150x100.jpg 150w, https:\/\/www.hoymercedes.com.ar\/principal\/wp-content\/uploads\/2017\/01\/25-muni-29-y-40-300x200.jpg 300w\" sizes=\"auto, (max-width: 630px) 100vw, 630px\" \/><\/p>\n<p>La obra de 40 y 29 es una m\u00e1s de las que se est\u00e1n terminando por estos d\u00edas. Es as\u00ed que los vecinos pueden ver c\u00f3mo contin\u00faan los trabajos de repavimentaci\u00f3n y \u00a0bacheo no s\u00f3lo en la intersecci\u00f3n clave de la ciudad, sino tambi\u00e9n en la calle 12 entre las calles 11 y 13, en la esquina de 103 y 22 y luego se har\u00e1 en la calle 61 bis entre la calle 10 y las v\u00edas. \u201cLamentablemente en esa zona tendremos que repavimentar casi de cero porque cuando se hizo fue de manera incorrecta. Nuestra pol\u00edtica es mejorar estructuralmente, pensando en la seguridad vial, la jerarquizaci\u00f3n y a largo plazo\u201d, agreg\u00f3 el Intendente de Mercedes.<\/p>\n<p>\u201cSe est\u00e1n haciendo muchas obras de bacheos, para nosotros esto es una prioridad y es una demanda muy grande. Este a\u00f1o se iniciar\u00eda la obra en Avenida 2. Es una de las obras m\u00e1s importante que se har\u00e1 y que se har\u00e1 junto a Vialidad. Sin duda jerarquizar\u00e1 el ingreso principal a la ciudad. En febrero tambi\u00e9n se comenzar\u00e1 la construcci\u00f3n de los p\u00f3rticos de acceso a nuestra comuna siendo uno en el ingreso por Ruta 41 y otro por Ruta 5 y Acceso Manuel Sanmart\u00edn.\u00a0 Tenemos una gran agenda de para este a\u00f1o. Algunas cuestiones son en continuidad con las iniciadas en el 2016 y otras nuevas que estamos redefiniendo\u201d, concluy\u00f3 Ustarroz adelantando algunos de los trabajos que tienen que ver con el plan integral de pavimentaci\u00f3n, repavimentaci\u00f3n y bacheo.<\/p>\n<p>Fuente; Prensa Municipal<\/p>\n","protected":false},"excerpt":{"rendered":"<p>La repavimentaci\u00f3n en hormig\u00f3n de la avenida 29 que tuvo excelente recibimiento por parte de los mercedinos. La misma es &#8230; <a title=\"Intendente recorri\u00f3 avance de la obra que se realiza en Av. 29 y 40\" class=\"read-more\" href=\"https:\/\/www.hoymercedes.com.ar\/principal\/2017\/01\/30\/intendente-recorrio-avance-de-la-obra-que-se-realiza-en-av-29-y-40\/\" aria-label=\"Leer m\u00e1s sobre Intendente recorri\u00f3 avance de la obra que se realiza en Av. 29 y 40\">Leer m\u00e1s<\/a><\/p>\n","protected":false},"author":1,"featured_media":59165,"comment_status":"closed","ping_status":"open","sticky":false,"template":"","format":"standard","meta":{"_monsterinsights_skip_tracking":false,"_monsterinsights_sitenote_active":false,"_monsterinsights_sitenote_note":"","_monsterinsights_sitenote_category":0,"jetpack_post_was_ever_published":false,"_jetpack_newsletter_access":"","_jetpack_dont_email_post_to_subs":false,"_jetpack_newsletter_tier_id":0,"_jetpack_memberships_contains_paywalled_content":false,"_jetpack_memberships_contains_paid_content":false,"footnotes":"","jetpack_publicize_message":"","jetpack_publicize_feature_enabled":true,"jetpack_social_post_already_shared":false,"jetpack_social_options":{"image_generator_settings":{"template":"highway","default_image_id":0,"font":"","enabled":false},"version":2},"_wpas_customize_per_network":false},"categories":[30],"tags":[10511,740,10,244,5947],"class_list":["post-59320","post","type-post","status-publish","format-standard","has-post-thumbnail","hentry","category-municipio","tag-29-y-40","tag-intendente","tag-mercedes","tag-municipio-2","tag-obras-publicas","generate-columns","tablet-grid-50","mobile-grid-100","grid-parent","grid-50"],"jetpack_publicize_connections":[],"jetpack_featured_media_url":"https:\/\/www.hoymercedes.com.ar\/principal\/wp-content\/uploads\/2017\/01\/25-muni-40y29.jpg","wps_subtitle":"Pol\u00edtica a largo plazo","jetpack_sharing_enabled":true,"_links":{"self":[{"href":"https:\/\/www.hoymercedes.com.ar\/principal\/wp-json\/wp\/v2\/posts\/59320","targetHints":{"allow":["GET"]}}],"collection":[{"href":"https:\/\/www.hoymercedes.com.ar\/principal\/wp-json\/wp\/v2\/posts"}],"about":[{"href":"https:\/\/www.hoymercedes.com.ar\/principal\/wp-json\/wp\/v2\/types\/post"}],"author":[{"embeddable":true,"href":"https:\/\/www.hoymercedes.com.ar\/principal\/wp-json\/wp\/v2\/users\/1"}],"replies":[{"embeddable":true,"href":"https:\/\/www.hoymercedes.com.ar\/principal\/wp-json\/wp\/v2\/comments?post=59320"}],"version-history":[{"count":0,"href":"https:\/\/www.hoymercedes.com.ar\/principal\/wp-json\/wp\/v2\/posts\/59320\/revisions"}],"wp:featuredmedia":[{"embeddable":true,"href":"https:\/\/www.hoymercedes.com.ar\/principal\/wp-json\/wp\/v2\/media\/59165"}],"wp:attachment":[{"href":"https:\/\/www.hoymercedes.com.ar\/principal\/wp-json\/wp\/v2\/media?parent=59320"}],"wp:term":[{"taxonomy":"category","embeddable":true,"href":"https:\/\/www.hoymercedes.com.ar\/principal\/wp-json\/wp\/v2\/categories?post=59320"},{"taxonomy":"post_tag","embeddable":true,"href":"https:\/\/www.hoymercedes.com.ar\/principal\/wp-json\/wp\/v2\/tags?post=59320"}],"curies":[{"name":"wp","href":"https:\/\/api.w.org\/{rel}","templated":true}]}}