{"id":59347,"date":"2017-01-30T16:42:29","date_gmt":"2017-01-30T19:42:29","guid":{"rendered":"http:\/\/www.hoymercedes.com.ar\/principal\/?p=59347"},"modified":"2017-01-30T14:53:41","modified_gmt":"2017-01-30T17:53:41","slug":"gowland-se-vivio-con-musica-en-su-plaza","status":"publish","type":"post","link":"https:\/\/www.hoymercedes.com.ar\/principal\/2017\/01\/30\/gowland-se-vivio-con-musica-en-su-plaza\/","title":{"rendered":"Gowland se \u00abvivi\u00f3\u00bb con m\u00fasica en su plaza"},"content":{"rendered":"<p>En el marco del ciclo M\u00fasica en las Plazas (\u00abViv\u00ed Mercedes\u00bb), en la noche del domingo \u00faltimo se llev\u00f3 a cabo el espect\u00e1culo en la localidad de Gowland, mientras que el viernes el escenario estuvo en Barrio San Mart\u00edn y el s\u00e1bado en San Jos\u00e9.<\/p>\n<p><img loading=\"lazy\" decoding=\"async\" data-attachment-id=\"59348\" data-permalink=\"https:\/\/www.hoymercedes.com.ar\/principal\/2017\/01\/30\/gowland-se-vivio-con-musica-en-su-plaza\/30-vivi-gowland\/#main\" data-orig-file=\"https:\/\/www.hoymercedes.com.ar\/principal\/wp-content\/uploads\/2017\/01\/30-vivi-gowland.jpg\" data-orig-size=\"630,420\" data-comments-opened=\"0\" data-image-meta=\"{&quot;aperture&quot;:&quot;5&quot;,&quot;credit&quot;:&quot;&quot;,&quot;camera&quot;:&quot;NIKON D3100&quot;,&quot;caption&quot;:&quot;&quot;,&quot;created_timestamp&quot;:&quot;1485732973&quot;,&quot;copyright&quot;:&quot;&quot;,&quot;focal_length&quot;:&quot;18&quot;,&quot;iso&quot;:&quot;1600&quot;,&quot;shutter_speed&quot;:&quot;0.04&quot;,&quot;title&quot;:&quot;&quot;,&quot;orientation&quot;:&quot;1&quot;}\" data-image-title=\"30 vivi gowland\" data-image-description=\"\" data-image-caption=\"\" data-large-file=\"https:\/\/www.hoymercedes.com.ar\/principal\/wp-content\/uploads\/2017\/01\/30-vivi-gowland.jpg\" class=\"aligncenter size-medium wp-image-59348\" src=\"https:\/\/www.hoymercedes.com.ar\/principal\/wp-content\/uploads\/2017\/01\/30-vivi-gowland-630x420.jpg\" alt=\"\" width=\"630\" height=\"420\" srcset=\"https:\/\/www.hoymercedes.com.ar\/principal\/wp-content\/uploads\/2017\/01\/30-vivi-gowland.jpg 630w, https:\/\/www.hoymercedes.com.ar\/principal\/wp-content\/uploads\/2017\/01\/30-vivi-gowland-150x100.jpg 150w, https:\/\/www.hoymercedes.com.ar\/principal\/wp-content\/uploads\/2017\/01\/30-vivi-gowland-300x200.jpg 300w\" sizes=\"auto, (max-width: 630px) 100vw, 630px\" \/><\/p>\n<p>A lo largo de las tres noches del fin de semana la m\u00fasica en San Martin estuvo a cargo de Hugo Ra\u00fal Ponce de Le\u00f3n con folcklore y \u00a0Camilo Rojas y su Banda Pirata, y el s\u00e1bado en el Barrio San Jos\u00e9,\u00a0actu\u00f3 Lucas Maidana con su canto tradicional y el baile se arm\u00f3 junto al ritmo de Oscar Ballesteros.<\/p>\n<p>En la localidad rural, Gowland, el domingo, actu\u00f3 Ivana Cestari y su conjunto, regresando de haber participado de manera exitosa junto al Chaque\u00f1o Palavecino en el escenario Atahualpa Yupanqui de Cosquin.<\/p>\n<p>Por su parte,\u00a0\u201cCumbia Pika\u201d se destac\u00f3 por la mezcla de estilos y ritmos, que conformaron tanto a j\u00f3venes como grandes, que se animaron a bailar.<\/p>\n<p>En cada lugar visitado se llev\u00f3 adelante el \u201cconcurso de baile\u201d, destac\u00e1ndose la localidad de Gowland donde participaron 28 parejas.<\/p>\n<p>El ciclo de m\u00fasica en las plaza continuar\u00e1 el viernes en la Plaza San Mart\u00edn\u00a0\u00a0con\u00a0\u201cLa Vereda\u201d y Fernanda Otolini, y el s\u00e1bado en la estaci\u00f3n La Trocha con la\u00a0actuaci\u00f3n de los L\u00f3pez Heredia y la Orquesta Org\u00e1nica.<\/p>\n<p>&nbsp;<\/p>\n<p>Fuente: Prensa Municipal<\/p>\n","protected":false},"excerpt":{"rendered":"<p>En el marco del ciclo M\u00fasica en las Plazas (\u00abViv\u00ed Mercedes\u00bb), en la noche del domingo \u00faltimo se llev\u00f3 a &#8230; <a title=\"Gowland se \u00abvivi\u00f3\u00bb con m\u00fasica en su plaza\" class=\"read-more\" href=\"https:\/\/www.hoymercedes.com.ar\/principal\/2017\/01\/30\/gowland-se-vivio-con-musica-en-su-plaza\/\" aria-label=\"Leer m\u00e1s sobre Gowland se \u00abvivi\u00f3\u00bb con m\u00fasica en su plaza\">Leer m\u00e1s<\/a><\/p>\n","protected":false},"author":1,"featured_media":59348,"comment_status":"closed","ping_status":"open","sticky":false,"template":"","format":"standard","meta":{"_monsterinsights_skip_tracking":false,"_monsterinsights_sitenote_active":false,"_monsterinsights_sitenote_note":"","_monsterinsights_sitenote_category":0,"jetpack_post_was_ever_published":false,"_jetpack_newsletter_access":"","_jetpack_dont_email_post_to_subs":false,"_jetpack_newsletter_tier_id":0,"_jetpack_memberships_contains_paywalled_content":false,"_jetpack_memberships_contains_paid_content":false,"footnotes":"","jetpack_publicize_message":"","jetpack_publicize_feature_enabled":true,"jetpack_social_post_already_shared":false,"jetpack_social_options":{"image_generator_settings":{"template":"highway","default_image_id":0,"font":"","enabled":false},"version":2},"_wpas_customize_per_network":false},"categories":[104],"tags":[7805,10455,10403],"class_list":["post-59347","post","type-post","status-publish","format-standard","has-post-thumbnail","hentry","category-cultura","tag-cultura","tag-musica-en-las-plazas","tag-vivi-mercedes","generate-columns","tablet-grid-50","mobile-grid-100","grid-parent","grid-50"],"jetpack_publicize_connections":[],"jetpack_featured_media_url":"https:\/\/www.hoymercedes.com.ar\/principal\/wp-content\/uploads\/2017\/01\/30-vivi-gowland.jpg","wps_subtitle":"Verano rural","jetpack_sharing_enabled":true,"_links":{"self":[{"href":"https:\/\/www.hoymercedes.com.ar\/principal\/wp-json\/wp\/v2\/posts\/59347","targetHints":{"allow":["GET"]}}],"collection":[{"href":"https:\/\/www.hoymercedes.com.ar\/principal\/wp-json\/wp\/v2\/posts"}],"about":[{"href":"https:\/\/www.hoymercedes.com.ar\/principal\/wp-json\/wp\/v2\/types\/post"}],"author":[{"embeddable":true,"href":"https:\/\/www.hoymercedes.com.ar\/principal\/wp-json\/wp\/v2\/users\/1"}],"replies":[{"embeddable":true,"href":"https:\/\/www.hoymercedes.com.ar\/principal\/wp-json\/wp\/v2\/comments?post=59347"}],"version-history":[{"count":0,"href":"https:\/\/www.hoymercedes.com.ar\/principal\/wp-json\/wp\/v2\/posts\/59347\/revisions"}],"wp:featuredmedia":[{"embeddable":true,"href":"https:\/\/www.hoymercedes.com.ar\/principal\/wp-json\/wp\/v2\/media\/59348"}],"wp:attachment":[{"href":"https:\/\/www.hoymercedes.com.ar\/principal\/wp-json\/wp\/v2\/media?parent=59347"}],"wp:term":[{"taxonomy":"category","embeddable":true,"href":"https:\/\/www.hoymercedes.com.ar\/principal\/wp-json\/wp\/v2\/categories?post=59347"},{"taxonomy":"post_tag","embeddable":true,"href":"https:\/\/www.hoymercedes.com.ar\/principal\/wp-json\/wp\/v2\/tags?post=59347"}],"curies":[{"name":"wp","href":"https:\/\/api.w.org\/{rel}","templated":true}]}}