{"id":59464,"date":"2017-02-03T07:52:43","date_gmt":"2017-02-03T10:52:43","guid":{"rendered":"http:\/\/www.hoymercedes.com.ar\/principal\/?p=59464"},"modified":"2017-02-03T08:50:58","modified_gmt":"2017-02-03T11:50:58","slug":"acondicionamiento-de-las-plazas-de-salud","status":"publish","type":"post","link":"https:\/\/www.hoymercedes.com.ar\/principal\/2017\/02\/03\/acondicionamiento-de-las-plazas-de-salud\/","title":{"rendered":"Acondicionamiento de las plazas de salud"},"content":{"rendered":"<p>La Municipalidad de Mercedes contin\u00faa efectuando tareas de puesta en valor de los espacios p\u00fablicos. En esta ocasi\u00f3n ha sido el turno de la plaza de la salud de avenida 40 y avenida 1 tras la finalizaci\u00f3n de similares acciones en av. 40 y ruta 41.<\/p>\n<p><img loading=\"lazy\" decoding=\"async\" data-attachment-id=\"59465\" data-permalink=\"https:\/\/www.hoymercedes.com.ar\/principal\/2017\/02\/03\/acondicionamiento-de-las-plazas-de-salud\/02-plaza-salud\/#main\" data-orig-file=\"https:\/\/www.hoymercedes.com.ar\/principal\/wp-content\/uploads\/2017\/02\/02-Plaza-salud.jpg\" data-orig-size=\"630,420\" data-comments-opened=\"0\" data-image-meta=\"{&quot;aperture&quot;:&quot;9&quot;,&quot;credit&quot;:&quot;&quot;,&quot;camera&quot;:&quot;NIKON D3100&quot;,&quot;caption&quot;:&quot;&quot;,&quot;created_timestamp&quot;:&quot;1486037278&quot;,&quot;copyright&quot;:&quot;&quot;,&quot;focal_length&quot;:&quot;55&quot;,&quot;iso&quot;:&quot;100&quot;,&quot;shutter_speed&quot;:&quot;0.003125&quot;,&quot;title&quot;:&quot;&quot;,&quot;orientation&quot;:&quot;1&quot;}\" data-image-title=\"02 Plaza salud\" data-image-description=\"\" data-image-caption=\"\" data-large-file=\"https:\/\/www.hoymercedes.com.ar\/principal\/wp-content\/uploads\/2017\/02\/02-Plaza-salud.jpg\" class=\"aligncenter size-medium wp-image-59465\" src=\"https:\/\/www.hoymercedes.com.ar\/principal\/wp-content\/uploads\/2017\/02\/02-Plaza-salud-630x420.jpg\" alt=\"\" width=\"630\" height=\"420\" srcset=\"https:\/\/www.hoymercedes.com.ar\/principal\/wp-content\/uploads\/2017\/02\/02-Plaza-salud.jpg 630w, https:\/\/www.hoymercedes.com.ar\/principal\/wp-content\/uploads\/2017\/02\/02-Plaza-salud-150x100.jpg 150w, https:\/\/www.hoymercedes.com.ar\/principal\/wp-content\/uploads\/2017\/02\/02-Plaza-salud-300x200.jpg 300w\" sizes=\"auto, (max-width: 630px) 100vw, 630px\" \/><\/p>\n<p>\u201cEl espacio p\u00fablico sin duda debe ser cuidado. Es el lugar en que se encuentra la familia, los amigos, los vecinos y en estos casos concretos con el valor que le da el hecho de ser un espacio pensado para el cuidado de la salud y el deporte\u201d, coment\u00f3 el intendente municipal Juan Ignacio Ustarroz.<\/p>\n<p>La cuadrilla que efect\u00faa parte del mantenimiento en este caso trabaj\u00f3 en pintura y reacondicionamiento de los juegos de cuidado de la salud y deporte. Es por ello que en las \u00faltimas dos jornadas los mercedinos pudieron ver c\u00f3mo se trabajaba en el lugar. La\u00a0 acci\u00f3n pronta a finalizarse dar\u00e1 no s\u00f3lo un mejor aspecto y embellecimiento que encuadra en las tareas globales que se hizo de jerarquizaci\u00f3n de todo el acceso a la ciudad, sino, tambi\u00e9n un aporte m\u00e1s a la infraestructura p\u00fablica.<\/p>\n<p>\u201cRevalorizar y jerarquizar los lugares que cotidianamente hacen a la vida de los mercedinos es tambi\u00e9n dar respuestas a las demandas de los vecinos que cada d\u00edas m\u00e1s y m\u00e1s utilizan estos espacios como hemos visto en la excelente recepci\u00f3n que tuvo y tienen las clases de gimnasia y aerobic que se dan cada d\u00eda en av. 40 y av. 1 a cargo de la Direcci\u00f3n de Deportes y donde se mantiene la invitaci\u00f3n para sumarse\u201d, narr\u00f3 Ustarroz.<\/p>\n<p>&nbsp;<\/p>\n<p>Fuente: Prensa Municipal<\/p>\n","protected":false},"excerpt":{"rendered":"<p>La Municipalidad de Mercedes contin\u00faa efectuando tareas de puesta en valor de los espacios p\u00fablicos. En esta ocasi\u00f3n ha sido &#8230; <a title=\"Acondicionamiento de las plazas de salud\" class=\"read-more\" href=\"https:\/\/www.hoymercedes.com.ar\/principal\/2017\/02\/03\/acondicionamiento-de-las-plazas-de-salud\/\" aria-label=\"Leer m\u00e1s sobre Acondicionamiento de las plazas de salud\">Leer m\u00e1s<\/a><\/p>\n","protected":false},"author":1,"featured_media":59465,"comment_status":"closed","ping_status":"open","sticky":false,"template":"","format":"standard","meta":{"_monsterinsights_skip_tracking":false,"_monsterinsights_sitenote_active":false,"_monsterinsights_sitenote_note":"","_monsterinsights_sitenote_category":0,"jetpack_post_was_ever_published":false,"_jetpack_newsletter_access":"","_jetpack_dont_email_post_to_subs":false,"_jetpack_newsletter_tier_id":0,"_jetpack_memberships_contains_paywalled_content":false,"_jetpack_memberships_contains_paid_content":false,"footnotes":"","jetpack_publicize_message":"","jetpack_publicize_feature_enabled":true,"jetpack_social_post_already_shared":true,"jetpack_social_options":{"image_generator_settings":{"template":"highway","default_image_id":0,"font":"","enabled":false},"version":2},"_wpas_customize_per_network":false},"categories":[30],"tags":[244,10532],"class_list":["post-59464","post","type-post","status-publish","format-standard","has-post-thumbnail","hentry","category-municipio","tag-municipio-2","tag-plaza-de-salud","generate-columns","tablet-grid-50","mobile-grid-100","grid-parent","grid-50"],"jetpack_publicize_connections":[],"jetpack_featured_media_url":"https:\/\/www.hoymercedes.com.ar\/principal\/wp-content\/uploads\/2017\/02\/02-Plaza-salud.jpg","wps_subtitle":"Puesta en Valor","jetpack_sharing_enabled":true,"_links":{"self":[{"href":"https:\/\/www.hoymercedes.com.ar\/principal\/wp-json\/wp\/v2\/posts\/59464","targetHints":{"allow":["GET"]}}],"collection":[{"href":"https:\/\/www.hoymercedes.com.ar\/principal\/wp-json\/wp\/v2\/posts"}],"about":[{"href":"https:\/\/www.hoymercedes.com.ar\/principal\/wp-json\/wp\/v2\/types\/post"}],"author":[{"embeddable":true,"href":"https:\/\/www.hoymercedes.com.ar\/principal\/wp-json\/wp\/v2\/users\/1"}],"replies":[{"embeddable":true,"href":"https:\/\/www.hoymercedes.com.ar\/principal\/wp-json\/wp\/v2\/comments?post=59464"}],"version-history":[{"count":0,"href":"https:\/\/www.hoymercedes.com.ar\/principal\/wp-json\/wp\/v2\/posts\/59464\/revisions"}],"wp:featuredmedia":[{"embeddable":true,"href":"https:\/\/www.hoymercedes.com.ar\/principal\/wp-json\/wp\/v2\/media\/59465"}],"wp:attachment":[{"href":"https:\/\/www.hoymercedes.com.ar\/principal\/wp-json\/wp\/v2\/media?parent=59464"}],"wp:term":[{"taxonomy":"category","embeddable":true,"href":"https:\/\/www.hoymercedes.com.ar\/principal\/wp-json\/wp\/v2\/categories?post=59464"},{"taxonomy":"post_tag","embeddable":true,"href":"https:\/\/www.hoymercedes.com.ar\/principal\/wp-json\/wp\/v2\/tags?post=59464"}],"curies":[{"name":"wp","href":"https:\/\/api.w.org\/{rel}","templated":true}]}}