{"id":59474,"date":"2017-02-02T20:41:30","date_gmt":"2017-02-02T23:41:30","guid":{"rendered":"http:\/\/www.hoymercedes.com.ar\/principal\/?p=59474"},"modified":"2017-02-03T08:49:49","modified_gmt":"2017-02-03T11:49:49","slug":"la-federal-mercedes-realizo-un-allanamiento-por-drogas","status":"publish","type":"post","link":"https:\/\/www.hoymercedes.com.ar\/principal\/2017\/02\/02\/la-federal-mercedes-realizo-un-allanamiento-por-drogas\/","title":{"rendered":"La Federal Mercedes realiz\u00f3 un allanamiento por drogas"},"content":{"rendered":"<p><img loading=\"lazy\" decoding=\"async\" data-attachment-id=\"59475\" data-permalink=\"https:\/\/www.hoymercedes.com.ar\/principal\/2017\/02\/02\/la-federal-mercedes-realizo-un-allanamiento-por-drogas\/federal\/#main\" data-orig-file=\"https:\/\/www.hoymercedes.com.ar\/principal\/wp-content\/uploads\/2017\/02\/federal.jpg\" data-orig-size=\"600,450\" data-comments-opened=\"0\" data-image-meta=\"{&quot;aperture&quot;:&quot;6.3&quot;,&quot;credit&quot;:&quot;&quot;,&quot;camera&quot;:&quot;DMC-FZ8&quot;,&quot;caption&quot;:&quot;&quot;,&quot;created_timestamp&quot;:&quot;1485591723&quot;,&quot;copyright&quot;:&quot;&quot;,&quot;focal_length&quot;:&quot;6&quot;,&quot;iso&quot;:&quot;100&quot;,&quot;shutter_speed&quot;:&quot;0.002&quot;,&quot;title&quot;:&quot;&quot;,&quot;orientation&quot;:&quot;1&quot;}\" data-image-title=\"federal\" data-image-description=\"\" data-image-caption=\"\" data-large-file=\"https:\/\/www.hoymercedes.com.ar\/principal\/wp-content\/uploads\/2017\/02\/federal.jpg\" class=\"aligncenter size-full wp-image-59475\" src=\"https:\/\/www.hoymercedes.com.ar\/principal\/wp-content\/uploads\/2017\/02\/federal.jpg\" alt=\"\" width=\"600\" height=\"450\" srcset=\"https:\/\/www.hoymercedes.com.ar\/principal\/wp-content\/uploads\/2017\/02\/federal.jpg 600w, https:\/\/www.hoymercedes.com.ar\/principal\/wp-content\/uploads\/2017\/02\/federal-150x113.jpg 150w\" sizes=\"auto, (max-width: 600px) 100vw, 600px\" \/>El s\u00e1bado 28 de enero en horas de la ma\u00f1ana, el personal de la Delegaci\u00f3n Mercedes Delitos Federales y Complejos de la Polic\u00eda Federal Argentina, con la colaboraci\u00f3n de la Delegaci\u00f3n Mor\u00f3n, de la Polic\u00eda Federal Argentina llevaron a cabo un allanamiento en la localidad de General Rodr\u00edguez, logr\u00e1ndose la aprehensi\u00f3n de un sujeto mayor de edad, importante cantidad de clorhidrato de coca\u00edna, marihuana, plantas de Cannabis Sativa y celulares varios.<\/p>\n<p>Interviene en el hecho la Unidad Funcional de Instrucci\u00f3n N\u00b0 10 del Departamento Judicial Moreno \u2013 General Rodr\u00edguez, del doctor Federico Luppi en la causa caratulada como infracci\u00f3n a la ley de drogas.<\/p>\n","protected":false},"excerpt":{"rendered":"<p>El s\u00e1bado 28 de enero en horas de la ma\u00f1ana, el personal de la Delegaci\u00f3n Mercedes Delitos Federales y Complejos &#8230; <a title=\"La Federal Mercedes realiz\u00f3 un allanamiento por drogas\" class=\"read-more\" href=\"https:\/\/www.hoymercedes.com.ar\/principal\/2017\/02\/02\/la-federal-mercedes-realizo-un-allanamiento-por-drogas\/\" aria-label=\"Leer m\u00e1s sobre La Federal Mercedes realiz\u00f3 un allanamiento por drogas\">Leer m\u00e1s<\/a><\/p>\n","protected":false},"author":1,"featured_media":59475,"comment_status":"closed","ping_status":"open","sticky":false,"template":"","format":"standard","meta":{"_monsterinsights_skip_tracking":false,"_monsterinsights_sitenote_active":false,"_monsterinsights_sitenote_note":"","_monsterinsights_sitenote_category":0,"jetpack_post_was_ever_published":false,"_jetpack_newsletter_access":"","_jetpack_dont_email_post_to_subs":true,"_jetpack_newsletter_tier_id":0,"_jetpack_memberships_contains_paywalled_content":false,"_jetpack_memberships_contains_paid_content":false,"footnotes":"","jetpack_publicize_message":"","jetpack_publicize_feature_enabled":true,"jetpack_social_post_already_shared":true,"jetpack_social_options":{"image_generator_settings":{"template":"highway","default_image_id":0,"font":"","enabled":false},"version":2},"_wpas_customize_per_network":false},"categories":[85],"tags":[7125,9,10533,10406,83],"class_list":["post-59474","post","type-post","status-publish","format-standard","has-post-thumbnail","hentry","category-policial","tag-allanamientos","tag-droga","tag-federal","tag-general-rodriguez","tag-policia","generate-columns","tablet-grid-50","mobile-grid-100","grid-parent","grid-50"],"jetpack_publicize_connections":[],"jetpack_featured_media_url":"https:\/\/www.hoymercedes.com.ar\/principal\/wp-content\/uploads\/2017\/02\/federal.jpg","wps_subtitle":"En Rodr\u00edguez","jetpack_sharing_enabled":true,"_links":{"self":[{"href":"https:\/\/www.hoymercedes.com.ar\/principal\/wp-json\/wp\/v2\/posts\/59474","targetHints":{"allow":["GET"]}}],"collection":[{"href":"https:\/\/www.hoymercedes.com.ar\/principal\/wp-json\/wp\/v2\/posts"}],"about":[{"href":"https:\/\/www.hoymercedes.com.ar\/principal\/wp-json\/wp\/v2\/types\/post"}],"author":[{"embeddable":true,"href":"https:\/\/www.hoymercedes.com.ar\/principal\/wp-json\/wp\/v2\/users\/1"}],"replies":[{"embeddable":true,"href":"https:\/\/www.hoymercedes.com.ar\/principal\/wp-json\/wp\/v2\/comments?post=59474"}],"version-history":[{"count":0,"href":"https:\/\/www.hoymercedes.com.ar\/principal\/wp-json\/wp\/v2\/posts\/59474\/revisions"}],"wp:featuredmedia":[{"embeddable":true,"href":"https:\/\/www.hoymercedes.com.ar\/principal\/wp-json\/wp\/v2\/media\/59475"}],"wp:attachment":[{"href":"https:\/\/www.hoymercedes.com.ar\/principal\/wp-json\/wp\/v2\/media?parent=59474"}],"wp:term":[{"taxonomy":"category","embeddable":true,"href":"https:\/\/www.hoymercedes.com.ar\/principal\/wp-json\/wp\/v2\/categories?post=59474"},{"taxonomy":"post_tag","embeddable":true,"href":"https:\/\/www.hoymercedes.com.ar\/principal\/wp-json\/wp\/v2\/tags?post=59474"}],"curies":[{"name":"wp","href":"https:\/\/api.w.org\/{rel}","templated":true}]}}