{"id":59482,"date":"2017-02-03T11:29:55","date_gmt":"2017-02-03T14:29:55","guid":{"rendered":"http:\/\/www.hoymercedes.com.ar\/principal\/?p=59482"},"modified":"2017-02-03T15:18:27","modified_gmt":"2017-02-03T18:18:27","slug":"cerro-la-escuela-de-verano-en-la-carcel","status":"publish","type":"post","link":"https:\/\/www.hoymercedes.com.ar\/principal\/2017\/02\/03\/cerro-la-escuela-de-verano-en-la-carcel\/","title":{"rendered":"Cerr\u00f3 la Escuela de Verano en la c\u00e1rcel"},"content":{"rendered":"<p>El pasado jueves se llev\u00f3 a cabo el cierre de la Escuela de Verano que funcion\u00f3 dentro de la Unidad Penitenciaria N\u00ba 5 para los alumnos de la Escuela Media N\u00ba 2.\u00a0Se present\u00f3 la exposici\u00f3n final de los trabajos en\u00a0dibujo y pintura realizados por lo internos.<\/p>\n<p><img loading=\"lazy\" decoding=\"async\" data-attachment-id=\"59483\" data-permalink=\"https:\/\/www.hoymercedes.com.ar\/principal\/2017\/02\/03\/cerro-la-escuela-de-verano-en-la-carcel\/03-escuela-carcel\/#main\" data-orig-file=\"https:\/\/www.hoymercedes.com.ar\/principal\/wp-content\/uploads\/2017\/02\/03-escuela-carcel.jpg\" data-orig-size=\"630,354\" data-comments-opened=\"0\" data-image-meta=\"{&quot;aperture&quot;:&quot;0&quot;,&quot;credit&quot;:&quot;&quot;,&quot;camera&quot;:&quot;&quot;,&quot;caption&quot;:&quot;&quot;,&quot;created_timestamp&quot;:&quot;0&quot;,&quot;copyright&quot;:&quot;&quot;,&quot;focal_length&quot;:&quot;0&quot;,&quot;iso&quot;:&quot;0&quot;,&quot;shutter_speed&quot;:&quot;0&quot;,&quot;title&quot;:&quot;&quot;,&quot;orientation&quot;:&quot;0&quot;}\" data-image-title=\"03 escuela carcel\" data-image-description=\"\" data-image-caption=\"\" data-large-file=\"https:\/\/www.hoymercedes.com.ar\/principal\/wp-content\/uploads\/2017\/02\/03-escuela-carcel.jpg\" class=\"aligncenter size-medium wp-image-59483\" src=\"https:\/\/www.hoymercedes.com.ar\/principal\/wp-content\/uploads\/2017\/02\/03-escuela-carcel-630x354.jpg\" alt=\"\" width=\"630\" height=\"354\" srcset=\"https:\/\/www.hoymercedes.com.ar\/principal\/wp-content\/uploads\/2017\/02\/03-escuela-carcel.jpg 630w, https:\/\/www.hoymercedes.com.ar\/principal\/wp-content\/uploads\/2017\/02\/03-escuela-carcel-150x84.jpg 150w\" sizes=\"auto, (max-width: 630px) 100vw, 630px\" \/><\/p>\n<p>En la muestra, los internos presentaron trabajos realizados con diversas t\u00e9cnicas, retratos, perspectiva, oleos, temperas y carbonilla. Desde un proyector se visualizaban fotograf\u00edas que registraron el trabajo.<\/p>\n<p>El Director de la Escuela de Educaci\u00f3n Media N\u00b0 2 Sergio Denapole, agradeci\u00f3 a la importante cantidad de visitas que recibieron, el apoyo de los diferentes sectores para que se pueda llevar a cabo, y valoriz\u00f3 el trabajo de la Profesora Laura Parras, al evaluar la posibilidad de continuar el proyecto a lo largo del a\u00f1o, puesto que el nivel secundario no tiene materias art\u00edsticas.<\/p>\n<p>La Inspectora\u00a0de Escuelas de Verano, Elsa Capurro tambi\u00e9n se refiri\u00f3 al gran trabajo que realizaron y valor\u00f3 que se puedan tener espacios as\u00ed en lugares de encierro. Tambi\u00e9n estuvieron presentes Jorge Mehaudy, asesor del Ministerio de Justicia, el Director de la Unidad 5, Adolfo Cers\u00f3simo, Ana Darritchon Presidenta del Consejo Escolar y el Secretario del Consejo Mat\u00edas G\u00f3mez, adem\u00e1s de Stella Gonz\u00e1lez, Directora del Museo de Arte de la Municipalidad de Mercedes, junto a su grupo de trabajo, artistas y profesores de artes visuales, \u00a0entre otros invitados presentes.<\/p>\n<p>El cierre de la muestra fue a toda m\u00fasica, ya que la \u201cOrquesta Organica\u201d, compuestapor Luciano Ismael, Daniel Actis, Jonatan Lagos, Sebastian Rojas, y la voz de Natalia D\u00edaz Velazco, acompa\u00f1aron con una serie de canciones que sonaron alegremente para todos, al ritmo de la m\u00fasica latinoamericana salsa, cumbia colombiana, candombe.<\/p>\n<p>&nbsp;<\/p>\n<p>Fuente: Prensa Unidad 5<\/p>\n<p>&nbsp;<\/p>\n","protected":false},"excerpt":{"rendered":"<p>El pasado jueves se llev\u00f3 a cabo el cierre de la Escuela de Verano que funcion\u00f3 dentro de la Unidad &#8230; <a title=\"Cerr\u00f3 la Escuela de Verano en la c\u00e1rcel\" class=\"read-more\" href=\"https:\/\/www.hoymercedes.com.ar\/principal\/2017\/02\/03\/cerro-la-escuela-de-verano-en-la-carcel\/\" aria-label=\"Leer m\u00e1s sobre Cerr\u00f3 la Escuela de Verano en la c\u00e1rcel\">Leer m\u00e1s<\/a><\/p>\n","protected":false},"author":1,"featured_media":59483,"comment_status":"closed","ping_status":"open","sticky":false,"template":"","format":"standard","meta":{"_monsterinsights_skip_tracking":false,"_monsterinsights_sitenote_active":false,"_monsterinsights_sitenote_note":"","_monsterinsights_sitenote_category":0,"jetpack_post_was_ever_published":false,"_jetpack_newsletter_access":"","_jetpack_dont_email_post_to_subs":true,"_jetpack_newsletter_tier_id":0,"_jetpack_memberships_contains_paywalled_content":false,"_jetpack_memberships_contains_paid_content":false,"footnotes":"","jetpack_publicize_message":"","jetpack_publicize_feature_enabled":true,"jetpack_social_post_already_shared":true,"jetpack_social_options":{"image_generator_settings":{"template":"highway","default_image_id":0,"font":"","enabled":false},"version":2},"_wpas_customize_per_network":false},"categories":[23,8],"tags":[10535,113],"class_list":["post-59482","post","type-post","status-publish","format-standard","has-post-thumbnail","hentry","category-educacion","category-sociedad","tag-escuela-abiertas-de-verano","tag-unidad-5","generate-columns","tablet-grid-50","mobile-grid-100","grid-parent","grid-50"],"jetpack_publicize_connections":[],"jetpack_featured_media_url":"https:\/\/www.hoymercedes.com.ar\/principal\/wp-content\/uploads\/2017\/02\/03-escuela-carcel.jpg","wps_subtitle":"Presentaci\u00f3n de actividades","jetpack_sharing_enabled":true,"_links":{"self":[{"href":"https:\/\/www.hoymercedes.com.ar\/principal\/wp-json\/wp\/v2\/posts\/59482","targetHints":{"allow":["GET"]}}],"collection":[{"href":"https:\/\/www.hoymercedes.com.ar\/principal\/wp-json\/wp\/v2\/posts"}],"about":[{"href":"https:\/\/www.hoymercedes.com.ar\/principal\/wp-json\/wp\/v2\/types\/post"}],"author":[{"embeddable":true,"href":"https:\/\/www.hoymercedes.com.ar\/principal\/wp-json\/wp\/v2\/users\/1"}],"replies":[{"embeddable":true,"href":"https:\/\/www.hoymercedes.com.ar\/principal\/wp-json\/wp\/v2\/comments?post=59482"}],"version-history":[{"count":0,"href":"https:\/\/www.hoymercedes.com.ar\/principal\/wp-json\/wp\/v2\/posts\/59482\/revisions"}],"wp:featuredmedia":[{"embeddable":true,"href":"https:\/\/www.hoymercedes.com.ar\/principal\/wp-json\/wp\/v2\/media\/59483"}],"wp:attachment":[{"href":"https:\/\/www.hoymercedes.com.ar\/principal\/wp-json\/wp\/v2\/media?parent=59482"}],"wp:term":[{"taxonomy":"category","embeddable":true,"href":"https:\/\/www.hoymercedes.com.ar\/principal\/wp-json\/wp\/v2\/categories?post=59482"},{"taxonomy":"post_tag","embeddable":true,"href":"https:\/\/www.hoymercedes.com.ar\/principal\/wp-json\/wp\/v2\/tags?post=59482"}],"curies":[{"name":"wp","href":"https:\/\/api.w.org\/{rel}","templated":true}]}}