{"id":59502,"date":"2017-02-03T15:12:40","date_gmt":"2017-02-03T18:12:40","guid":{"rendered":"http:\/\/www.hoymercedes.com.ar\/principal\/?p=59502"},"modified":"2017-02-03T15:12:40","modified_gmt":"2017-02-03T18:12:40","slug":"violento-siniestro-vial-en-ruta-no-5-kilometro-1141","status":"publish","type":"post","link":"https:\/\/www.hoymercedes.com.ar\/principal\/2017\/02\/03\/violento-siniestro-vial-en-ruta-no-5-kilometro-1141\/","title":{"rendered":"Violento siniestro vial en Ruta N\u00ba 5, kil\u00f3metro 114,1"},"content":{"rendered":"<p>Minutos despu\u00e9s de las 8 de la ma\u00f1ana de este viernes, se registr\u00f3 un violento accidente sobre el trazado de la Ruta Nacional N\u00ba 5, a la altura del km 114,100, en cercan\u00edas del arroyo Los Ranchos, en jurisdicci\u00f3n del partido de Mercedes. Tras la colisi\u00f3n se supo que tres de las personas involucradas tuvieron heridas considerables y fueron trasladadas al Hospital Dubarry.<\/p>\n<p><img loading=\"lazy\" decoding=\"async\" data-attachment-id=\"59508\" data-permalink=\"https:\/\/www.hoymercedes.com.ar\/principal\/2017\/02\/03\/violento-siniestro-vial-en-ruta-no-5-kilometro-1141\/03-accidente5-3\/#main\" data-orig-file=\"https:\/\/www.hoymercedes.com.ar\/principal\/wp-content\/uploads\/2017\/02\/03-accidente5-3.jpg\" data-orig-size=\"630,354\" data-comments-opened=\"0\" data-image-meta=\"{&quot;aperture&quot;:&quot;0&quot;,&quot;credit&quot;:&quot;&quot;,&quot;camera&quot;:&quot;&quot;,&quot;caption&quot;:&quot;&quot;,&quot;created_timestamp&quot;:&quot;0&quot;,&quot;copyright&quot;:&quot;&quot;,&quot;focal_length&quot;:&quot;0&quot;,&quot;iso&quot;:&quot;0&quot;,&quot;shutter_speed&quot;:&quot;0&quot;,&quot;title&quot;:&quot;&quot;,&quot;orientation&quot;:&quot;0&quot;}\" data-image-title=\"03 accidente5 3\" data-image-description=\"\" data-image-caption=\"\" data-large-file=\"https:\/\/www.hoymercedes.com.ar\/principal\/wp-content\/uploads\/2017\/02\/03-accidente5-3.jpg\" class=\"aligncenter size-medium wp-image-59508\" src=\"https:\/\/www.hoymercedes.com.ar\/principal\/wp-content\/uploads\/2017\/02\/03-accidente5-3-630x354.jpg\" alt=\"\" width=\"630\" height=\"354\" srcset=\"https:\/\/www.hoymercedes.com.ar\/principal\/wp-content\/uploads\/2017\/02\/03-accidente5-3.jpg 630w, https:\/\/www.hoymercedes.com.ar\/principal\/wp-content\/uploads\/2017\/02\/03-accidente5-3-150x84.jpg 150w\" sizes=\"auto, (max-width: 630px) 100vw, 630px\" \/><\/p>\n<p>El siniestro se habr\u00eda producido cuando un autom\u00f3vil Citroen Air cross, color verde oscuro, dominio NBY-805, conducido por Pablo D\u00edaz, que viajaba acompa\u00f1ado por\u00a0Julio Gonz\u00e1lez. Este veh\u00edculo se dirig\u00eda a Chivilcoy desde Lomas de Zamora. Al bajar del puente ubicado sobre el arroyo Los Ranchos pierde el control del veh\u00edculo al pisar la banquina, saliendo despedido hacia la mano contraria donde impacta violentamente contra el lateral izquierdo de una pick up Chevrolet S10, color gris, dominio GRD 902, conducida por Hugo Ballaespil , quien iba acompa\u00f1ado por su esposa Estela D\u00edaz y se dirig\u00edan desde la ciudad de 9 de Julio hacia Ezeiza. Producto del violento impacto entre los dos veh\u00edculos, la S-10 queda detenida sobre la banquina con sus dos ocupantes atrapados en su interior; en tanto, el Citroen Air Cross, se despista con serios da\u00f1os quedando en la zona de pr\u00e9stamo.<\/p>\n<p><img loading=\"lazy\" decoding=\"async\" data-attachment-id=\"59506\" data-permalink=\"https:\/\/www.hoymercedes.com.ar\/principal\/2017\/02\/03\/violento-siniestro-vial-en-ruta-no-5-kilometro-1141\/03-accidente5-1\/#main\" data-orig-file=\"https:\/\/www.hoymercedes.com.ar\/principal\/wp-content\/uploads\/2017\/02\/03-accidente5-1.jpg\" data-orig-size=\"630,354\" data-comments-opened=\"0\" data-image-meta=\"{&quot;aperture&quot;:&quot;0&quot;,&quot;credit&quot;:&quot;&quot;,&quot;camera&quot;:&quot;&quot;,&quot;caption&quot;:&quot;&quot;,&quot;created_timestamp&quot;:&quot;0&quot;,&quot;copyright&quot;:&quot;&quot;,&quot;focal_length&quot;:&quot;0&quot;,&quot;iso&quot;:&quot;0&quot;,&quot;shutter_speed&quot;:&quot;0&quot;,&quot;title&quot;:&quot;&quot;,&quot;orientation&quot;:&quot;0&quot;}\" data-image-title=\"03 accidente5 1\" data-image-description=\"\" data-image-caption=\"\" data-large-file=\"https:\/\/www.hoymercedes.com.ar\/principal\/wp-content\/uploads\/2017\/02\/03-accidente5-1.jpg\" class=\"aligncenter size-medium wp-image-59506\" src=\"https:\/\/www.hoymercedes.com.ar\/principal\/wp-content\/uploads\/2017\/02\/03-accidente5-1-630x354.jpg\" alt=\"\" width=\"630\" height=\"354\" srcset=\"https:\/\/www.hoymercedes.com.ar\/principal\/wp-content\/uploads\/2017\/02\/03-accidente5-1.jpg 630w, https:\/\/www.hoymercedes.com.ar\/principal\/wp-content\/uploads\/2017\/02\/03-accidente5-1-150x84.jpg 150w\" sizes=\"auto, (max-width: 630px) 100vw, 630px\" \/><\/p>\n<p>De inmediato otros automovilistas que pasaban por el lugar dieron aviso a los medios de emergencia de Mercedes y Suipacha. Bomberos y Hospital de ambas localidades rescataron a los heridos y derivados a los nosocomios\u00a0correspondiente.<\/p>\n<p>El tr\u00e1nsito de la ruta estuvo cortado por alrededor de una hora, gener\u00e1ndose largas colas de veh\u00edculos en ambas manos.<\/p>\n<p><img loading=\"lazy\" decoding=\"async\" data-attachment-id=\"59507\" data-permalink=\"https:\/\/www.hoymercedes.com.ar\/principal\/2017\/02\/03\/violento-siniestro-vial-en-ruta-no-5-kilometro-1141\/03-accidente5-2\/#main\" data-orig-file=\"https:\/\/www.hoymercedes.com.ar\/principal\/wp-content\/uploads\/2017\/02\/03-accidente5-2.jpg\" data-orig-size=\"630,354\" data-comments-opened=\"0\" data-image-meta=\"{&quot;aperture&quot;:&quot;0&quot;,&quot;credit&quot;:&quot;&quot;,&quot;camera&quot;:&quot;&quot;,&quot;caption&quot;:&quot;&quot;,&quot;created_timestamp&quot;:&quot;0&quot;,&quot;copyright&quot;:&quot;&quot;,&quot;focal_length&quot;:&quot;0&quot;,&quot;iso&quot;:&quot;0&quot;,&quot;shutter_speed&quot;:&quot;0&quot;,&quot;title&quot;:&quot;&quot;,&quot;orientation&quot;:&quot;0&quot;}\" data-image-title=\"03 accidente5 2\" data-image-description=\"\" data-image-caption=\"\" data-large-file=\"https:\/\/www.hoymercedes.com.ar\/principal\/wp-content\/uploads\/2017\/02\/03-accidente5-2.jpg\" class=\"aligncenter size-medium wp-image-59507\" src=\"https:\/\/www.hoymercedes.com.ar\/principal\/wp-content\/uploads\/2017\/02\/03-accidente5-2-630x354.jpg\" alt=\"\" width=\"630\" height=\"354\" srcset=\"https:\/\/www.hoymercedes.com.ar\/principal\/wp-content\/uploads\/2017\/02\/03-accidente5-2.jpg 630w, https:\/\/www.hoymercedes.com.ar\/principal\/wp-content\/uploads\/2017\/02\/03-accidente5-2-150x84.jpg 150w\" sizes=\"auto, (max-width: 630px) 100vw, 630px\" \/><\/p>\n<p>Intervinieron Polic\u00eda Comunal de Mercedes, Bomberos Volutarios de Mercedes, de Suipacha y ambulancias del Hospital Esteban Iribarne de Suipacha y del Hospital Blas L. Dubarry de Mercedes.<\/p>\n<p>Fuente y Fotos: Jorge Oscar Lasala<\/p>\n","protected":false},"excerpt":{"rendered":"<p>Minutos despu\u00e9s de las 8 de la ma\u00f1ana de este viernes, se registr\u00f3 un violento accidente sobre el trazado de &#8230; <a title=\"Violento siniestro vial en Ruta N\u00ba 5, kil\u00f3metro 114,1\" class=\"read-more\" href=\"https:\/\/www.hoymercedes.com.ar\/principal\/2017\/02\/03\/violento-siniestro-vial-en-ruta-no-5-kilometro-1141\/\" aria-label=\"Leer m\u00e1s sobre Violento siniestro vial en Ruta N\u00ba 5, kil\u00f3metro 114,1\">Leer m\u00e1s<\/a><\/p>\n","protected":false},"author":1,"featured_media":59508,"comment_status":"closed","ping_status":"open","sticky":false,"template":"","format":"standard","meta":{"_monsterinsights_skip_tracking":false,"_monsterinsights_sitenote_active":false,"_monsterinsights_sitenote_note":"","_monsterinsights_sitenote_category":0,"jetpack_post_was_ever_published":false,"_jetpack_newsletter_access":"","_jetpack_dont_email_post_to_subs":false,"_jetpack_newsletter_tier_id":0,"_jetpack_memberships_contains_paywalled_content":false,"_jetpack_memberships_contains_paid_content":false,"footnotes":"","jetpack_publicize_message":"","jetpack_publicize_feature_enabled":true,"jetpack_social_post_already_shared":true,"jetpack_social_options":{"image_generator_settings":{"template":"highway","default_image_id":0,"font":"","enabled":false},"version":2},"_wpas_customize_per_network":false},"categories":[85],"tags":[832,96,538,10395],"class_list":["post-59502","post","type-post","status-publish","format-standard","has-post-thumbnail","hentry","category-policial","tag-accidente","tag-policial-2","tag-ruta-5","tag-siniestro-vial","generate-columns","tablet-grid-50","mobile-grid-100","grid-parent","grid-50"],"jetpack_publicize_connections":[],"jetpack_featured_media_url":"https:\/\/www.hoymercedes.com.ar\/principal\/wp-content\/uploads\/2017\/02\/03-accidente5-3.jpg","wps_subtitle":"En la ma\u00f1ana del viernes","jetpack_sharing_enabled":true,"_links":{"self":[{"href":"https:\/\/www.hoymercedes.com.ar\/principal\/wp-json\/wp\/v2\/posts\/59502","targetHints":{"allow":["GET"]}}],"collection":[{"href":"https:\/\/www.hoymercedes.com.ar\/principal\/wp-json\/wp\/v2\/posts"}],"about":[{"href":"https:\/\/www.hoymercedes.com.ar\/principal\/wp-json\/wp\/v2\/types\/post"}],"author":[{"embeddable":true,"href":"https:\/\/www.hoymercedes.com.ar\/principal\/wp-json\/wp\/v2\/users\/1"}],"replies":[{"embeddable":true,"href":"https:\/\/www.hoymercedes.com.ar\/principal\/wp-json\/wp\/v2\/comments?post=59502"}],"version-history":[{"count":0,"href":"https:\/\/www.hoymercedes.com.ar\/principal\/wp-json\/wp\/v2\/posts\/59502\/revisions"}],"wp:featuredmedia":[{"embeddable":true,"href":"https:\/\/www.hoymercedes.com.ar\/principal\/wp-json\/wp\/v2\/media\/59508"}],"wp:attachment":[{"href":"https:\/\/www.hoymercedes.com.ar\/principal\/wp-json\/wp\/v2\/media?parent=59502"}],"wp:term":[{"taxonomy":"category","embeddable":true,"href":"https:\/\/www.hoymercedes.com.ar\/principal\/wp-json\/wp\/v2\/categories?post=59502"},{"taxonomy":"post_tag","embeddable":true,"href":"https:\/\/www.hoymercedes.com.ar\/principal\/wp-json\/wp\/v2\/tags?post=59502"}],"curies":[{"name":"wp","href":"https:\/\/api.w.org\/{rel}","templated":true}]}}