{"id":59519,"date":"2017-02-04T15:12:14","date_gmt":"2017-02-04T18:12:14","guid":{"rendered":"http:\/\/www.hoymercedes.com.ar\/principal\/?p=59519"},"modified":"2017-02-04T15:12:14","modified_gmt":"2017-02-04T18:12:14","slug":"musica-artesanias-y-boxeo-en-la-plaza-san-martin","status":"publish","type":"post","link":"https:\/\/www.hoymercedes.com.ar\/principal\/2017\/02\/04\/musica-artesanias-y-boxeo-en-la-plaza-san-martin\/","title":{"rendered":"M\u00fasica, artesan\u00edas y boxeo en la Plaza San Mart\u00edn"},"content":{"rendered":"<p>La noche del viernes se vivi\u00f3 una edici\u00f3n m\u00e1s del Viv\u00ed Mercedes, en esta oportunidad, fue en la Plaza San Mart\u00edn en donde se congregaron m\u00fasica, baile, artesan\u00edas y boxeo. Este s\u00e1bado 4 se har\u00e1 el cierre de M\u00fasica en las Plazas en La Trocha.<\/p>\n<p><img loading=\"lazy\" decoding=\"async\" data-attachment-id=\"59521\" data-permalink=\"https:\/\/www.hoymercedes.com.ar\/principal\/2017\/02\/04\/musica-artesanias-y-boxeo-en-la-plaza-san-martin\/04-musica-plaza\/#main\" data-orig-file=\"https:\/\/www.hoymercedes.com.ar\/principal\/wp-content\/uploads\/2017\/02\/04-musica-plaza.jpg\" data-orig-size=\"630,419\" data-comments-opened=\"0\" data-image-meta=\"{&quot;aperture&quot;:&quot;4&quot;,&quot;credit&quot;:&quot;???????????????????&quot;,&quot;camera&quot;:&quot;NIKON D3&quot;,&quot;caption&quot;:&quot;????????????????????????????????????&quot;,&quot;created_timestamp&quot;:&quot;0&quot;,&quot;copyright&quot;:&quot;Sebastian Ambrossio_&quot;,&quot;focal_length&quot;:&quot;70&quot;,&quot;iso&quot;:&quot;0&quot;,&quot;shutter_speed&quot;:&quot;0.016666666666667&quot;,&quot;title&quot;:&quot;&quot;,&quot;orientation&quot;:&quot;1&quot;}\" data-image-title=\"04 musica plaza\" data-image-description=\"\" data-image-caption=\"\" data-large-file=\"https:\/\/www.hoymercedes.com.ar\/principal\/wp-content\/uploads\/2017\/02\/04-musica-plaza.jpg\" class=\"aligncenter size-medium wp-image-59521\" src=\"https:\/\/www.hoymercedes.com.ar\/principal\/wp-content\/uploads\/2017\/02\/04-musica-plaza-630x419.jpg\" alt=\"\" width=\"630\" height=\"419\" srcset=\"https:\/\/www.hoymercedes.com.ar\/principal\/wp-content\/uploads\/2017\/02\/04-musica-plaza.jpg 630w, https:\/\/www.hoymercedes.com.ar\/principal\/wp-content\/uploads\/2017\/02\/04-musica-plaza-150x100.jpg 150w, https:\/\/www.hoymercedes.com.ar\/principal\/wp-content\/uploads\/2017\/02\/04-musica-plaza-300x200.jpg 300w\" sizes=\"auto, (max-width: 630px) 100vw, 630px\" \/><\/p>\n<p>Un escenario instalado en la calle 27, un ring de boxeo sobre avenida 29, artesanos alrededor de la plaza y una exposici\u00f3n de maquinarias municipales que los ni\u00f1os aprovecharon a utilizarlas como juegos y atractivo fotogr\u00e1fico, fueron los espacios que recorrieron los vecinos.<\/p>\n<p>La velada se inici\u00f3 con la plaza con sus artesanos y propuestas originales de los mercedinos. En la avenida 29 y frente a la Catedral se expusieron camiones, tractores y retropalas que en el \u00faltimo a\u00f1o adquiri\u00f3 la Municipalidad siendo para los m\u00e1s chicos un juego subirse, simular las manejaban y sacarse fotos.<\/p>\n<p>Pasadas las 21, la m\u00fasica arranc\u00f3 junto a \u00a0\u201cLa Vereda\u201d con Amarilis Diaz, Federico Gusso, Juan Pablo Viola y Daniel Spinelli \u00a0ante un gran marco de p\u00fablico frente al Teatro Argentino. Continu\u00f3 con el show de Fernanda Ottolini haciendo bailar y cantar a la gente que luego se anim\u00f3 a participar del concurso de\u00a0baile del M\u00fasica de la Plazas.<\/p>\n<p>En el otro espacio de la fiesta estaba el ring preparado donde desde temprano se iniciaron los combates de exhibici\u00f3n en distintas modalidades y con diferentes participantes de varias edades y pesajes. En dicho sector tambi\u00e9n se montaron sillas y gradas para esperar el momento en que el \u201cYacar\u00e9\u201d Sequeira se subiera a realizar su combate exhibici\u00f3n como previa a lo que ser\u00e1 el pr\u00f3ximo 25 en Mar del Plata.<\/p>\n<p><img loading=\"lazy\" decoding=\"async\" data-attachment-id=\"59520\" data-permalink=\"https:\/\/www.hoymercedes.com.ar\/principal\/2017\/02\/04\/musica-artesanias-y-boxeo-en-la-plaza-san-martin\/04-musica-plaza2\/#main\" data-orig-file=\"https:\/\/www.hoymercedes.com.ar\/principal\/wp-content\/uploads\/2017\/02\/04-musica-plaza2.jpg\" data-orig-size=\"630,419\" data-comments-opened=\"0\" data-image-meta=\"{&quot;aperture&quot;:&quot;4&quot;,&quot;credit&quot;:&quot;???????????????????&quot;,&quot;camera&quot;:&quot;NIKON D3&quot;,&quot;caption&quot;:&quot;????????????????????????????????????&quot;,&quot;created_timestamp&quot;:&quot;0&quot;,&quot;copyright&quot;:&quot;Sebastian Ambrossio_&quot;,&quot;focal_length&quot;:&quot;24&quot;,&quot;iso&quot;:&quot;0&quot;,&quot;shutter_speed&quot;:&quot;0.008&quot;,&quot;title&quot;:&quot;&quot;,&quot;orientation&quot;:&quot;1&quot;}\" data-image-title=\"04 musica plaza2\" data-image-description=\"\" data-image-caption=\"\" data-large-file=\"https:\/\/www.hoymercedes.com.ar\/principal\/wp-content\/uploads\/2017\/02\/04-musica-plaza2.jpg\" class=\"aligncenter size-medium wp-image-59520\" src=\"https:\/\/www.hoymercedes.com.ar\/principal\/wp-content\/uploads\/2017\/02\/04-musica-plaza2-630x419.jpg\" alt=\"\" width=\"630\" height=\"419\" srcset=\"https:\/\/www.hoymercedes.com.ar\/principal\/wp-content\/uploads\/2017\/02\/04-musica-plaza2.jpg 630w, https:\/\/www.hoymercedes.com.ar\/principal\/wp-content\/uploads\/2017\/02\/04-musica-plaza2-150x100.jpg 150w, https:\/\/www.hoymercedes.com.ar\/principal\/wp-content\/uploads\/2017\/02\/04-musica-plaza2-300x200.jpg 300w\" sizes=\"auto, (max-width: 630px) 100vw, 630px\" \/><\/p>\n<p>A la hora de tomar la palabra el intendente municipal, Juan Ignacio Ustarroz, felicit\u00f3 a la organizaci\u00f3n y a todos los trabajadores por la hermosa fiesta preparada y le dese\u00f3 \u201clo mejor para nuestro querido Yacar\u00e9 que el pr\u00f3ximo 25 volver\u00e1 a subirse al ring profesionalmente represent\u00e1ndonos a todos y teni\u00e9ndonos expectantes\u201d destacando que \u201ces un deportista muy querido por todos quedando demostrado en esta noche donde miles se han acercado a verlo y estar cerca del campe\u00f3n\u201d.<\/p>\n<p>Este s\u00e1bado 4 de febrero, si la lluvia lo permite, se realizar\u00e1 el ciclo de M\u00fasica en las Plazas, ser\u00e1 el cierre del mismo y contar\u00e1 con las actuaciones de ADN Mar\u00eda Elena, Los Lopez Heredia, y Orquesta Org\u00e1nica. dem\u00e1s, se realizar\u00e1 la final del concurso de baile con todos los ganadores surgidos de las distintas fechas del ciclo.<\/p>\n","protected":false},"excerpt":{"rendered":"<p>La noche del viernes se vivi\u00f3 una edici\u00f3n m\u00e1s del Viv\u00ed Mercedes, en esta oportunidad, fue en la Plaza San &#8230; <a title=\"M\u00fasica, artesan\u00edas y boxeo en la Plaza San Mart\u00edn\" class=\"read-more\" href=\"https:\/\/www.hoymercedes.com.ar\/principal\/2017\/02\/04\/musica-artesanias-y-boxeo-en-la-plaza-san-martin\/\" aria-label=\"Leer m\u00e1s sobre M\u00fasica, artesan\u00edas y boxeo en la Plaza San Mart\u00edn\">Leer m\u00e1s<\/a><\/p>\n","protected":false},"author":1,"featured_media":59521,"comment_status":"closed","ping_status":"open","sticky":false,"template":"","format":"standard","meta":{"_monsterinsights_skip_tracking":false,"_monsterinsights_sitenote_active":false,"_monsterinsights_sitenote_note":"","_monsterinsights_sitenote_category":0,"jetpack_post_was_ever_published":false,"_jetpack_newsletter_access":"","_jetpack_dont_email_post_to_subs":false,"_jetpack_newsletter_tier_id":0,"_jetpack_memberships_contains_paywalled_content":false,"_jetpack_memberships_contains_paid_content":false,"footnotes":"","jetpack_publicize_message":"","jetpack_publicize_feature_enabled":true,"jetpack_social_post_already_shared":true,"jetpack_social_options":{"image_generator_settings":{"template":"highway","default_image_id":0,"font":"","enabled":false},"version":2},"_wpas_customize_per_network":false},"categories":[30],"tags":[7805,204,771,10455,10403],"class_list":["post-59519","post","type-post","status-publish","format-standard","has-post-thumbnail","hentry","category-municipio","tag-cultura","tag-deportes-2","tag-municipalidad","tag-musica-en-las-plazas","tag-vivi-mercedes","generate-columns","tablet-grid-50","mobile-grid-100","grid-parent","grid-50"],"jetpack_publicize_connections":[],"jetpack_featured_media_url":"https:\/\/www.hoymercedes.com.ar\/principal\/wp-content\/uploads\/2017\/02\/04-musica-plaza.jpg","wps_subtitle":"Viv\u00ed Mercedes 2017","jetpack_sharing_enabled":true,"_links":{"self":[{"href":"https:\/\/www.hoymercedes.com.ar\/principal\/wp-json\/wp\/v2\/posts\/59519","targetHints":{"allow":["GET"]}}],"collection":[{"href":"https:\/\/www.hoymercedes.com.ar\/principal\/wp-json\/wp\/v2\/posts"}],"about":[{"href":"https:\/\/www.hoymercedes.com.ar\/principal\/wp-json\/wp\/v2\/types\/post"}],"author":[{"embeddable":true,"href":"https:\/\/www.hoymercedes.com.ar\/principal\/wp-json\/wp\/v2\/users\/1"}],"replies":[{"embeddable":true,"href":"https:\/\/www.hoymercedes.com.ar\/principal\/wp-json\/wp\/v2\/comments?post=59519"}],"version-history":[{"count":0,"href":"https:\/\/www.hoymercedes.com.ar\/principal\/wp-json\/wp\/v2\/posts\/59519\/revisions"}],"wp:featuredmedia":[{"embeddable":true,"href":"https:\/\/www.hoymercedes.com.ar\/principal\/wp-json\/wp\/v2\/media\/59521"}],"wp:attachment":[{"href":"https:\/\/www.hoymercedes.com.ar\/principal\/wp-json\/wp\/v2\/media?parent=59519"}],"wp:term":[{"taxonomy":"category","embeddable":true,"href":"https:\/\/www.hoymercedes.com.ar\/principal\/wp-json\/wp\/v2\/categories?post=59519"},{"taxonomy":"post_tag","embeddable":true,"href":"https:\/\/www.hoymercedes.com.ar\/principal\/wp-json\/wp\/v2\/tags?post=59519"}],"curies":[{"name":"wp","href":"https:\/\/api.w.org\/{rel}","templated":true}]}}