{"id":59527,"date":"2017-02-04T17:02:33","date_gmt":"2017-02-04T20:02:33","guid":{"rendered":"http:\/\/www.hoymercedes.com.ar\/principal\/?p=59527"},"modified":"2017-02-04T17:02:33","modified_gmt":"2017-02-04T20:02:33","slug":"municipio-lanzo-programa-mechas-solidarias","status":"publish","type":"post","link":"https:\/\/www.hoymercedes.com.ar\/principal\/2017\/02\/04\/municipio-lanzo-programa-mechas-solidarias\/","title":{"rendered":"Municipio lanz\u00f3 programa \u201cMechas Solidarias\u201d"},"content":{"rendered":"<p><em><strong>Se trata de un programa que crea un banco municipal de pelucas para pacientes oncol\u00f3gicos u otras enfermedades cuyos tratamientos producen la ca\u00edda del cabello. Desde el lunes pr\u00f3ximo, en el CIC se recibir\u00e1n las donaciones de mechones de pelos y se realizar\u00e1n las pelucas<\/strong><\/em>.<\/p>\n<p><a href=\"https:\/\/www.hoymercedes.com.ar\/principal\/wp-content\/uploads\/2017\/02\/04-Mechas-solidarias.jpg\"><img loading=\"lazy\" decoding=\"async\" data-attachment-id=\"59528\" data-permalink=\"https:\/\/www.hoymercedes.com.ar\/principal\/2017\/02\/04\/municipio-lanzo-programa-mechas-solidarias\/04-mechas-solidarias\/#main\" data-orig-file=\"https:\/\/www.hoymercedes.com.ar\/principal\/wp-content\/uploads\/2017\/02\/04-Mechas-solidarias.jpg\" data-orig-size=\"630,420\" data-comments-opened=\"0\" data-image-meta=\"{&quot;aperture&quot;:&quot;3.8&quot;,&quot;credit&quot;:&quot;&quot;,&quot;camera&quot;:&quot;NIKON D3100&quot;,&quot;caption&quot;:&quot;&quot;,&quot;created_timestamp&quot;:&quot;1486119485&quot;,&quot;copyright&quot;:&quot;&quot;,&quot;focal_length&quot;:&quot;23&quot;,&quot;iso&quot;:&quot;1600&quot;,&quot;shutter_speed&quot;:&quot;0.016666666666667&quot;,&quot;title&quot;:&quot;&quot;,&quot;orientation&quot;:&quot;1&quot;}\" data-image-title=\"04 Mechas solidarias\" data-image-description=\"\" data-image-caption=\"\" data-large-file=\"https:\/\/www.hoymercedes.com.ar\/principal\/wp-content\/uploads\/2017\/02\/04-Mechas-solidarias.jpg\" class=\"aligncenter size-medium wp-image-59528\" src=\"https:\/\/www.hoymercedes.com.ar\/principal\/wp-content\/uploads\/2017\/02\/04-Mechas-solidarias-630x420.jpg\" alt=\"\" width=\"630\" height=\"420\" srcset=\"https:\/\/www.hoymercedes.com.ar\/principal\/wp-content\/uploads\/2017\/02\/04-Mechas-solidarias.jpg 630w, https:\/\/www.hoymercedes.com.ar\/principal\/wp-content\/uploads\/2017\/02\/04-Mechas-solidarias-150x100.jpg 150w, https:\/\/www.hoymercedes.com.ar\/principal\/wp-content\/uploads\/2017\/02\/04-Mechas-solidarias-300x200.jpg 300w\" sizes=\"auto, (max-width: 630px) 100vw, 630px\" \/><\/a><\/p>\n<p>A\u00a0trav\u00e9s de una conferencia de prensa el Municipio lanz\u00f3 oficialmente un programa solidario que tiene como fin conformar un banco municipal de pelucas para pacientes oncol\u00f3gicos. El proyecto se titula Mechas Solidarias y es un trabajo conjunto entre el CIC, Concejo Deliberante, LALCEC y peluqueros de la ciudad y busca promocionar la solidaridad de los vecinos para con los pacientes de enfermedades que tienen como consecuencia la ca\u00edda del cabello.<\/p>\n<p>En el encuentro con los medios locales, el Jefe Comunal Juan Ignacio Ustarroz estuvo acompa\u00f1ado de la Secretaria de Desarrollo Social Jorgelina Silva, la Coordinadora del CIC Dra. Betiana Gonz\u00e1lez y las concejalas Patricia Prenitune y Mariana San Mart\u00edn.<\/p>\n<p>\u201cMechas Solidarias surge por iniciativa de la concejal Patricia (Prenitune) quien vio como una ONG de otra ciudad realiza pelucas para mujeres enfermas de c\u00e1ncer. Tiene varias aristas. El primero es la salud, pero tambi\u00e9n est\u00e1 la solidaridad. Es as\u00ed que se dise\u00f1\u00f3, articulando con LALCEC y los peluqueros, una campa\u00f1a para que la gente done un mech\u00f3n de pelo, con el cual luego un equipo de voluntarios har\u00e1 las pelucas que ser\u00e1n entregadas a las pacientes que las necesiten\u201d, resumi\u00f3 Ustarroz enfatizando y agradeciendo la colaboraci\u00f3n de los peluqueros que se sumaron y de LALCEC ya que la propuesta ser\u00e1 una forma de difusi\u00f3n en la detecci\u00f3n temprana del cancer.<\/p>\n<p>\u201cQuienes tienen que afrontar algo tan terrible como es la lucha contra esta enfermedad tiene que estar fuerte y el aspecto an\u00edmico es muy importante y a veces, m\u00e1s all\u00e1 de la cuesti\u00f3n est\u00e9tica, esto tiene un impacto nocivo en muchas mujeres. Este banco de pelucas ser\u00e1 para entregarles a las pacientes un kit en comodato con la peluca y otros accesorios. Las personas la utilizar\u00e1n por el tiempo que lo necesiten.\u00a0Para m\u00ed es un orgullo poder lanzar este programa y agradecer a los vecinos que ante la primera convocatoria dijo que s\u00ed, se sumaron y aportaron ideas para hacer este proyecto realidad para personas que atraviesan una situaci\u00f3n muy compleja y muy traum\u00e1tica\u201d, agreg\u00f3 Ustarroz.<\/p>\n<p>Por su parte, tanto Prenitune como Gonz\u00e1lez explicaron que los lunes, de 9 a 12 horas, en el CIC (calle 10 y 65) se confeccionar\u00e1n las pelucas y all\u00ed recibir\u00e1n a las personas que quieran donar un mech\u00f3n de cabello. \u201cEn una primera etapa tambi\u00e9n recibiremos pelucas en desuso y postizos, todo pelo sirve, pero tambi\u00e9n los mechones de pelos de todo tipo. El centro de recepci\u00f3n es el CIC, pero tambi\u00e9n las peluquer\u00edas adheridas que estar\u00e1n identificadas con el logo de la campa\u00f1a. A las pacientes les entregaremos un kit con elementos necesarios para preservar las pelucas, se les har\u00e1 un comodato por seis meses, renovable. Pero en principio necesitamos la materia prima, que es el pelo\u201d, explic\u00f3 la Concejal.<\/p>\n<p>\u201cTenemos algunos voluntarios que trabajar\u00e1n todos los lunes en el CIC en la confecci\u00f3n de pelucas. Hay varias etapas de la confecci\u00f3n de la peluca es por eso que las personas que no tienen experiencia pueden ayudar tambi\u00e9n y sumarse con voluntarios. Quienes quieran donar el cabello pueden traerlo al CIC o venir que ah\u00ed se lo cortamos\u2026 Como Estado presente, queremos acompa\u00f1ar a las mujeres que est\u00e1n transitando una enfermedad que les haga caer el cabello. No solo es el tratamiento quimioterapico sino tambi\u00e9n alguna alopec\u00eda por otro tipo de enfermedad. Mujeres y ni\u00f1as que tengan esta problem\u00e1tica podr\u00e1n acercarse al CIC donde tendr\u00e1n una entrevista porque tambi\u00e9n se le dar\u00e1 contenci\u00f3n profesional\u201d, agreg\u00f3 la Dra. Gonz\u00e1lez.<\/p>\n<p>Es as\u00ed que tanto en el CIC y en LALCEC como en las peluquer\u00edas adheridas, los donantes podr\u00e1n llevar el mech\u00f3n, aunque tambi\u00e9n podr\u00e1n ir a que se le corte el mech\u00f3n en algunos de estos lugares. El cabello puede ser en capas, canoso, te\u00f1ido o virgen, lo ideal es que tengan una medida entre 25 y 30 cent\u00edmetros, el cabello debe estar limpio y seco, adem\u00e1s de atado en el extremo cercano a la ra\u00edz. \u00a0Este mech\u00f3n se coloca en una servilleta de papel para luego ser colocado a una bolsa.<\/p>\n<p>&nbsp;<\/p>\n","protected":false},"excerpt":{"rendered":"<p>Se trata de un programa que crea un banco municipal de pelucas para pacientes oncol\u00f3gicos u otras enfermedades cuyos tratamientos &#8230; <a title=\"Municipio lanz\u00f3 programa \u201cMechas Solidarias\u201d\" class=\"read-more\" href=\"https:\/\/www.hoymercedes.com.ar\/principal\/2017\/02\/04\/municipio-lanzo-programa-mechas-solidarias\/\" aria-label=\"Leer m\u00e1s sobre Municipio lanz\u00f3 programa \u201cMechas Solidarias\u201d\">Leer m\u00e1s<\/a><\/p>\n","protected":false},"author":1,"featured_media":59528,"comment_status":"closed","ping_status":"open","sticky":false,"template":"","format":"standard","meta":{"_monsterinsights_skip_tracking":false,"_monsterinsights_sitenote_active":false,"_monsterinsights_sitenote_note":"","_monsterinsights_sitenote_category":0,"jetpack_post_was_ever_published":false,"_jetpack_newsletter_access":"","_jetpack_dont_email_post_to_subs":false,"_jetpack_newsletter_tier_id":0,"_jetpack_memberships_contains_paywalled_content":false,"_jetpack_memberships_contains_paid_content":false,"footnotes":"","jetpack_publicize_message":"Municipio lanz\u00f3 programa \u201cMechas Solidarias\u201d","jetpack_publicize_feature_enabled":true,"jetpack_social_post_already_shared":true,"jetpack_social_options":{"image_generator_settings":{"template":"highway","default_image_id":0,"font":"","enabled":false},"version":2},"_wpas_customize_per_network":false},"categories":[30,9791],"tags":[773,108,10544,244,134],"class_list":["post-59527","post","type-post","status-publish","format-standard","has-post-thumbnail","hentry","category-municipio","category-salud","tag-cic","tag-lalcec","tag-mechas-solidarias","tag-municipio-2","tag-salud","generate-columns","tablet-grid-50","mobile-grid-100","grid-parent","grid-50"],"jetpack_publicize_connections":[],"jetpack_featured_media_url":"https:\/\/www.hoymercedes.com.ar\/principal\/wp-content\/uploads\/2017\/02\/04-Mechas-solidarias.jpg","wps_subtitle":"Las donaciones se recibir\u00e1n en el CIC","jetpack_sharing_enabled":true,"_links":{"self":[{"href":"https:\/\/www.hoymercedes.com.ar\/principal\/wp-json\/wp\/v2\/posts\/59527","targetHints":{"allow":["GET"]}}],"collection":[{"href":"https:\/\/www.hoymercedes.com.ar\/principal\/wp-json\/wp\/v2\/posts"}],"about":[{"href":"https:\/\/www.hoymercedes.com.ar\/principal\/wp-json\/wp\/v2\/types\/post"}],"author":[{"embeddable":true,"href":"https:\/\/www.hoymercedes.com.ar\/principal\/wp-json\/wp\/v2\/users\/1"}],"replies":[{"embeddable":true,"href":"https:\/\/www.hoymercedes.com.ar\/principal\/wp-json\/wp\/v2\/comments?post=59527"}],"version-history":[{"count":0,"href":"https:\/\/www.hoymercedes.com.ar\/principal\/wp-json\/wp\/v2\/posts\/59527\/revisions"}],"wp:featuredmedia":[{"embeddable":true,"href":"https:\/\/www.hoymercedes.com.ar\/principal\/wp-json\/wp\/v2\/media\/59528"}],"wp:attachment":[{"href":"https:\/\/www.hoymercedes.com.ar\/principal\/wp-json\/wp\/v2\/media?parent=59527"}],"wp:term":[{"taxonomy":"category","embeddable":true,"href":"https:\/\/www.hoymercedes.com.ar\/principal\/wp-json\/wp\/v2\/categories?post=59527"},{"taxonomy":"post_tag","embeddable":true,"href":"https:\/\/www.hoymercedes.com.ar\/principal\/wp-json\/wp\/v2\/tags?post=59527"}],"curies":[{"name":"wp","href":"https:\/\/api.w.org\/{rel}","templated":true}]}}