{"id":59534,"date":"2017-02-05T09:34:04","date_gmt":"2017-02-05T12:34:04","guid":{"rendered":"http:\/\/www.hoymercedes.com.ar\/principal\/?p=59534"},"modified":"2017-02-05T09:34:04","modified_gmt":"2017-02-05T12:34:04","slug":"taller-de-mimbreria-para-los-internos","status":"publish","type":"post","link":"https:\/\/www.hoymercedes.com.ar\/principal\/2017\/02\/05\/taller-de-mimbreria-para-los-internos\/","title":{"rendered":"Taller de mimbrer\u00eda para los internos"},"content":{"rendered":"<p>En la Unidad Penitenciara N\u00ba 5 comenz\u00f3 a funcionar un nuevo taller para que los internos de all\u00ed tengan una capacitaci\u00f3n y potencial trabajo a desarrollar cuando est\u00e9n en libertad.<\/p>\n<p><img loading=\"lazy\" decoding=\"async\" data-attachment-id=\"59535\" data-permalink=\"https:\/\/www.hoymercedes.com.ar\/principal\/2017\/02\/05\/taller-de-mimbreria-para-los-internos\/05-carcel-mimbre\/#main\" data-orig-file=\"https:\/\/www.hoymercedes.com.ar\/principal\/wp-content\/uploads\/2017\/02\/05-carcel-mimbre.jpg\" data-orig-size=\"630,419\" data-comments-opened=\"0\" data-image-meta=\"{&quot;aperture&quot;:&quot;0&quot;,&quot;credit&quot;:&quot;&quot;,&quot;camera&quot;:&quot;&quot;,&quot;caption&quot;:&quot;&quot;,&quot;created_timestamp&quot;:&quot;0&quot;,&quot;copyright&quot;:&quot;&quot;,&quot;focal_length&quot;:&quot;0&quot;,&quot;iso&quot;:&quot;0&quot;,&quot;shutter_speed&quot;:&quot;0&quot;,&quot;title&quot;:&quot;&quot;,&quot;orientation&quot;:&quot;0&quot;}\" data-image-title=\"05 carcel mimbre\" data-image-description=\"\" data-image-caption=\"\" data-large-file=\"https:\/\/www.hoymercedes.com.ar\/principal\/wp-content\/uploads\/2017\/02\/05-carcel-mimbre.jpg\" class=\"aligncenter size-medium wp-image-59535\" src=\"https:\/\/www.hoymercedes.com.ar\/principal\/wp-content\/uploads\/2017\/02\/05-carcel-mimbre-630x419.jpg\" alt=\"\" width=\"630\" height=\"419\" srcset=\"https:\/\/www.hoymercedes.com.ar\/principal\/wp-content\/uploads\/2017\/02\/05-carcel-mimbre.jpg 630w, https:\/\/www.hoymercedes.com.ar\/principal\/wp-content\/uploads\/2017\/02\/05-carcel-mimbre-150x100.jpg 150w, https:\/\/www.hoymercedes.com.ar\/principal\/wp-content\/uploads\/2017\/02\/05-carcel-mimbre-300x200.jpg 300w\" sizes=\"auto, (max-width: 630px) 100vw, 630px\" \/><\/p>\n<p>El taller est\u00e1 a cargo de un internos que sabe el oficio, y que a su vez, se lo trasmite a un grupo de internos\u00a0con las cuales trabaja y hacen diferentes\u00a0\u00a0producciones, como canastas, adornos, o l\u00e1mparas para luces.<\/p>\n<p>En el marco de una visita por el penal de Mercedes, uno de los asesores del\u00a0Ministerio de Justicia de la Provincia de Buenos Aires, Jorge Mehaudy, recorri\u00f3 los\u00a0talleres junto al Director de la Unidad Adolfo Cers\u00f3simo.<\/p>\n<p>En esa recorrida, los internos del taller de mimbrer\u00eda mostraron sus trabajos y plantearon algunas de las necesidades para el talles. As\u00ed es como se comprometi\u00f3 a conseguir m\u00e1s material con el fin de continuar con la actividad.<\/p>\n<p>&nbsp;<\/p>\n<p>Fuente: Prensa Unidad 5<\/p>\n","protected":false},"excerpt":{"rendered":"<p>En la Unidad Penitenciara N\u00ba 5 comenz\u00f3 a funcionar un nuevo taller para que los internos de all\u00ed tengan una &#8230; <a title=\"Taller de mimbrer\u00eda para los internos\" class=\"read-more\" href=\"https:\/\/www.hoymercedes.com.ar\/principal\/2017\/02\/05\/taller-de-mimbreria-para-los-internos\/\" aria-label=\"Leer m\u00e1s sobre Taller de mimbrer\u00eda para los internos\">Leer m\u00e1s<\/a><\/p>\n","protected":false},"author":1,"featured_media":59535,"comment_status":"closed","ping_status":"open","sticky":false,"template":"","format":"standard","meta":{"_monsterinsights_skip_tracking":false,"_monsterinsights_sitenote_active":false,"_monsterinsights_sitenote_note":"","_monsterinsights_sitenote_category":0,"jetpack_post_was_ever_published":false,"_jetpack_newsletter_access":"","_jetpack_dont_email_post_to_subs":false,"_jetpack_newsletter_tier_id":0,"_jetpack_memberships_contains_paywalled_content":false,"_jetpack_memberships_contains_paid_content":false,"footnotes":"","jetpack_publicize_message":"Taller de mimbrer\u00eda para los internos","jetpack_publicize_feature_enabled":true,"jetpack_social_post_already_shared":true,"jetpack_social_options":{"image_generator_settings":{"template":"highway","default_image_id":0,"font":"","enabled":false},"version":2},"_wpas_customize_per_network":false},"categories":[23,8],"tags":[10547,10546,9918,10548,10030,113,9041],"class_list":["post-59534","post","type-post","status-publish","format-standard","has-post-thumbnail","hentry","category-educacion","category-sociedad","tag-ccarcel","tag-educaicon","tag-internos","tag-mimbrercia","tag-talleres","tag-unidad-5","tag-unidad-no-5","generate-columns","tablet-grid-50","mobile-grid-100","grid-parent","grid-50"],"jetpack_publicize_connections":[],"jetpack_featured_media_url":"https:\/\/www.hoymercedes.com.ar\/principal\/wp-content\/uploads\/2017\/02\/05-carcel-mimbre.jpg","wps_subtitle":"Unidad N\u00ba 5","jetpack_sharing_enabled":true,"_links":{"self":[{"href":"https:\/\/www.hoymercedes.com.ar\/principal\/wp-json\/wp\/v2\/posts\/59534","targetHints":{"allow":["GET"]}}],"collection":[{"href":"https:\/\/www.hoymercedes.com.ar\/principal\/wp-json\/wp\/v2\/posts"}],"about":[{"href":"https:\/\/www.hoymercedes.com.ar\/principal\/wp-json\/wp\/v2\/types\/post"}],"author":[{"embeddable":true,"href":"https:\/\/www.hoymercedes.com.ar\/principal\/wp-json\/wp\/v2\/users\/1"}],"replies":[{"embeddable":true,"href":"https:\/\/www.hoymercedes.com.ar\/principal\/wp-json\/wp\/v2\/comments?post=59534"}],"version-history":[{"count":0,"href":"https:\/\/www.hoymercedes.com.ar\/principal\/wp-json\/wp\/v2\/posts\/59534\/revisions"}],"wp:featuredmedia":[{"embeddable":true,"href":"https:\/\/www.hoymercedes.com.ar\/principal\/wp-json\/wp\/v2\/media\/59535"}],"wp:attachment":[{"href":"https:\/\/www.hoymercedes.com.ar\/principal\/wp-json\/wp\/v2\/media?parent=59534"}],"wp:term":[{"taxonomy":"category","embeddable":true,"href":"https:\/\/www.hoymercedes.com.ar\/principal\/wp-json\/wp\/v2\/categories?post=59534"},{"taxonomy":"post_tag","embeddable":true,"href":"https:\/\/www.hoymercedes.com.ar\/principal\/wp-json\/wp\/v2\/tags?post=59534"}],"curies":[{"name":"wp","href":"https:\/\/api.w.org\/{rel}","templated":true}]}}