{"id":59549,"date":"2017-02-05T14:44:38","date_gmt":"2017-02-05T17:44:38","guid":{"rendered":"http:\/\/www.hoymercedes.com.ar\/principal\/?p=59549"},"modified":"2017-02-06T10:22:01","modified_gmt":"2017-02-06T13:22:01","slug":"invitan-a-charla-de-primeros-auxilios-en-el-deporte","status":"publish","type":"post","link":"https:\/\/www.hoymercedes.com.ar\/principal\/2017\/02\/05\/invitan-a-charla-de-primeros-auxilios-en-el-deporte\/","title":{"rendered":"Invitan a charla de \u00abPrimeros auxilios en el deporte\u00bb"},"content":{"rendered":"<p>La Secci\u00f3n H\u00edpica de la Sociedad Rural Mercedes organiz\u00f3 una charla destinada a los primeros auxilios en el deporte bajo el lema \u00abTodos podemos ayudar y todos podemos necesitarlo\u00bb y se hablar\u00e1n de cosas b\u00e1sicas como la reanimaci\u00f3n cardiopulmonar y lo b\u00e1sico que hay que saber cuando un deportista se encuentra en una situaci\u00f3n delicada de salud en la que corre riesgo su vida. Ser\u00e1 dictado por Protecci\u00f3n Civil de la Municipalidad de Mercedes. Ser\u00e1 el jueves 9 a las 16.30 en la SRRM, Ruta 5 Km 100.<\/p>\n<p><img loading=\"lazy\" decoding=\"async\" data-attachment-id=\"59550\" data-permalink=\"https:\/\/www.hoymercedes.com.ar\/principal\/2017\/02\/05\/invitan-a-charla-de-primeros-auxilios-en-el-deporte\/srrm\/#main\" data-orig-file=\"https:\/\/www.hoymercedes.com.ar\/principal\/wp-content\/uploads\/2017\/02\/SRRM.jpg\" data-orig-size=\"480,720\" data-comments-opened=\"0\" data-image-meta=\"{&quot;aperture&quot;:&quot;0&quot;,&quot;credit&quot;:&quot;&quot;,&quot;camera&quot;:&quot;&quot;,&quot;caption&quot;:&quot;&quot;,&quot;created_timestamp&quot;:&quot;0&quot;,&quot;copyright&quot;:&quot;&quot;,&quot;focal_length&quot;:&quot;0&quot;,&quot;iso&quot;:&quot;0&quot;,&quot;shutter_speed&quot;:&quot;0&quot;,&quot;title&quot;:&quot;&quot;,&quot;orientation&quot;:&quot;0&quot;}\" data-image-title=\"SRRM\" data-image-description=\"\" data-image-caption=\"\" data-large-file=\"https:\/\/www.hoymercedes.com.ar\/principal\/wp-content\/uploads\/2017\/02\/SRRM.jpg\" class=\"aligncenter size-medium wp-image-59550\" src=\"https:\/\/www.hoymercedes.com.ar\/principal\/wp-content\/uploads\/2017\/02\/SRRM-413x620.jpg\" alt=\"\" width=\"413\" height=\"620\" srcset=\"https:\/\/www.hoymercedes.com.ar\/principal\/wp-content\/uploads\/2017\/02\/SRRM-413x620.jpg 413w, https:\/\/www.hoymercedes.com.ar\/principal\/wp-content\/uploads\/2017\/02\/SRRM-100x150.jpg 100w, https:\/\/www.hoymercedes.com.ar\/principal\/wp-content\/uploads\/2017\/02\/SRRM.jpg 480w\" sizes=\"auto, (max-width: 413px) 100vw, 413px\" \/><\/p>\n","protected":false},"excerpt":{"rendered":"<p>La Secci\u00f3n H\u00edpica de la Sociedad Rural Mercedes organiz\u00f3 una charla destinada a los primeros auxilios en el deporte bajo &#8230; <a title=\"Invitan a charla de \u00abPrimeros auxilios en el deporte\u00bb\" class=\"read-more\" href=\"https:\/\/www.hoymercedes.com.ar\/principal\/2017\/02\/05\/invitan-a-charla-de-primeros-auxilios-en-el-deporte\/\" aria-label=\"Leer m\u00e1s sobre Invitan a charla de \u00abPrimeros auxilios en el deporte\u00bb\">Leer m\u00e1s<\/a><\/p>\n","protected":false},"author":1,"featured_media":0,"comment_status":"closed","ping_status":"open","sticky":false,"template":"","format":"standard","meta":{"_monsterinsights_skip_tracking":false,"_monsterinsights_sitenote_active":false,"_monsterinsights_sitenote_note":"","_monsterinsights_sitenote_category":0,"jetpack_post_was_ever_published":false,"_jetpack_newsletter_access":"","_jetpack_dont_email_post_to_subs":true,"_jetpack_newsletter_tier_id":0,"_jetpack_memberships_contains_paywalled_content":false,"_jetpack_memberships_contains_paid_content":false,"footnotes":"","jetpack_publicize_message":"","jetpack_publicize_feature_enabled":true,"jetpack_social_post_already_shared":true,"jetpack_social_options":{"image_generator_settings":{"template":"highway","default_image_id":0,"font":"","enabled":false},"version":2},"_wpas_customize_per_network":false},"categories":[8],"tags":[204,1821,9751],"class_list":["post-59549","post","type-post","status-publish","format-standard","hentry","category-sociedad","tag-deportes-2","tag-equitacion","tag-srrm","generate-columns","tablet-grid-50","mobile-grid-100","grid-parent","grid-50"],"jetpack_publicize_connections":[],"jetpack_featured_media_url":"","wps_subtitle":"En la SRRM","jetpack_sharing_enabled":true,"_links":{"self":[{"href":"https:\/\/www.hoymercedes.com.ar\/principal\/wp-json\/wp\/v2\/posts\/59549","targetHints":{"allow":["GET"]}}],"collection":[{"href":"https:\/\/www.hoymercedes.com.ar\/principal\/wp-json\/wp\/v2\/posts"}],"about":[{"href":"https:\/\/www.hoymercedes.com.ar\/principal\/wp-json\/wp\/v2\/types\/post"}],"author":[{"embeddable":true,"href":"https:\/\/www.hoymercedes.com.ar\/principal\/wp-json\/wp\/v2\/users\/1"}],"replies":[{"embeddable":true,"href":"https:\/\/www.hoymercedes.com.ar\/principal\/wp-json\/wp\/v2\/comments?post=59549"}],"version-history":[{"count":0,"href":"https:\/\/www.hoymercedes.com.ar\/principal\/wp-json\/wp\/v2\/posts\/59549\/revisions"}],"wp:attachment":[{"href":"https:\/\/www.hoymercedes.com.ar\/principal\/wp-json\/wp\/v2\/media?parent=59549"}],"wp:term":[{"taxonomy":"category","embeddable":true,"href":"https:\/\/www.hoymercedes.com.ar\/principal\/wp-json\/wp\/v2\/categories?post=59549"},{"taxonomy":"post_tag","embeddable":true,"href":"https:\/\/www.hoymercedes.com.ar\/principal\/wp-json\/wp\/v2\/tags?post=59549"}],"curies":[{"name":"wp","href":"https:\/\/api.w.org\/{rel}","templated":true}]}}