{"id":59583,"date":"2017-02-06T16:48:14","date_gmt":"2017-02-06T19:48:14","guid":{"rendered":"http:\/\/www.hoymercedes.com.ar\/principal\/?p=59583"},"modified":"2017-02-06T22:33:21","modified_gmt":"2017-02-07T01:33:21","slug":"corsos-2017-se-palpitan-los-cuatro-dias-locos-de-febrero","status":"publish","type":"post","link":"https:\/\/www.hoymercedes.com.ar\/principal\/2017\/02\/06\/corsos-2017-se-palpitan-los-cuatro-dias-locos-de-febrero\/","title":{"rendered":"Corsos 2017: Se palpitan los cuatro d\u00edas locos de febrero"},"content":{"rendered":"<p>Por Prensa Mercedes &#8211;\u00a0Los carnavales mercedinos ser\u00e1n este a\u00f1o con sorpresas y una renovaci\u00f3n de contenidos que se vino efectuando durante todo el a\u00f1o con talleres y acciones barriales. <a href=\"https:\/\/www.hoymercedes.com.ar\/principal\/2017\/01\/30\/confirman-a-ruben-rada-para-los-carnavales-2017\/\" target=\"_blank\">\u201cRub\u00e9n Rada\u201d<\/a> &#8211; tal como lo hab\u00eda anticipado Hoy Mercedes &#8211; ser\u00e1 el encargado de cerrar una de las noches mientras que en otra estar\u00e1 la reconocida \u201cLa Delio\u00a0 Valdez\u201d con todo su ritmo tropical. Tambi\u00e9n los grupos locales \u201cOtra vez voz\u201d y la \u201cOrquesta Org\u00e1nica\u201d. Habr\u00e1 dos escenarios\u00a0 y murgas de localidades vecinas.<\/p>\n<p><img loading=\"lazy\" decoding=\"async\" data-attachment-id=\"59585\" data-permalink=\"https:\/\/www.hoymercedes.com.ar\/principal\/2017\/02\/06\/corsos-2017-se-palpitan-los-cuatro-dias-locos-de-febrero\/06-logo-carnaval\/#main\" data-orig-file=\"https:\/\/www.hoymercedes.com.ar\/principal\/wp-content\/uploads\/2017\/02\/06-logo-carnaval.jpg\" data-orig-size=\"630,630\" data-comments-opened=\"0\" data-image-meta=\"{&quot;aperture&quot;:&quot;0&quot;,&quot;credit&quot;:&quot;&quot;,&quot;camera&quot;:&quot;&quot;,&quot;caption&quot;:&quot;&quot;,&quot;created_timestamp&quot;:&quot;0&quot;,&quot;copyright&quot;:&quot;&quot;,&quot;focal_length&quot;:&quot;0&quot;,&quot;iso&quot;:&quot;0&quot;,&quot;shutter_speed&quot;:&quot;0&quot;,&quot;title&quot;:&quot;&quot;,&quot;orientation&quot;:&quot;1&quot;}\" data-image-title=\"06 logo carnaval\" data-image-description=\"\" data-image-caption=\"\" data-large-file=\"https:\/\/www.hoymercedes.com.ar\/principal\/wp-content\/uploads\/2017\/02\/06-logo-carnaval.jpg\" class=\"aligncenter size-medium wp-image-59585\" src=\"https:\/\/www.hoymercedes.com.ar\/principal\/wp-content\/uploads\/2017\/02\/06-logo-carnaval-620x620.jpg\" alt=\"\" width=\"620\" height=\"620\" srcset=\"https:\/\/www.hoymercedes.com.ar\/principal\/wp-content\/uploads\/2017\/02\/06-logo-carnaval-620x620.jpg 620w, https:\/\/www.hoymercedes.com.ar\/principal\/wp-content\/uploads\/2017\/02\/06-logo-carnaval-150x150.jpg 150w, https:\/\/www.hoymercedes.com.ar\/principal\/wp-content\/uploads\/2017\/02\/06-logo-carnaval.jpg 630w\" sizes=\"auto, (max-width: 620px) 100vw, 620px\" \/><\/p>\n<p>Este a\u00f1o los tradicionales corsos mercedinos se llevar\u00e1n a cabo los d\u00edas 24, 25, 26 y 27 de febrero sobre avenida 29 inici\u00e1ndose en calle 30 y finalizando en la 20 donde tambi\u00e9n habr\u00e1 un escenario que permitir\u00e1 a cada atracci\u00f3n efectuar una presentaci\u00f3n extendida para todo el p\u00fablico. Algo similar a lo que por primera vez se vivi\u00f3 el a\u00f1o pasado y que tan bien fue recibido por artistas y p\u00fablico.<\/p>\n<p>Durante todo el a\u00f1o se trabaj\u00f3 en distintos puntos de la ciudad y cont\u00f3 con proyectos a cargo de C\u00e9sar Lalla, M\u00f3nica Brown, Jimena Rivas y Jorge Blanco haciendo actividades en SUM barriales, en sociedad de fomento de Bello Horizonte, en la Unidad N\u00b05, en el Teatro, en la Comunidad Ra\u00edces, todos espacios en los que se elaboraron contenidos que ser\u00e1n parte del venidero corso y contaron con la participaci\u00f3n de Desarrollo Social, Juventud y por supuesto la Direcci\u00f3n de Cultura.<\/p>\n<p>\u201cOtro de los atractivos que se suma es la participaci\u00f3n de dos murgas de la vecina localidad de Luj\u00e1n y una de Navarro\u201d, coment\u00f3 Lucia Capaccio, directora de cultura, quien tambi\u00e9n manifest\u00f3 \u201cestamos trabando articuladamente con muchas \u00e1reas, casi todas las de la municipalidad, desde Servicios P\u00fablicos a Turismo, Juventud, Desarrollo, Seguridad, la verdad, todos, porque sabemos que esta fiesta popular requiere y merece todo el esfuerzo y es algo que siempre insiste el intendente y es el trabajo en conjunto\u201d.<\/p>\n<p>\u201cSer\u00e1 una gran fiesta popular, con los atractivos conocidos, pero, con los nuevos. Con las realizaciones que se suman y cada noche con un cierre a toda m\u00fasica frente al Palacio Municipal\u201d narr\u00f3 Ustarroz. \u201cComo siempre habr\u00e1 sector con gradas y de libre acceso, tambi\u00e9n en plaza San Martin una kermese para toda la familia\u201d afirm\u00f3 Capaccio<\/p>\n<p>Se espera, como cada a\u00f1o, una gran asistencia de mercedinos que con los grandes recitales al cierre dar\u00e1 un atractivo realmente de dimensiones para todos los vecinos y turistas que se esperan recibir ya que ser\u00e1 la gran fiesta promocionada en toda la provincia. \u201cSabemos que nuestros corsos son en el marco de los carnavales de los m\u00e1s grandes de la provincia. Por sus contenidos, asistencia y propuestas as\u00ed que invitaremos a los turistas a que sean parte de la fiesta\u201d destacaron desde la Comuna.<\/p>\n<p>En cuanto a las cantinas ser\u00e1 nuevamente para los clubes sociales de la ciudad con una adjudicaci\u00f3n por sorteo siendo de una manera transparente, efectiva y eficaz \u00a0compartida por los participantes.<\/p>\n<p>De esta manera, desde el viernes 24 al lunes 27 la avenida 29 se convertir\u00e1 en un gran corsodromo con mandalas, luces, m\u00fasica, y una fiesta popular para la familia.<br \/>\n<strong>S\u00faper cierres<\/strong><\/p>\n<p>El ritmo de \u00a0\u201cLa Delio Valdez\u201d retoma la formaci\u00f3n y tradici\u00f3n de la orquesta t\u00edpica de cumbia colombiana, combinando una nutrida y diversa secci\u00f3n de vientos, voz y percusi\u00f3n, para interpretar reconocidos temas de dicha \u00e9poca, como as\u00ed tambi\u00e9n elaboraciones propias que agregan las influencias locales al g\u00e9nero tradicional, destacan los artistas que ser\u00e1n parte de una de las noches. Su presentaci\u00f3n ser\u00e1 el domingo 26 de febrero.<\/p>\n<p>Por su parte, el 25 de febrero Rub\u00e9n Rada se subir\u00e1 al escenario siendo un reconocido int\u00e9rprete uruguayo de gran reconocimiento internacional y por todos conocido como \u201cEl negro Rada\u201d quien supo cosechar \u00e9xitos como \u201cCha cha cha, muchacha\u201d o \u201cmuriendo de plena\u201d, entre tantos otros. En esta ocasi\u00f3n deleitar\u00e1 a todos los mercedinos generando gran expectativa la presentaci\u00f3n de un artista de renombre latinoamericano como lo es el \u201cnegro\u201d.<\/p>\n<p>Por otro lado, como es habitual en la actual gesti\u00f3n, los artistas locales tendr\u00e1n un lugar destacado. En esta ocasi\u00f3n ser\u00e1 la posibilidad de la reconocida banda de \u201cOtra vez vos\u201d que con todo su ritmo ser\u00e1 un animador destacado mientras que la \u00faltima noche estar\u00e1 la \u201cOrquesta Org\u00e1nica\u201d con toda la cumbia y m\u00fasica tropical para que los mercedinos hagamos una gran pista de baile sobre avenida 29.<\/p>\n<p>Fuente: Prensa Municipal<\/p>\n<p>&nbsp;<\/p>\n","protected":false},"excerpt":{"rendered":"<p>Por Prensa Mercedes &#8211;\u00a0Los carnavales mercedinos ser\u00e1n este a\u00f1o con sorpresas y una renovaci\u00f3n de contenidos que se vino efectuando &#8230; <a title=\"Corsos 2017: Se palpitan los cuatro d\u00edas locos de febrero\" class=\"read-more\" href=\"https:\/\/www.hoymercedes.com.ar\/principal\/2017\/02\/06\/corsos-2017-se-palpitan-los-cuatro-dias-locos-de-febrero\/\" aria-label=\"Leer m\u00e1s sobre Corsos 2017: Se palpitan los cuatro d\u00edas locos de febrero\">Leer m\u00e1s<\/a><\/p>\n","protected":false},"author":1,"featured_media":59585,"comment_status":"closed","ping_status":"open","sticky":false,"template":"","format":"standard","meta":{"_monsterinsights_skip_tracking":false,"_monsterinsights_sitenote_active":false,"_monsterinsights_sitenote_note":"","_monsterinsights_sitenote_category":0,"jetpack_post_was_ever_published":false,"_jetpack_newsletter_access":"","_jetpack_dont_email_post_to_subs":false,"_jetpack_newsletter_tier_id":0,"_jetpack_memberships_contains_paywalled_content":false,"_jetpack_memberships_contains_paid_content":false,"footnotes":"","jetpack_publicize_message":"","jetpack_publicize_feature_enabled":true,"jetpack_social_post_already_shared":true,"jetpack_social_options":{"image_generator_settings":{"template":"highway","default_image_id":0,"font":"","enabled":false},"version":2},"_wpas_customize_per_network":false},"categories":[30],"tags":[93,10556,7805,10,244,10403],"class_list":["post-59583","post","type-post","status-publish","format-standard","has-post-thumbnail","hentry","category-municipio","tag-carnavales","tag-corsos-2017","tag-cultura","tag-mercedes","tag-municipio-2","tag-vivi-mercedes","generate-columns","tablet-grid-50","mobile-grid-100","grid-parent","grid-50"],"jetpack_publicize_connections":[],"jetpack_featured_media_url":"https:\/\/www.hoymercedes.com.ar\/principal\/wp-content\/uploads\/2017\/02\/06-logo-carnaval.jpg","wps_subtitle":"Viv\u00ed Mercedes","jetpack_sharing_enabled":true,"_links":{"self":[{"href":"https:\/\/www.hoymercedes.com.ar\/principal\/wp-json\/wp\/v2\/posts\/59583","targetHints":{"allow":["GET"]}}],"collection":[{"href":"https:\/\/www.hoymercedes.com.ar\/principal\/wp-json\/wp\/v2\/posts"}],"about":[{"href":"https:\/\/www.hoymercedes.com.ar\/principal\/wp-json\/wp\/v2\/types\/post"}],"author":[{"embeddable":true,"href":"https:\/\/www.hoymercedes.com.ar\/principal\/wp-json\/wp\/v2\/users\/1"}],"replies":[{"embeddable":true,"href":"https:\/\/www.hoymercedes.com.ar\/principal\/wp-json\/wp\/v2\/comments?post=59583"}],"version-history":[{"count":0,"href":"https:\/\/www.hoymercedes.com.ar\/principal\/wp-json\/wp\/v2\/posts\/59583\/revisions"}],"wp:featuredmedia":[{"embeddable":true,"href":"https:\/\/www.hoymercedes.com.ar\/principal\/wp-json\/wp\/v2\/media\/59585"}],"wp:attachment":[{"href":"https:\/\/www.hoymercedes.com.ar\/principal\/wp-json\/wp\/v2\/media?parent=59583"}],"wp:term":[{"taxonomy":"category","embeddable":true,"href":"https:\/\/www.hoymercedes.com.ar\/principal\/wp-json\/wp\/v2\/categories?post=59583"},{"taxonomy":"post_tag","embeddable":true,"href":"https:\/\/www.hoymercedes.com.ar\/principal\/wp-json\/wp\/v2\/tags?post=59583"}],"curies":[{"name":"wp","href":"https:\/\/api.w.org\/{rel}","templated":true}]}}