{"id":59596,"date":"2017-02-07T08:00:53","date_gmt":"2017-02-07T11:00:53","guid":{"rendered":"http:\/\/www.hoymercedes.com.ar\/principal\/?p=59596"},"modified":"2017-02-07T09:08:24","modified_gmt":"2017-02-07T12:08:24","slug":"aparecio-el-vecino-que-era-buscado","status":"publish","type":"post","link":"https:\/\/www.hoymercedes.com.ar\/principal\/2017\/02\/07\/aparecio-el-vecino-que-era-buscado\/","title":{"rendered":"Apareci\u00f3 el vecino que era buscado"},"content":{"rendered":"<p>D\u00edas atr\u00e1s se solicit\u00f3 colaboraci\u00f3n por una <a href=\"https:\/\/www.hoymercedes.com.ar\/principal\/2017\/02\/04\/buscan-a-vecino-que-desaparecio-el-el-viernes\/\" target=\"_blank\">averiguaci\u00f3n de paradero<\/a> de una persona mayor que se encontraba ausente de su domicilio desde la tarde del viernes. Informaron desde la comisar\u00eda local que el vecino Jos\u00e9 Luis Magay\u00e1n, de 74 a\u00f1os de edad fue encontrado en buen estado de salud este lunes a la media ma\u00f1ana, ubicado en tiempo y espacio.<\/p>\n<p>Se agradeci\u00f3 la colaboraci\u00f3n y preocupaci\u00f3n de toda la comunidad.<\/p>\n","protected":false},"excerpt":{"rendered":"<p>D\u00edas atr\u00e1s se solicit\u00f3 colaboraci\u00f3n por una averiguaci\u00f3n de paradero de una persona mayor que se encontraba ausente de su &#8230; <a title=\"Apareci\u00f3 el vecino que era buscado\" class=\"read-more\" href=\"https:\/\/www.hoymercedes.com.ar\/principal\/2017\/02\/07\/aparecio-el-vecino-que-era-buscado\/\" aria-label=\"Leer m\u00e1s sobre Apareci\u00f3 el vecino que era buscado\">Leer m\u00e1s<\/a><\/p>\n","protected":false},"author":1,"featured_media":59517,"comment_status":"closed","ping_status":"open","sticky":false,"template":"","format":"standard","meta":{"_monsterinsights_skip_tracking":false,"_monsterinsights_sitenote_active":false,"_monsterinsights_sitenote_note":"","_monsterinsights_sitenote_category":0,"jetpack_post_was_ever_published":false,"_jetpack_newsletter_access":"","_jetpack_dont_email_post_to_subs":true,"_jetpack_newsletter_tier_id":0,"_jetpack_memberships_contains_paywalled_content":false,"_jetpack_memberships_contains_paid_content":false,"footnotes":"","jetpack_publicize_message":"","jetpack_publicize_feature_enabled":true,"jetpack_social_post_already_shared":true,"jetpack_social_options":{"image_generator_settings":{"template":"highway","default_image_id":0,"font":"","enabled":false},"version":2},"_wpas_customize_per_network":false},"categories":[85],"tags":[10560,9085,96],"class_list":["post-59596","post","type-post","status-publish","format-standard","has-post-thumbnail","hentry","category-policial","tag-aparicion","tag-busqueda","tag-policial-2","generate-columns","tablet-grid-50","mobile-grid-100","grid-parent","grid-50"],"jetpack_publicize_connections":[],"jetpack_featured_media_url":"https:\/\/www.hoymercedes.com.ar\/principal\/wp-content\/uploads\/2017\/02\/04-desaparecido.jpg","wps_subtitle":"Informaron desde la comisar\u00eda","jetpack_sharing_enabled":true,"_links":{"self":[{"href":"https:\/\/www.hoymercedes.com.ar\/principal\/wp-json\/wp\/v2\/posts\/59596","targetHints":{"allow":["GET"]}}],"collection":[{"href":"https:\/\/www.hoymercedes.com.ar\/principal\/wp-json\/wp\/v2\/posts"}],"about":[{"href":"https:\/\/www.hoymercedes.com.ar\/principal\/wp-json\/wp\/v2\/types\/post"}],"author":[{"embeddable":true,"href":"https:\/\/www.hoymercedes.com.ar\/principal\/wp-json\/wp\/v2\/users\/1"}],"replies":[{"embeddable":true,"href":"https:\/\/www.hoymercedes.com.ar\/principal\/wp-json\/wp\/v2\/comments?post=59596"}],"version-history":[{"count":0,"href":"https:\/\/www.hoymercedes.com.ar\/principal\/wp-json\/wp\/v2\/posts\/59596\/revisions"}],"wp:featuredmedia":[{"embeddable":true,"href":"https:\/\/www.hoymercedes.com.ar\/principal\/wp-json\/wp\/v2\/media\/59517"}],"wp:attachment":[{"href":"https:\/\/www.hoymercedes.com.ar\/principal\/wp-json\/wp\/v2\/media?parent=59596"}],"wp:term":[{"taxonomy":"category","embeddable":true,"href":"https:\/\/www.hoymercedes.com.ar\/principal\/wp-json\/wp\/v2\/categories?post=59596"},{"taxonomy":"post_tag","embeddable":true,"href":"https:\/\/www.hoymercedes.com.ar\/principal\/wp-json\/wp\/v2\/tags?post=59596"}],"curies":[{"name":"wp","href":"https:\/\/api.w.org\/{rel}","templated":true}]}}