{"id":59618,"date":"2017-02-07T20:25:07","date_gmt":"2017-02-07T23:25:07","guid":{"rendered":"http:\/\/www.hoymercedes.com.ar\/principal\/?p=59618"},"modified":"2017-02-07T20:56:49","modified_gmt":"2017-02-07T23:56:49","slug":"continua-el-trabajo-de-las-cuadrillas-en-el-plan-de-bacheo","status":"publish","type":"post","link":"https:\/\/www.hoymercedes.com.ar\/principal\/2017\/02\/07\/continua-el-trabajo-de-las-cuadrillas-en-el-plan-de-bacheo\/","title":{"rendered":"Contin\u00faa el trabajo de las cuadrillas en el plan de bacheo"},"content":{"rendered":"<p>Continuando con el Plan de Bacheo iniciado el a\u00f1o pasado por la Municipalidad de Mercedes anuncia un mayor n\u00famero de calles que se van arreglando y mejorando con la maquina bacheadora municipal.<\/p>\n<p><img loading=\"lazy\" decoding=\"async\" data-attachment-id=\"59622\" data-permalink=\"https:\/\/www.hoymercedes.com.ar\/principal\/2017\/02\/07\/centros-de-jubilados-y-municipio-ratificando-las-bases-del-trabajo-conjunto\/07-muni-obras-publicas\/#main\" data-orig-file=\"https:\/\/www.hoymercedes.com.ar\/principal\/wp-content\/uploads\/2017\/02\/07-muni-obras-publicas.jpg\" data-orig-size=\"630,420\" data-comments-opened=\"0\" data-image-meta=\"{&quot;aperture&quot;:&quot;8&quot;,&quot;credit&quot;:&quot;&quot;,&quot;camera&quot;:&quot;NIKON D3100&quot;,&quot;caption&quot;:&quot;&quot;,&quot;created_timestamp&quot;:&quot;1486377503&quot;,&quot;copyright&quot;:&quot;&quot;,&quot;focal_length&quot;:&quot;20&quot;,&quot;iso&quot;:&quot;100&quot;,&quot;shutter_speed&quot;:&quot;0.004&quot;,&quot;title&quot;:&quot;&quot;,&quot;orientation&quot;:&quot;1&quot;}\" data-image-title=\"07 muni obras publicas\" data-image-description=\"\" data-image-caption=\"\" data-large-file=\"https:\/\/www.hoymercedes.com.ar\/principal\/wp-content\/uploads\/2017\/02\/07-muni-obras-publicas.jpg\" class=\"aligncenter size-medium wp-image-59622\" src=\"https:\/\/www.hoymercedes.com.ar\/principal\/wp-content\/uploads\/2017\/02\/07-muni-obras-publicas-630x420.jpg\" alt=\"\" width=\"630\" height=\"420\" srcset=\"https:\/\/www.hoymercedes.com.ar\/principal\/wp-content\/uploads\/2017\/02\/07-muni-obras-publicas.jpg 630w, https:\/\/www.hoymercedes.com.ar\/principal\/wp-content\/uploads\/2017\/02\/07-muni-obras-publicas-150x100.jpg 150w, https:\/\/www.hoymercedes.com.ar\/principal\/wp-content\/uploads\/2017\/02\/07-muni-obras-publicas-300x200.jpg 300w\" sizes=\"auto, (max-width: 630px) 100vw, 630px\" \/><\/p>\n<p>\u201cHemos decidido apostar al trabajo a fondo, por eso el pavimento en Gowland, calle 33 y avenida 29 se hace de hormig\u00f3n, o cuando dijimos que capitalizar\u00edamos el corral\u00f3n lo hacemos comprando maquinarias 0 km. En este caso es igual. Como bien pueden ver lo vecinos nuestra cuadrilla de bacheo va al fondo de la cuesti\u00f3n. Picando, martillando, limpiando, reemplazando asfalto con concreto de primera calidad. No es, como se dice, una cucharada de cemento que se arroja sobre un pozo, es, rotura, limpieza, hormig\u00f3n, un trabajo que dure en el tiempo\u201d, coment\u00f3 el primer mandatario local\u00a0Juan Ignacio Ustarroz.<\/p>\n<p>Las actividades pueden verse en distintas zonas de la ciudad. Tiempo atr\u00e1s Ustarroz junto al Secretario de Obras P\u00fablicas hab\u00edan narrado que seg\u00fan su relevamiento los baches eran cientos y que aspiraban a la reparaci\u00f3n total, sabiendo que constantemente se generan nuevos dado lo a\u00f1ejo de nuestros caminos, pero, con la planificaci\u00f3n realizada, y tal como ya se puede ver, el resultado es satisfactorio y posible.\u00a0La cuadrilla de bacheo act\u00faa en funci\u00f3n del relevamiento realizado por la Comuna y con una reparaci\u00f3n a fondo, se reafirm\u00f3.<\/p>\n<p>&nbsp;<\/p>\n<p>Fuente: Prensa Municipal<\/p>\n","protected":false},"excerpt":{"rendered":"<p>Continuando con el Plan de Bacheo iniciado el a\u00f1o pasado por la Municipalidad de Mercedes anuncia un mayor n\u00famero de &#8230; <a title=\"Contin\u00faa el trabajo de las cuadrillas en el plan de bacheo\" class=\"read-more\" href=\"https:\/\/www.hoymercedes.com.ar\/principal\/2017\/02\/07\/continua-el-trabajo-de-las-cuadrillas-en-el-plan-de-bacheo\/\" aria-label=\"Leer m\u00e1s sobre Contin\u00faa el trabajo de las cuadrillas en el plan de bacheo\">Leer m\u00e1s<\/a><\/p>\n","protected":false},"author":1,"featured_media":59622,"comment_status":"closed","ping_status":"open","sticky":false,"template":"","format":"standard","meta":{"_monsterinsights_skip_tracking":false,"_monsterinsights_sitenote_active":false,"_monsterinsights_sitenote_note":"","_monsterinsights_sitenote_category":0,"jetpack_post_was_ever_published":false,"_jetpack_newsletter_access":"","_jetpack_dont_email_post_to_subs":false,"_jetpack_newsletter_tier_id":0,"_jetpack_memberships_contains_paywalled_content":false,"_jetpack_memberships_contains_paid_content":false,"footnotes":"","jetpack_publicize_message":"","jetpack_publicize_feature_enabled":true,"jetpack_social_post_already_shared":true,"jetpack_social_options":{"image_generator_settings":{"template":"highway","default_image_id":0,"font":"","enabled":false},"version":2},"_wpas_customize_per_network":false},"categories":[30],"tags":[10564,244,5947],"class_list":["post-59618","post","type-post","status-publish","format-standard","has-post-thumbnail","hentry","category-municipio","tag-bacheos","tag-municipio-2","tag-obras-publicas","generate-columns","tablet-grid-50","mobile-grid-100","grid-parent","grid-50"],"jetpack_publicize_connections":[],"jetpack_featured_media_url":"https:\/\/www.hoymercedes.com.ar\/principal\/wp-content\/uploads\/2017\/02\/07-muni-obras-publicas.jpg","wps_subtitle":"Obras p\u00fablicas","jetpack_sharing_enabled":true,"_links":{"self":[{"href":"https:\/\/www.hoymercedes.com.ar\/principal\/wp-json\/wp\/v2\/posts\/59618","targetHints":{"allow":["GET"]}}],"collection":[{"href":"https:\/\/www.hoymercedes.com.ar\/principal\/wp-json\/wp\/v2\/posts"}],"about":[{"href":"https:\/\/www.hoymercedes.com.ar\/principal\/wp-json\/wp\/v2\/types\/post"}],"author":[{"embeddable":true,"href":"https:\/\/www.hoymercedes.com.ar\/principal\/wp-json\/wp\/v2\/users\/1"}],"replies":[{"embeddable":true,"href":"https:\/\/www.hoymercedes.com.ar\/principal\/wp-json\/wp\/v2\/comments?post=59618"}],"version-history":[{"count":0,"href":"https:\/\/www.hoymercedes.com.ar\/principal\/wp-json\/wp\/v2\/posts\/59618\/revisions"}],"wp:featuredmedia":[{"embeddable":true,"href":"https:\/\/www.hoymercedes.com.ar\/principal\/wp-json\/wp\/v2\/media\/59622"}],"wp:attachment":[{"href":"https:\/\/www.hoymercedes.com.ar\/principal\/wp-json\/wp\/v2\/media?parent=59618"}],"wp:term":[{"taxonomy":"category","embeddable":true,"href":"https:\/\/www.hoymercedes.com.ar\/principal\/wp-json\/wp\/v2\/categories?post=59618"},{"taxonomy":"post_tag","embeddable":true,"href":"https:\/\/www.hoymercedes.com.ar\/principal\/wp-json\/wp\/v2\/tags?post=59618"}],"curies":[{"name":"wp","href":"https:\/\/api.w.org\/{rel}","templated":true}]}}