{"id":59620,"date":"2017-02-07T15:51:11","date_gmt":"2017-02-07T18:51:11","guid":{"rendered":"http:\/\/www.hoymercedes.com.ar\/principal\/?p=59620"},"modified":"2017-02-07T15:52:18","modified_gmt":"2017-02-07T18:52:18","slug":"centros-de-jubilados-y-municipio-ratificando-las-bases-del-trabajo-conjunto","status":"publish","type":"post","link":"https:\/\/www.hoymercedes.com.ar\/principal\/2017\/02\/07\/centros-de-jubilados-y-municipio-ratificando-las-bases-del-trabajo-conjunto\/","title":{"rendered":"Centros de Jubilados y Municipio ratificando las bases del trabajo conjunto"},"content":{"rendered":"<p><em><strong>Por Prensa Municipal &#8211; D\u00edas atr\u00e1s el intendente Municipal Juan Ignacio Ustarroz tuvo una nutrida reuni\u00f3n con representantes de los distintos Centro de Jubilados de la ciudad. Fue un desayuno extenso y ameno que ratific\u00f3 las bases de la \u201cEscuela de Tercera edad\u201d que se anunci\u00f3 a fines del a\u00f1o pasado. Estuvo acompa\u00f1ado de la responsable de Adultos Mayores, Victoria Odell.<\/strong><\/em><\/p>\n<p><img loading=\"lazy\" decoding=\"async\" data-attachment-id=\"59621\" data-permalink=\"https:\/\/www.hoymercedes.com.ar\/principal\/2017\/02\/07\/centros-de-jubilados-y-municipio-ratificando-las-bases-del-trabajo-conjunto\/07-muni-jubilados\/#main\" data-orig-file=\"https:\/\/www.hoymercedes.com.ar\/principal\/wp-content\/uploads\/2017\/02\/07-muni-jubilados.jpg\" data-orig-size=\"630,420\" data-comments-opened=\"0\" data-image-meta=\"{&quot;aperture&quot;:&quot;0&quot;,&quot;credit&quot;:&quot;&quot;,&quot;camera&quot;:&quot;&quot;,&quot;caption&quot;:&quot;????????????????????????????????????&quot;,&quot;created_timestamp&quot;:&quot;0&quot;,&quot;copyright&quot;:&quot;&quot;,&quot;focal_length&quot;:&quot;0&quot;,&quot;iso&quot;:&quot;0&quot;,&quot;shutter_speed&quot;:&quot;0&quot;,&quot;title&quot;:&quot;&quot;,&quot;orientation&quot;:&quot;0&quot;}\" data-image-title=\"07 muni jubilados\" data-image-description=\"\" data-image-caption=\"\" data-large-file=\"https:\/\/www.hoymercedes.com.ar\/principal\/wp-content\/uploads\/2017\/02\/07-muni-jubilados.jpg\" class=\"aligncenter size-medium wp-image-59621\" src=\"https:\/\/www.hoymercedes.com.ar\/principal\/wp-content\/uploads\/2017\/02\/07-muni-jubilados-630x420.jpg\" alt=\"\" width=\"630\" height=\"420\" srcset=\"https:\/\/www.hoymercedes.com.ar\/principal\/wp-content\/uploads\/2017\/02\/07-muni-jubilados.jpg 630w, https:\/\/www.hoymercedes.com.ar\/principal\/wp-content\/uploads\/2017\/02\/07-muni-jubilados-150x100.jpg 150w, https:\/\/www.hoymercedes.com.ar\/principal\/wp-content\/uploads\/2017\/02\/07-muni-jubilados-300x200.jpg 300w\" sizes=\"auto, (max-width: 630px) 100vw, 630px\" \/><\/p>\n<p>\u201cFue una propuesta con los Centro de Jubilados donde el intendente remarc\u00f3 el apoyo que tienen, para que crezcan, para que sepan que pueden acudir a la Comuna cuando lo necesiten\u201d, afirm\u00f3 Victoria Odell que tambi\u00e9n coment\u00f3 que \u201cse estar\u00e1 en estos d\u00edas realizando un taller de huerta y jardiner\u00eda, adem\u00e1s del de computaci\u00f3n, y lecto escritura que se efect\u00faa para que nos involucremos institucionalmente\u201d<\/p>\n<p>\u201cCada centro apadrinar\u00e1 una plaza o espacio verde para acompa\u00f1ar y trabajar, para que su aporte se a toda la comunidad\u201d, coment\u00f3 Ustarroz quien tambi\u00e9n destac\u00f3 que se avanza en lo que ser\u00e1n los talleres de computaci\u00f3n y lecto escritura, entre otros, que ser\u00e1n dado por la Universidad de Luj\u00e1n a partir de lo trabajado el a\u00f1o pasado y que se est\u00e1n ultimando los detalles con el retorno de las actividades en este febrero en la Casa de Altos Estudios. \u201cPensamos en dar lo mejor a nuestros mayores que son la vos de la experiencia, que son aquellos que nos saben dar la palabra justa y una visi\u00f3n muy rica de la sociedad\u201d, sosten\u00eda el primer mandatario local.<\/p>\n<p>Odell tambi\u00e9n coment\u00f3 que \u201cles recordamos los talleres y actividades que venimos efectuando a los centros que realizan un gran aporte a la sociedad. Es muy grato verlos a todos reunidos\u201d sostuvo.<\/p>\n<p>El desayuno se llev\u00f3 a cabo en el espacio de la municipalidad donde participaron la representaci\u00f3n de todos los centros de jubilados y pensionados de nuestra ciudad. Pronto se espera m\u00e1s novedades dado que el trabajo en conjunto no cesa.<\/p>\n<p>\u201cM\u00e1s all\u00e1 de que son talleres orientados a los Adultos Mayores debemos recordar que son abiertos a toda la comunidad y que los vecinos pueden participar. Quien quiere informarse puede acercarse a nuestras dependencias tanto en la Secretaria de Salud como en el hogar Villa Abrile\u201d, narr\u00f3 Odell.<\/p>\n<p>&nbsp;<\/p>\n<p>Fuente: Prensa Municipal<\/p>\n","protected":false},"excerpt":{"rendered":"<p>Por Prensa Municipal &#8211; D\u00edas atr\u00e1s el intendente Municipal Juan Ignacio Ustarroz tuvo una nutrida reuni\u00f3n con representantes de los &#8230; <a title=\"Centros de Jubilados y Municipio ratificando las bases del trabajo conjunto\" class=\"read-more\" href=\"https:\/\/www.hoymercedes.com.ar\/principal\/2017\/02\/07\/centros-de-jubilados-y-municipio-ratificando-las-bases-del-trabajo-conjunto\/\" aria-label=\"Leer m\u00e1s sobre Centros de Jubilados y Municipio ratificando las bases del trabajo conjunto\">Leer m\u00e1s<\/a><\/p>\n","protected":false},"author":1,"featured_media":59621,"comment_status":"closed","ping_status":"open","sticky":false,"template":"","format":"standard","meta":{"_monsterinsights_skip_tracking":false,"_monsterinsights_sitenote_active":false,"_monsterinsights_sitenote_note":"","_monsterinsights_sitenote_category":0,"jetpack_post_was_ever_published":false,"_jetpack_newsletter_access":"","_jetpack_dont_email_post_to_subs":true,"_jetpack_newsletter_tier_id":0,"_jetpack_memberships_contains_paywalled_content":false,"_jetpack_memberships_contains_paid_content":false,"footnotes":"","jetpack_publicize_message":"Centros de Jubilados y Municipio ratificando las bases del trabajo conjunto","jetpack_publicize_feature_enabled":true,"jetpack_social_post_already_shared":true,"jetpack_social_options":{"image_generator_settings":{"template":"highway","default_image_id":0,"font":"","enabled":false},"version":2},"_wpas_customize_per_network":false},"categories":[30],"tags":[8752,9861,244],"class_list":["post-59620","post","type-post","status-publish","format-standard","has-post-thumbnail","hentry","category-municipio","tag-adultos-mayores","tag-centros-de-jubilados","tag-municipio-2","generate-columns","tablet-grid-50","mobile-grid-100","grid-parent","grid-50"],"jetpack_publicize_connections":[],"jetpack_featured_media_url":"https:\/\/www.hoymercedes.com.ar\/principal\/wp-content\/uploads\/2017\/02\/07-muni-jubilados.jpg","wps_subtitle":"Desayuno de trabajo","jetpack_sharing_enabled":true,"_links":{"self":[{"href":"https:\/\/www.hoymercedes.com.ar\/principal\/wp-json\/wp\/v2\/posts\/59620","targetHints":{"allow":["GET"]}}],"collection":[{"href":"https:\/\/www.hoymercedes.com.ar\/principal\/wp-json\/wp\/v2\/posts"}],"about":[{"href":"https:\/\/www.hoymercedes.com.ar\/principal\/wp-json\/wp\/v2\/types\/post"}],"author":[{"embeddable":true,"href":"https:\/\/www.hoymercedes.com.ar\/principal\/wp-json\/wp\/v2\/users\/1"}],"replies":[{"embeddable":true,"href":"https:\/\/www.hoymercedes.com.ar\/principal\/wp-json\/wp\/v2\/comments?post=59620"}],"version-history":[{"count":0,"href":"https:\/\/www.hoymercedes.com.ar\/principal\/wp-json\/wp\/v2\/posts\/59620\/revisions"}],"wp:featuredmedia":[{"embeddable":true,"href":"https:\/\/www.hoymercedes.com.ar\/principal\/wp-json\/wp\/v2\/media\/59621"}],"wp:attachment":[{"href":"https:\/\/www.hoymercedes.com.ar\/principal\/wp-json\/wp\/v2\/media?parent=59620"}],"wp:term":[{"taxonomy":"category","embeddable":true,"href":"https:\/\/www.hoymercedes.com.ar\/principal\/wp-json\/wp\/v2\/categories?post=59620"},{"taxonomy":"post_tag","embeddable":true,"href":"https:\/\/www.hoymercedes.com.ar\/principal\/wp-json\/wp\/v2\/tags?post=59620"}],"curies":[{"name":"wp","href":"https:\/\/api.w.org\/{rel}","templated":true}]}}