{"id":59644,"date":"2017-02-08T11:00:48","date_gmt":"2017-02-08T14:00:48","guid":{"rendered":"http:\/\/www.hoymercedes.com.ar\/principal\/?p=59644"},"modified":"2017-02-08T10:05:46","modified_gmt":"2017-02-08T13:05:46","slug":"cicop-y-cta-autonoma-reunidos-con-bandoni","status":"publish","type":"post","link":"https:\/\/www.hoymercedes.com.ar\/principal\/2017\/02\/08\/cicop-y-cta-autonoma-reunidos-con-bandoni\/","title":{"rendered":"CICOP y CTA Autonoma reunidos con Bandoni"},"content":{"rendered":"<p>D\u00edas atr\u00e1s, los representantes de las profesionales de la Salud de CICOP en compa\u00f1\u00eda con los dirigentes de la CTA Aut\u00f3noma Regional Mercedes mantuvieron un encuentro con la Direcci\u00f3n del Hospital Blas L. Dubarry. Es as\u00ed que el doctor Daniel Bandoni recibi\u00f3 al Dr. Hern\u00e1n Rivero del Consejo Directivo Provincial de CICOP, a Hugo Bonafina de ATE, y Fernando Bojorge, secretario general de la CTA Aut\u00f3noma Mercedes.<\/p>\n<p><img loading=\"lazy\" decoding=\"async\" data-attachment-id=\"59648\" data-permalink=\"https:\/\/www.hoymercedes.com.ar\/principal\/2017\/02\/08\/cicop-y-cta-autonoma-reunidos-con-bandoni\/08-cicop-hospital\/#main\" data-orig-file=\"https:\/\/www.hoymercedes.com.ar\/principal\/wp-content\/uploads\/2017\/02\/08-cicop-hospital.jpg\" data-orig-size=\"630,420\" data-comments-opened=\"0\" data-image-meta=\"{&quot;aperture&quot;:&quot;2.2&quot;,&quot;credit&quot;:&quot;&quot;,&quot;camera&quot;:&quot;SM-J110M&quot;,&quot;caption&quot;:&quot;&quot;,&quot;created_timestamp&quot;:&quot;1486470538&quot;,&quot;copyright&quot;:&quot;&quot;,&quot;focal_length&quot;:&quot;3.3099975585938&quot;,&quot;iso&quot;:&quot;50&quot;,&quot;shutter_speed&quot;:&quot;0.0035087719298246&quot;,&quot;title&quot;:&quot;&quot;,&quot;orientation&quot;:&quot;1&quot;}\" data-image-title=\"08 cicop hospital\" data-image-description=\"\" data-image-caption=\"\" data-large-file=\"https:\/\/www.hoymercedes.com.ar\/principal\/wp-content\/uploads\/2017\/02\/08-cicop-hospital.jpg\" class=\"aligncenter size-medium wp-image-59648\" src=\"https:\/\/www.hoymercedes.com.ar\/principal\/wp-content\/uploads\/2017\/02\/08-cicop-hospital-630x420.jpg\" alt=\"\" width=\"630\" height=\"420\" srcset=\"https:\/\/www.hoymercedes.com.ar\/principal\/wp-content\/uploads\/2017\/02\/08-cicop-hospital.jpg 630w, https:\/\/www.hoymercedes.com.ar\/principal\/wp-content\/uploads\/2017\/02\/08-cicop-hospital-150x100.jpg 150w, https:\/\/www.hoymercedes.com.ar\/principal\/wp-content\/uploads\/2017\/02\/08-cicop-hospital-300x200.jpg 300w\" sizes=\"auto, (max-width: 630px) 100vw, 630px\" \/><\/p>\n<p>Tal como hab\u00eda sucedido\u00a0el a\u00f1o pasado, en la reuni\u00f3n se plantearon puntos que fueron acordados, los que se cumplieron y los que no. Es as\u00ed que\u00a0hubo acuerdos y diferencias con respecto a diferentes problem\u00e1ticas del hospital.<\/p>\n<p>Los temas que se tocaron fueron diversos, m\u00e1s all\u00e1 del balance l\u00f3gico de la gesti\u00f3n. Entre los temas analizados por la direcci\u00f3n del Hospital y los dirigentes gremiales se trataron\u00a0enfermer\u00eda, licencias solicitadas por el personal, recursos humanos, guardia, nuevo organigrama, la relaci\u00f3n con el municipio en cuanto al tema emergentolog\u00eda, el aumento de la demanda en el hospital, nuevas residencias, concursos de jefatura y de salas o unidades, entre otros.<\/p>\n","protected":false},"excerpt":{"rendered":"<p>D\u00edas atr\u00e1s, los representantes de las profesionales de la Salud de CICOP en compa\u00f1\u00eda con los dirigentes de la CTA &#8230; <a title=\"CICOP y CTA Autonoma reunidos con Bandoni\" class=\"read-more\" href=\"https:\/\/www.hoymercedes.com.ar\/principal\/2017\/02\/08\/cicop-y-cta-autonoma-reunidos-con-bandoni\/\" aria-label=\"Leer m\u00e1s sobre CICOP y CTA Autonoma reunidos con Bandoni\">Leer m\u00e1s<\/a><\/p>\n","protected":false},"author":1,"featured_media":59648,"comment_status":"closed","ping_status":"open","sticky":false,"template":"","format":"standard","meta":{"_monsterinsights_skip_tracking":false,"_monsterinsights_sitenote_active":false,"_monsterinsights_sitenote_note":"","_monsterinsights_sitenote_category":0,"jetpack_post_was_ever_published":false,"_jetpack_newsletter_access":"","_jetpack_dont_email_post_to_subs":false,"_jetpack_newsletter_tier_id":0,"_jetpack_memberships_contains_paywalled_content":false,"_jetpack_memberships_contains_paid_content":false,"footnotes":"","jetpack_publicize_message":"CICOP y CTA Autonoma reunidos con Bandoni","jetpack_publicize_feature_enabled":true,"jetpack_social_post_already_shared":true,"jetpack_social_options":{"image_generator_settings":{"template":"highway","default_image_id":0,"font":"","enabled":false},"version":2},"_wpas_customize_per_network":false},"categories":[9791],"tags":[6439,10059,140,134,10565],"class_list":["post-59644","post","type-post","status-publish","format-standard","has-post-thumbnail","hentry","category-salud","tag-cicop","tag-cta-autonoma","tag-hospital-dubarry","tag-salud","tag-sindicato-gremial","generate-columns","tablet-grid-50","mobile-grid-100","grid-parent","grid-50"],"jetpack_publicize_connections":[],"jetpack_featured_media_url":"https:\/\/www.hoymercedes.com.ar\/principal\/wp-content\/uploads\/2017\/02\/08-cicop-hospital.jpg","wps_subtitle":"En el Hospital Blas L. Dubarry","jetpack_sharing_enabled":true,"_links":{"self":[{"href":"https:\/\/www.hoymercedes.com.ar\/principal\/wp-json\/wp\/v2\/posts\/59644","targetHints":{"allow":["GET"]}}],"collection":[{"href":"https:\/\/www.hoymercedes.com.ar\/principal\/wp-json\/wp\/v2\/posts"}],"about":[{"href":"https:\/\/www.hoymercedes.com.ar\/principal\/wp-json\/wp\/v2\/types\/post"}],"author":[{"embeddable":true,"href":"https:\/\/www.hoymercedes.com.ar\/principal\/wp-json\/wp\/v2\/users\/1"}],"replies":[{"embeddable":true,"href":"https:\/\/www.hoymercedes.com.ar\/principal\/wp-json\/wp\/v2\/comments?post=59644"}],"version-history":[{"count":0,"href":"https:\/\/www.hoymercedes.com.ar\/principal\/wp-json\/wp\/v2\/posts\/59644\/revisions"}],"wp:featuredmedia":[{"embeddable":true,"href":"https:\/\/www.hoymercedes.com.ar\/principal\/wp-json\/wp\/v2\/media\/59648"}],"wp:attachment":[{"href":"https:\/\/www.hoymercedes.com.ar\/principal\/wp-json\/wp\/v2\/media?parent=59644"}],"wp:term":[{"taxonomy":"category","embeddable":true,"href":"https:\/\/www.hoymercedes.com.ar\/principal\/wp-json\/wp\/v2\/categories?post=59644"},{"taxonomy":"post_tag","embeddable":true,"href":"https:\/\/www.hoymercedes.com.ar\/principal\/wp-json\/wp\/v2\/tags?post=59644"}],"curies":[{"name":"wp","href":"https:\/\/api.w.org\/{rel}","templated":true}]}}