{"id":59659,"date":"2017-02-09T09:37:25","date_gmt":"2017-02-09T12:37:25","guid":{"rendered":"http:\/\/www.hoymercedes.com.ar\/principal\/?p=59659"},"modified":"2017-02-09T09:37:25","modified_gmt":"2017-02-09T12:37:25","slug":"concejales-realizaran-comision-ampliada-anticipando-una-sesion-extraordinaria","status":"publish","type":"post","link":"https:\/\/www.hoymercedes.com.ar\/principal\/2017\/02\/09\/concejales-realizaran-comision-ampliada-anticipando-una-sesion-extraordinaria\/","title":{"rendered":"Concejales realizar\u00e1n comisi\u00f3n ampliada anticipando una sesi\u00f3n extraordinaria"},"content":{"rendered":"<p><em><strong>Este jueves, realizar\u00e1n reuni\u00f3n de comisi\u00f3n ampliada para analizar expedientes pendientes. Este lunes se har\u00e1 la primera sesi\u00f3n extraordinaria del a\u00f1o.<\/strong><\/em><\/p>\n<p><img loading=\"lazy\" decoding=\"async\" data-attachment-id=\"58130\" data-permalink=\"https:\/\/www.hoymercedes.com.ar\/principal\/2016\/12\/17\/concejales-pasaron-a-cuarto-intermedio-para-el-lunes\/17-sesion-hcd\/#main\" data-orig-file=\"https:\/\/www.hoymercedes.com.ar\/principal\/wp-content\/uploads\/2016\/12\/17-sesion-HCD.jpg\" data-orig-size=\"630,420\" data-comments-opened=\"0\" data-image-meta=\"{&quot;aperture&quot;:&quot;3.5&quot;,&quot;credit&quot;:&quot;&quot;,&quot;camera&quot;:&quot;NIKON D3100&quot;,&quot;caption&quot;:&quot;&quot;,&quot;created_timestamp&quot;:&quot;1481897472&quot;,&quot;copyright&quot;:&quot;&quot;,&quot;focal_length&quot;:&quot;18&quot;,&quot;iso&quot;:&quot;1000&quot;,&quot;shutter_speed&quot;:&quot;0.016666666666667&quot;,&quot;title&quot;:&quot;&quot;,&quot;orientation&quot;:&quot;1&quot;}\" data-image-title=\"17 sesion HCD\" data-image-description=\"\" data-image-caption=\"\" data-large-file=\"https:\/\/www.hoymercedes.com.ar\/principal\/wp-content\/uploads\/2016\/12\/17-sesion-HCD.jpg\" class=\"aligncenter size-medium wp-image-58130\" src=\"https:\/\/www.hoymercedes.com.ar\/principal\/wp-content\/uploads\/2016\/12\/17-sesion-HCD-630x420.jpg\" alt=\"\" width=\"630\" height=\"420\" srcset=\"https:\/\/www.hoymercedes.com.ar\/principal\/wp-content\/uploads\/2016\/12\/17-sesion-HCD.jpg 630w, https:\/\/www.hoymercedes.com.ar\/principal\/wp-content\/uploads\/2016\/12\/17-sesion-HCD-150x100.jpg 150w, https:\/\/www.hoymercedes.com.ar\/principal\/wp-content\/uploads\/2016\/12\/17-sesion-HCD-300x200.jpg 300w\" sizes=\"auto, (max-width: 630px) 100vw, 630px\" \/><\/p>\n<p>A menos de dos meses del inicio de per\u00edodo de sesi\u00f3n ordinarias, y proyectando una primera sesi\u00f3n extraordinaria del a\u00f1o 2017, en la ma\u00f1ana de este jueves los legisladores locales llevar\u00e1n a cabo una reuni\u00f3n de comisi\u00f3n ampliada con la intensi\u00f3n de trabajar los expedientes acumulados durante el \u00faltimo mes y as\u00ed realizar una sesi\u00f3n extraordinaria el venidero lunes en horario a definir.<\/p>\n<p>Adelantando lo que se trabajar\u00e1 este jueves a partir de las 10 de la ma\u00f1ana, el presidente del Concejo Deliberante, Mat\u00edas Dematei, cont\u00f3 qu\u00e9 temas tratar\u00e1n en la comisi\u00f3n ampliada. \u201cHan quedado algunos expedientes del a\u00f1o pasado por resolver. Han ingresado nuevas peticiones particulares que trataremos de resolver en la comisi\u00f3n ampliada. Adem\u00e1s, tenemos la convalidaci\u00f3n de convenios que env\u00eda el Ejecutivo y que requieren de celeridad. Algunos de ellos son convenios con Provincia, y otros con Naci\u00f3n, y que implica un incremento de dinero para el Municipio\u201d, dijo el titular del Concejo Deliberante.<\/p>\n<p>\u201cEn la Comisi\u00f3n Ampliada trabajaremos todos estos expedientes con el objetivo de sacar todos los despachos posibles y necesarios, para luego, en la sesi\u00f3n extraordinaria que tendremos el lunes tratarlos y aprobarlos sin problemas\u201d, agreg\u00f3 Dematei, aunque uno de los expedientes que deber\u00e1n trabajar es el veto al art\u00edculo del presupuesto 2017 respecto a la dieta de los concejales.<\/p>\n<p>\u201cEstuvimos viendo alguno de los expedientes y no creemos que se genere mucho debate. Los que se subir\u00e1n para tratar, que son los convenios, no deber\u00eda haber debate porque son beneficiosos para el Municipio. Igual antes de la comisi\u00f3n tendremos m\u00e1s detalles sobre estos convenios porque previo a la comisi\u00f3n ampliada con los presidentes de bloques tendremos una reuni\u00f3n con el Intendente, una modalidad que tenemos desde el a\u00f1o pasado. Si bien los convenios se elevaron, en la reuni\u00f3n conoceremos los por qu\u00e9 de la urgencia de estos convenios\u201d, agreg\u00f3 el Presidente del Concejo Deliberante.<\/p>\n<p>De esta forma, a primera hora de la ma\u00f1ana los concejales y el Intendente se reunir\u00e1n para luego trabajar los expedientes que est\u00e1n pendientes desde finales de diciembre a la fecha, elaborar los despachos y el lunes s\u00ed, aprobar cada uno de los proyectos de resoluci\u00f3n, ordenanza o convalidaci\u00f3n de convenio. Aunque no est\u00e1 definido el horario de esta sesi\u00f3n extraordinaria se cree que pueda ser en horas de la tarde.<\/p>\n","protected":false},"excerpt":{"rendered":"<p>Este jueves, realizar\u00e1n reuni\u00f3n de comisi\u00f3n ampliada para analizar expedientes pendientes. Este lunes se har\u00e1 la primera sesi\u00f3n extraordinaria del &#8230; <a title=\"Concejales realizar\u00e1n comisi\u00f3n ampliada anticipando una sesi\u00f3n extraordinaria\" class=\"read-more\" href=\"https:\/\/www.hoymercedes.com.ar\/principal\/2017\/02\/09\/concejales-realizaran-comision-ampliada-anticipando-una-sesion-extraordinaria\/\" aria-label=\"Leer m\u00e1s sobre Concejales realizar\u00e1n comisi\u00f3n ampliada anticipando una sesi\u00f3n extraordinaria\">Leer m\u00e1s<\/a><\/p>\n","protected":false},"author":1,"featured_media":58130,"comment_status":"closed","ping_status":"open","sticky":false,"template":"","format":"standard","meta":{"_monsterinsights_skip_tracking":false,"_monsterinsights_sitenote_active":false,"_monsterinsights_sitenote_note":"","_monsterinsights_sitenote_category":0,"jetpack_post_was_ever_published":false,"_jetpack_newsletter_access":"","_jetpack_dont_email_post_to_subs":false,"_jetpack_newsletter_tier_id":0,"_jetpack_memberships_contains_paywalled_content":false,"_jetpack_memberships_contains_paid_content":false,"footnotes":"","jetpack_publicize_message":"","jetpack_publicize_feature_enabled":true,"jetpack_social_post_already_shared":true,"jetpack_social_options":{"image_generator_settings":{"template":"highway","default_image_id":0,"font":"","enabled":false},"version":2},"_wpas_customize_per_network":false},"categories":[5],"tags":[10567,236,15,8772],"class_list":["post-59659","post","type-post","status-publish","format-standard","has-post-thumbnail","hentry","category-politica","tag-comision-ampliada","tag-concejo-deliberante","tag-hcd","tag-sesion-extraordinaria","generate-columns","tablet-grid-50","mobile-grid-100","grid-parent","grid-50"],"jetpack_publicize_connections":[],"jetpack_featured_media_url":"https:\/\/www.hoymercedes.com.ar\/principal\/wp-content\/uploads\/2016\/12\/17-sesion-HCD.jpg","wps_subtitle":"Actividad legislativa","jetpack_sharing_enabled":true,"jetpack-related-posts":[{"id":73092,"url":"https:\/\/www.hoymercedes.com.ar\/principal\/2018\/03\/01\/reunion-de-comision-ampliada-entre-concejales\/","url_meta":{"origin":59659,"position":0},"title":"Reuni\u00f3n de comisi\u00f3n ampliada entre Concejales","author":"hoymercedes","date":"1 marzo, 2018","format":false,"excerpt":"Una treintena de expedientes trabajaron con la mayor\u00eda de los concejales de la ciudad. Prev\u00e9n una sesi\u00f3n extraordinaria para tratar en el recinto estos despachos para el d\u00eda 14 de marzo, 9 horas. En tanto, este viernes 2 har\u00edan una sesi\u00f3n especial para extender la licencia de Mat\u00edas Dematei que\u2026","rel":"","context":"En \u00abPol\u00edtica\u00bb","block_context":{"text":"Pol\u00edtica","link":"https:\/\/www.hoymercedes.com.ar\/principal\/category\/politica\/"},"img":{"alt_text":"","src":"https:\/\/i0.wp.com\/www.hoymercedes.com.ar\/principal\/wp-content\/uploads\/2018\/02\/28-comision-ampliada-2.jpg?resize=350%2C200&ssl=1","width":350,"height":200,"srcset":"https:\/\/i0.wp.com\/www.hoymercedes.com.ar\/principal\/wp-content\/uploads\/2018\/02\/28-comision-ampliada-2.jpg?resize=350%2C200&ssl=1 1x, https:\/\/i0.wp.com\/www.hoymercedes.com.ar\/principal\/wp-content\/uploads\/2018\/02\/28-comision-ampliada-2.jpg?resize=525%2C300&ssl=1 1.5x, https:\/\/i0.wp.com\/www.hoymercedes.com.ar\/principal\/wp-content\/uploads\/2018\/02\/28-comision-ampliada-2.jpg?resize=700%2C400&ssl=1 2x"},"classes":[]},{"id":59686,"url":"https:\/\/www.hoymercedes.com.ar\/principal\/2017\/02\/10\/ley-de-habitat-tierras-y-viviendas-temas-centrales-en-la-comision-ampliada-de-concejales\/","url_meta":{"origin":59659,"position":1},"title":"Ley de H\u00e1bitat, tierras y viviendas temas centrales en la comisi\u00f3n ampliada de concejales","author":"hoymercedes","date":"10 febrero, 2017","format":false,"excerpt":"Diez concejales mantuvieron un encuentro para tratar algunos de los expedientes y convenios que deben aprobarse. El lunes se reunir\u00e1n con funcionario provincial por la adhesi\u00f3n a la Ley de H\u00e1bitat que implican proyectos del Ejecutivo para concretarse urgente. La sesi\u00f3n se ver\u00e1 postergada por unos d\u00edas. Tal como se\u2026","rel":"","context":"En \u00abMunicipio\u00bb","block_context":{"text":"Municipio","link":"https:\/\/www.hoymercedes.com.ar\/principal\/category\/municipio\/"},"img":{"alt_text":"","src":"https:\/\/i0.wp.com\/www.hoymercedes.com.ar\/principal\/wp-content\/uploads\/2017\/02\/10-comision-ampliada.jpg?resize=350%2C200&ssl=1","width":350,"height":200,"srcset":"https:\/\/i0.wp.com\/www.hoymercedes.com.ar\/principal\/wp-content\/uploads\/2017\/02\/10-comision-ampliada.jpg?resize=350%2C200&ssl=1 1x, https:\/\/i0.wp.com\/www.hoymercedes.com.ar\/principal\/wp-content\/uploads\/2017\/02\/10-comision-ampliada.jpg?resize=525%2C300&ssl=1 1.5x"},"classes":[]},{"id":88149,"url":"https:\/\/www.hoymercedes.com.ar\/principal\/2019\/02\/13\/concejales-en-comision-ampliada-acordaron-sesion-para-el-dia-22\/","url_meta":{"origin":59659,"position":2},"title":"Concejales en comisi\u00f3n ampliada acordaron sesi\u00f3n para el d\u00eda 22","author":"hoymercedes","date":"13 febrero, 2019","format":false,"excerpt":"Tal como se anticip\u00f3, en la ma\u00f1ana de este mi\u00e9rcoles 13 de febrero, los Concejales de Mercedes llevaron adelante una reuni\u00f3n de comisi\u00f3n ampliada con el objetivo de trabajar los expedientes ingresados tras el per\u00edodo de sesiones ordinarias del a\u00f1o pasado. En la comisi\u00f3n acordaron la fecha para la pr\u00f3xima\u2026","rel":"","context":"En \u00abPol\u00edtica\u00bb","block_context":{"text":"Pol\u00edtica","link":"https:\/\/www.hoymercedes.com.ar\/principal\/category\/politica\/"},"img":{"alt_text":"","src":"https:\/\/i0.wp.com\/www.hoymercedes.com.ar\/principal\/wp-content\/uploads\/2019\/02\/13-concejales-comision.jpg?resize=350%2C200&ssl=1","width":350,"height":200,"srcset":"https:\/\/i0.wp.com\/www.hoymercedes.com.ar\/principal\/wp-content\/uploads\/2019\/02\/13-concejales-comision.jpg?resize=350%2C200&ssl=1 1x, https:\/\/i0.wp.com\/www.hoymercedes.com.ar\/principal\/wp-content\/uploads\/2019\/02\/13-concejales-comision.jpg?resize=525%2C300&ssl=1 1.5x, https:\/\/i0.wp.com\/www.hoymercedes.com.ar\/principal\/wp-content\/uploads\/2019\/02\/13-concejales-comision.jpg?resize=700%2C400&ssl=1 2x"},"classes":[]},{"id":121243,"url":"https:\/\/www.hoymercedes.com.ar\/principal\/2020\/12\/02\/jueves-de-sesion-especial-para-tratar-el-presupuesto-2021\/","url_meta":{"origin":59659,"position":3},"title":"Jueves de sesi\u00f3n especial para tratar el presupuesto 2021","author":"hoymercedes","date":"2 diciembre, 2020","format":false,"excerpt":"Desde la hora 19 del jueves 3 de diciembre, los concejales tratar\u00e1n el presupuesto para el pr\u00f3ximo a\u00f1o. Seguidamente realizar\u00e1n la sesi\u00f3n preparatoria para el tratamiento de la ordenanza impositiva y as\u00ed anticipar lo que ser\u00e1 la Asamblea de Mayores Contribuyentes. este mi\u00e9rcoles hubo comisi\u00f3n ampliada para consensuar algunos puntos.\u2026","rel":"","context":"En \u00abPol\u00edtica\u00bb","block_context":{"text":"Pol\u00edtica","link":"https:\/\/www.hoymercedes.com.ar\/principal\/category\/politica\/"},"img":{"alt_text":"","src":"https:\/\/i0.wp.com\/www.hoymercedes.com.ar\/principal\/wp-content\/uploads\/2020\/12\/02-sesion-hcd-2.jpg?resize=350%2C200&ssl=1","width":350,"height":200,"srcset":"https:\/\/i0.wp.com\/www.hoymercedes.com.ar\/principal\/wp-content\/uploads\/2020\/12\/02-sesion-hcd-2.jpg?resize=350%2C200&ssl=1 1x, https:\/\/i0.wp.com\/www.hoymercedes.com.ar\/principal\/wp-content\/uploads\/2020\/12\/02-sesion-hcd-2.jpg?resize=525%2C300&ssl=1 1.5x, https:\/\/i0.wp.com\/www.hoymercedes.com.ar\/principal\/wp-content\/uploads\/2020\/12\/02-sesion-hcd-2.jpg?resize=700%2C400&ssl=1 2x"},"classes":[]},{"id":159352,"url":"https:\/\/www.hoymercedes.com.ar\/principal\/2023\/03\/10\/sesion-express-en-el-concejo-deliberante\/","url_meta":{"origin":59659,"position":4},"title":"Sesi\u00f3n express en el Concejo Deliberante","author":"hoymercedes","date":"10 marzo, 2023","format":false,"excerpt":"Poco m\u00e1s de cinco minutos dur\u00f3 la sesi\u00f3n extraordinaria del Concejo Deliberante de Mercedes del jueves a la ma\u00f1ana. Eran cinco los expedientes a tratar de acuerdo al orden del d\u00eda, de los cuales cuatro fueron agrupados y aprobados sobre tablas, mientras que el \u00faltimo se deriv\u00f3 a la comisi\u00f3n\u2026","rel":"","context":"En \u00abHCD Mercedes\u00bb","block_context":{"text":"HCD Mercedes","link":"https:\/\/www.hoymercedes.com.ar\/principal\/category\/hcd-mercedes\/"},"img":{"alt_text":"","src":"https:\/\/i0.wp.com\/www.hoymercedes.com.ar\/principal\/wp-content\/uploads\/2023\/03\/IMG_20230309_114109746.jpg?resize=350%2C200&ssl=1","width":350,"height":200,"srcset":"https:\/\/i0.wp.com\/www.hoymercedes.com.ar\/principal\/wp-content\/uploads\/2023\/03\/IMG_20230309_114109746.jpg?resize=350%2C200&ssl=1 1x, https:\/\/i0.wp.com\/www.hoymercedes.com.ar\/principal\/wp-content\/uploads\/2023\/03\/IMG_20230309_114109746.jpg?resize=525%2C300&ssl=1 1.5x, https:\/\/i0.wp.com\/www.hoymercedes.com.ar\/principal\/wp-content\/uploads\/2023\/03\/IMG_20230309_114109746.jpg?resize=700%2C400&ssl=1 2x"},"classes":[]},{"id":2844,"url":"https:\/\/www.hoymercedes.com.ar\/principal\/2011\/03\/17\/en-sesion-extraordinaria-se-reune-el-lunes-el-concejo-deliberante\/","url_meta":{"origin":59659,"position":5},"title":"En sesi\u00f3n extraordinaria se re\u00fane el lunes el Concejo Deliberante","author":"hoymercedes","date":"17 marzo, 2011","format":false,"excerpt":"Todo indica que el Cuerpo Deliberativo de nuestra ciudad concretar\u00e1 el lunes pr\u00f3ximo una nueva sesi\u00f3n extraordinaria para poder cumplimentar la aprobaci\u00f3n de aquellos expedientes que ya cuentan con despachos emitidos tras la reuni\u00f3n de comisi\u00f3n ampliada efectuada hace algunos d\u00edas. la regulaci\u00f3n de las actividades de los denominados \"carros\u2026","rel":"","context":"En \u00abPol\u00edtica\u00bb","block_context":{"text":"Pol\u00edtica","link":"https:\/\/www.hoymercedes.com.ar\/principal\/category\/politica\/"},"img":{"alt_text":"","src":"","width":0,"height":0},"classes":[]}],"_links":{"self":[{"href":"https:\/\/www.hoymercedes.com.ar\/principal\/wp-json\/wp\/v2\/posts\/59659","targetHints":{"allow":["GET"]}}],"collection":[{"href":"https:\/\/www.hoymercedes.com.ar\/principal\/wp-json\/wp\/v2\/posts"}],"about":[{"href":"https:\/\/www.hoymercedes.com.ar\/principal\/wp-json\/wp\/v2\/types\/post"}],"author":[{"embeddable":true,"href":"https:\/\/www.hoymercedes.com.ar\/principal\/wp-json\/wp\/v2\/users\/1"}],"replies":[{"embeddable":true,"href":"https:\/\/www.hoymercedes.com.ar\/principal\/wp-json\/wp\/v2\/comments?post=59659"}],"version-history":[{"count":0,"href":"https:\/\/www.hoymercedes.com.ar\/principal\/wp-json\/wp\/v2\/posts\/59659\/revisions"}],"wp:featuredmedia":[{"embeddable":true,"href":"https:\/\/www.hoymercedes.com.ar\/principal\/wp-json\/wp\/v2\/media\/58130"}],"wp:attachment":[{"href":"https:\/\/www.hoymercedes.com.ar\/principal\/wp-json\/wp\/v2\/media?parent=59659"}],"wp:term":[{"taxonomy":"category","embeddable":true,"href":"https:\/\/www.hoymercedes.com.ar\/principal\/wp-json\/wp\/v2\/categories?post=59659"},{"taxonomy":"post_tag","embeddable":true,"href":"https:\/\/www.hoymercedes.com.ar\/principal\/wp-json\/wp\/v2\/tags?post=59659"}],"curies":[{"name":"wp","href":"https:\/\/api.w.org\/{rel}","templated":true}]}}