{"id":59666,"date":"2017-02-09T14:07:20","date_gmt":"2017-02-09T17:07:20","guid":{"rendered":"http:\/\/www.hoymercedes.com.ar\/principal\/?p=59666"},"modified":"2017-02-09T14:07:20","modified_gmt":"2017-02-09T17:07:20","slug":"organismos-nacionales-y-provinciales-en-la-escuela-no-30","status":"publish","type":"post","link":"https:\/\/www.hoymercedes.com.ar\/principal\/2017\/02\/09\/organismos-nacionales-y-provinciales-en-la-escuela-no-30\/","title":{"rendered":"Organismos nacionales y provinciales en la Escuela N\u00ba 30"},"content":{"rendered":"<p>PAMI, ANSES, CDR, Consejo Escolar, Hospital y Acceso a la Justicia estuvieron en la Escuela 30. Esta s\u00e1bado 11 y domingo 12, el cami\u00f3n de RENAPER har\u00e1 DNI y Pasaportes en calle 6 y 11, frente al Consejo Escolar.<\/p>\n<p><img loading=\"lazy\" decoding=\"async\" data-attachment-id=\"59667\" data-permalink=\"https:\/\/www.hoymercedes.com.ar\/principal\/2017\/02\/09\/organismos-nacionales-y-provinciales-en-la-escuela-no-30\/09-cdr-mercedes\/#main\" data-orig-file=\"https:\/\/www.hoymercedes.com.ar\/principal\/wp-content\/uploads\/2017\/02\/09-CDR-Mercedes.jpg\" data-orig-size=\"630,419\" data-comments-opened=\"0\" data-image-meta=\"{&quot;aperture&quot;:&quot;0&quot;,&quot;credit&quot;:&quot;&quot;,&quot;camera&quot;:&quot;&quot;,&quot;caption&quot;:&quot;&quot;,&quot;created_timestamp&quot;:&quot;0&quot;,&quot;copyright&quot;:&quot;&quot;,&quot;focal_length&quot;:&quot;0&quot;,&quot;iso&quot;:&quot;0&quot;,&quot;shutter_speed&quot;:&quot;0&quot;,&quot;title&quot;:&quot;&quot;,&quot;orientation&quot;:&quot;0&quot;}\" data-image-title=\"09 CDR Mercedes\" data-image-description=\"\" data-image-caption=\"\" data-large-file=\"https:\/\/www.hoymercedes.com.ar\/principal\/wp-content\/uploads\/2017\/02\/09-CDR-Mercedes.jpg\" class=\"aligncenter size-medium wp-image-59667\" src=\"https:\/\/www.hoymercedes.com.ar\/principal\/wp-content\/uploads\/2017\/02\/09-CDR-Mercedes-630x419.jpg\" alt=\"\" width=\"630\" height=\"419\" srcset=\"https:\/\/www.hoymercedes.com.ar\/principal\/wp-content\/uploads\/2017\/02\/09-CDR-Mercedes.jpg 630w, https:\/\/www.hoymercedes.com.ar\/principal\/wp-content\/uploads\/2017\/02\/09-CDR-Mercedes-150x100.jpg 150w, https:\/\/www.hoymercedes.com.ar\/principal\/wp-content\/uploads\/2017\/02\/09-CDR-Mercedes-300x200.jpg 300w\" sizes=\"auto, (max-width: 630px) 100vw, 630px\" \/><\/p>\n<p>En la ma\u00f1ana de este jueves se llev\u00f3 adelante el\u00a0operativo que involucra a organismos nacionales y provinciales para estar \u00abcerca de tu barrio\u00bb. En la calle 55 entre 14 y 16, frente a la Escuela Primaria N\u00ba 30 se instal\u00f3 una mesa de atenci\u00f3n a los vecinos.<\/p>\n<p>Del operativo participaron PAMI, ANSES, Centro de Referencia Mercedes del Ministro de Desarrollo Social de Naci\u00f3n, Consejo Escolar, Hospital Blas L. Dubarry, Acceso a la Justicia y algunos concejales de la ciudad.<\/p>\n<p>Adem\u00e1s, estuvieron presentes funcionarios del Ministerio de Desarrollo Social de la Nacion. Entre ellos\u00a0Agustina Ciarletta, la coordinadora regional de los Centros de Referencia del Ministerio de Desarrollo Social nacional en la provincia de Buenos Aires\u00a0con su equipo a acompa\u00f1ar el operativo.<\/p>\n<p>Asimismo, durante el operativo confirmaron que este s\u00e1bado 11 y domingo 12 de febrero estar\u00e1 presente en la ciudad el cami\u00f3n de RENAPER (Registro Nacional de las Personas). De acuerdo a la informaci\u00f3n brindada estar\u00e1n a partir de las 10 de la ma\u00f1ana en calle 6 y 11, frente al Consejo Escolar. En este cami\u00f3n los vecinos podr\u00e1n tramitar los nuevos DNI y pasaportes. La atenci\u00f3n ser\u00e1 por orden de llegada y no descartan que entreguen n\u00fameros para la atenci\u00f3n.<\/p>\n","protected":false},"excerpt":{"rendered":"<p>PAMI, ANSES, CDR, Consejo Escolar, Hospital y Acceso a la Justicia estuvieron en la Escuela 30. Esta s\u00e1bado 11 y &#8230; <a title=\"Organismos nacionales y provinciales en la Escuela N\u00ba 30\" class=\"read-more\" href=\"https:\/\/www.hoymercedes.com.ar\/principal\/2017\/02\/09\/organismos-nacionales-y-provinciales-en-la-escuela-no-30\/\" aria-label=\"Leer m\u00e1s sobre Organismos nacionales y provinciales en la Escuela N\u00ba 30\">Leer m\u00e1s<\/a><\/p>\n","protected":false},"author":1,"featured_media":59667,"comment_status":"closed","ping_status":"open","sticky":false,"template":"","format":"standard","meta":{"_monsterinsights_skip_tracking":false,"_monsterinsights_sitenote_active":false,"_monsterinsights_sitenote_note":"","_monsterinsights_sitenote_category":0,"jetpack_post_was_ever_published":false,"_jetpack_newsletter_access":"","_jetpack_dont_email_post_to_subs":false,"_jetpack_newsletter_tier_id":0,"_jetpack_memberships_contains_paywalled_content":false,"_jetpack_memberships_contains_paid_content":false,"footnotes":"","jetpack_publicize_message":"Organismos nacionales y provinciales en la Escuela N\u00ba 30","jetpack_publicize_feature_enabled":true,"jetpack_social_post_already_shared":true,"jetpack_social_options":{"image_generator_settings":{"template":"highway","default_image_id":0,"font":"","enabled":false},"version":2},"_wpas_customize_per_network":false},"categories":[5,8881],"tags":[10570,8753,10571,185,10569,1803],"class_list":["post-59666","post","type-post","status-publish","format-standard","has-post-thumbnail","hentry","category-politica","category-provincia","tag-anses-pami","tag-cdr","tag-hostpial-dubarry","tag-nacion","tag-operativo-en-barrios","tag-provincia","generate-columns","tablet-grid-50","mobile-grid-100","grid-parent","grid-50"],"jetpack_publicize_connections":[],"jetpack_featured_media_url":"https:\/\/www.hoymercedes.com.ar\/principal\/wp-content\/uploads\/2017\/02\/09-CDR-Mercedes.jpg","wps_subtitle":"En la ma\u00f1ana de este jueves","jetpack_sharing_enabled":true,"jetpack-related-posts":[{"id":83204,"url":"https:\/\/www.hoymercedes.com.ar\/principal\/2018\/10\/30\/secretario-del-consejo-federal-de-ddhh-visito-la-ciudad\/","url_meta":{"origin":59666,"position":0},"title":"Secretario del Consejo Federal de DDHH visit\u00f3 la ciudad","author":"hoymercedes","date":"30 octubre, 2018","format":false,"excerpt":"Este lunes recorri\u00f3 organismos nacionales radicados en Mercedes, Alejandro Collia, Secretario Ejecutivo del Consejo Federal de Derechos Humanos dependiente del Ministerio de Justicia de la Naci\u00f3n.\u00a0 Promediando la ma\u00f1ana fue recibido por los titulares locales del CDR, UDAI Anses y PAMI, para luego hacerse presente en el Palacio Municipal, reunirse\u2026","rel":"","context":"En \u00abSociedad\u00bb","block_context":{"text":"Sociedad","link":"https:\/\/www.hoymercedes.com.ar\/principal\/category\/sociedad\/"},"img":{"alt_text":"","src":"https:\/\/i0.wp.com\/www.hoymercedes.com.ar\/principal\/wp-content\/uploads\/2018\/10\/30-cambiemos-Colia.jpg?resize=350%2C200&ssl=1","width":350,"height":200,"srcset":"https:\/\/i0.wp.com\/www.hoymercedes.com.ar\/principal\/wp-content\/uploads\/2018\/10\/30-cambiemos-Colia.jpg?resize=350%2C200&ssl=1 1x, https:\/\/i0.wp.com\/www.hoymercedes.com.ar\/principal\/wp-content\/uploads\/2018\/10\/30-cambiemos-Colia.jpg?resize=525%2C300&ssl=1 1.5x, https:\/\/i0.wp.com\/www.hoymercedes.com.ar\/principal\/wp-content\/uploads\/2018\/10\/30-cambiemos-Colia.jpg?resize=700%2C400&ssl=1 2x"},"classes":[]},{"id":128348,"url":"https:\/\/www.hoymercedes.com.ar\/principal\/2021\/04\/17\/en-el-estado-en-tu-barrio-paso-por-la-zona-rural\/","url_meta":{"origin":59666,"position":1},"title":"En el Estado en tu Barrio pas\u00f3 por la zona rural","author":"hoymercedes","date":"17 abril, 2021","format":false,"excerpt":"\"Tu Estado en el barrio\u201d, a trav\u00e9s de Centro de Referencia del Ministerio de Desarrollo Social de Naci\u00f3n y de la Municipalidad de Mercedes estuvo en la Sociedad de Fomento Gowland-Agote en donde atendieron a m\u00e1s de 130 personas que aprovecharon la oportunidad para hacer tr\u00e1mites y consultas que implicar\u00edan\u2026","rel":"","context":"En \u00abMunicipio\u00bb","block_context":{"text":"Municipio","link":"https:\/\/www.hoymercedes.com.ar\/principal\/category\/municipio\/"},"img":{"alt_text":"","src":"https:\/\/i0.wp.com\/www.hoymercedes.com.ar\/principal\/wp-content\/uploads\/2021\/04\/900-4-e1618689623373.jpeg?resize=350%2C200&ssl=1","width":350,"height":200,"srcset":"https:\/\/i0.wp.com\/www.hoymercedes.com.ar\/principal\/wp-content\/uploads\/2021\/04\/900-4-e1618689623373.jpeg?resize=350%2C200&ssl=1 1x, https:\/\/i0.wp.com\/www.hoymercedes.com.ar\/principal\/wp-content\/uploads\/2021\/04\/900-4-e1618689623373.jpeg?resize=525%2C300&ssl=1 1.5x, https:\/\/i0.wp.com\/www.hoymercedes.com.ar\/principal\/wp-content\/uploads\/2021\/04\/900-4-e1618689623373.jpeg?resize=700%2C400&ssl=1 2x"},"classes":[]},{"id":123975,"url":"https:\/\/www.hoymercedes.com.ar\/principal\/2021\/01\/28\/organismos-provinciales-y-nacionales-con-sedes-locales-tambien-inscriben-para-la-vacunacion-contra-covid\/","url_meta":{"origin":59666,"position":2},"title":"Organismos provinciales y nacionales con sedes locales tambi\u00e9n inscriben para la vacunaci\u00f3n contra covid","author":"hoymercedes","date":"28 enero, 2021","format":false,"excerpt":"El Gobierno de la Provincia de Buenos Aires contin\u00faa con el plan p\u00fablico, gratuito y optativo de vacunaci\u00f3n contra el Covid-19: \"Buenos Aires Vacunate\".\u00a0 Para continuar con el per\u00edodo de inscripci\u00f3n de los bonaerenses, puso a disposici\u00f3n las oficinas loclaes de atenci\u00f3n al p\u00fablico para la asistencia y el registro\u2026","rel":"","context":"En \u00abSociedad\u00bb","block_context":{"text":"Sociedad","link":"https:\/\/www.hoymercedes.com.ar\/principal\/category\/sociedad\/"},"img":{"alt_text":"","src":"https:\/\/i0.wp.com\/www.hoymercedes.com.ar\/principal\/wp-content\/uploads\/2020\/12\/24-vacunate.jpg?resize=350%2C200&ssl=1","width":350,"height":200,"srcset":"https:\/\/i0.wp.com\/www.hoymercedes.com.ar\/principal\/wp-content\/uploads\/2020\/12\/24-vacunate.jpg?resize=350%2C200&ssl=1 1x, https:\/\/i0.wp.com\/www.hoymercedes.com.ar\/principal\/wp-content\/uploads\/2020\/12\/24-vacunate.jpg?resize=525%2C300&ssl=1 1.5x"},"classes":[]},{"id":115111,"url":"https:\/\/www.hoymercedes.com.ar\/principal\/2020\/08\/14\/el-estado-en-tu-barrio-se-realiza-en-distintos-puntos-de-la-ciudad\/","url_meta":{"origin":59666,"position":3},"title":"El \u201cEstado en tu barrio\u201d se realiza en distintos puntos de la ciudad","author":"hoymercedes","date":"14 agosto, 2020","format":false,"excerpt":"El Centro de Referencia local junto a organismos nacionales, provinciales y el municipio de Mercedes est\u00e1 llevando adelante este operativo con el objetivo de atender consultas y acercar respuestas a los vecinos y vecinas que necesitan acceder a distintas prestaciones del Estado. Participan ANSES, PAMI, la Defensor\u00eda, el Centro de\u2026","rel":"","context":"En \u00abSociedad\u00bb","block_context":{"text":"Sociedad","link":"https:\/\/www.hoymercedes.com.ar\/principal\/category\/sociedad\/"},"img":{"alt_text":"","src":"https:\/\/i0.wp.com\/www.hoymercedes.com.ar\/principal\/wp-content\/uploads\/2020\/08\/WhatsApp-Image-2020-08-14-at-15.02.22-1.jpeg?resize=350%2C200&ssl=1","width":350,"height":200,"srcset":"https:\/\/i0.wp.com\/www.hoymercedes.com.ar\/principal\/wp-content\/uploads\/2020\/08\/WhatsApp-Image-2020-08-14-at-15.02.22-1.jpeg?resize=350%2C200&ssl=1 1x, https:\/\/i0.wp.com\/www.hoymercedes.com.ar\/principal\/wp-content\/uploads\/2020\/08\/WhatsApp-Image-2020-08-14-at-15.02.22-1.jpeg?resize=525%2C300&ssl=1 1.5x, https:\/\/i0.wp.com\/www.hoymercedes.com.ar\/principal\/wp-content\/uploads\/2020\/08\/WhatsApp-Image-2020-08-14-at-15.02.22-1.jpeg?resize=700%2C400&ssl=1 2x"},"classes":[]},{"id":41047,"url":"https:\/\/www.hoymercedes.com.ar\/principal\/2015\/04\/22\/mas-de-120-vecinos-se-atendieron-en-operativo-de-salud-en-barrio-la-amistad\/","url_meta":{"origin":59666,"position":4},"title":"M\u00e1s de 120 vecinos se atendieron en operativo de salud en \u00abBarrio La Amistad\u00bb","author":"hoymercedes","date":"22 abril, 2015","format":false,"excerpt":"Un equipo del hospital Blas Dubarry llev\u00f3 adelante este mi\u00e9rcoles en la sociedad de fomento del barrio La Amistad un exitoso operativo de salud, con controles de glucemia y presi\u00f3n y vacunaci\u00f3n, entre otras cosas, dentro del programa de descentralizaci\u00f3n ideado por el director del establecimiento, Rodolfo Pr\u00edncipi, y el\u2026","rel":"","context":"En \u00abSociedad\u00bb","block_context":{"text":"Sociedad","link":"https:\/\/www.hoymercedes.com.ar\/principal\/category\/sin-categoria\/"},"img":{"alt_text":"","src":"https:\/\/i0.wp.com\/www.hoymercedes.com.ar\/principal\/wp-content\/uploads\/2015\/04\/Salud-LaAmistad.1.jpg?resize=350%2C200&ssl=1","width":350,"height":200,"srcset":"https:\/\/i0.wp.com\/www.hoymercedes.com.ar\/principal\/wp-content\/uploads\/2015\/04\/Salud-LaAmistad.1.jpg?resize=350%2C200&ssl=1 1x, https:\/\/i0.wp.com\/www.hoymercedes.com.ar\/principal\/wp-content\/uploads\/2015\/04\/Salud-LaAmistad.1.jpg?resize=525%2C300&ssl=1 1.5x"},"classes":[]},{"id":35281,"url":"https:\/\/www.hoymercedes.com.ar\/principal\/2014\/08\/18\/la-nacion-y-el-hospital-dubarry-con-vecinos-en-el-fonavi\/","url_meta":{"origin":59666,"position":5},"title":"La Naci\u00f3n y el Hospital Dubarry con vecinos en el Fonavi","author":"hoymercedes","date":"18 agosto, 2014","format":false,"excerpt":"Los organismos del estado nacional con oficinas en Mercedes y un equipo del hospital Blas Dubarry organizaron este viernes una mesa interdisciplinaria de asistencia y asesoramiento en el barrio FONAVI, donde, entre otras actividades, completaron el calendario de vacunaci\u00f3n de los m\u00e1s chicos. Entre los organismos tambi\u00e9n estuvo la Defensor\u00eda\u2026","rel":"","context":"En \u00abPol\u00edtica\u00bb","block_context":{"text":"Pol\u00edtica","link":"https:\/\/www.hoymercedes.com.ar\/principal\/category\/politica\/"},"img":{"alt_text":"Fonavi.FMPV","src":"https:\/\/i0.wp.com\/www.hoymercedes.com.ar\/principal\/wp-content\/uploads\/2014\/08\/Fonavi.FMPV_.jpg?resize=350%2C200","width":350,"height":200,"srcset":"https:\/\/i0.wp.com\/www.hoymercedes.com.ar\/principal\/wp-content\/uploads\/2014\/08\/Fonavi.FMPV_.jpg?resize=350%2C200 1x, https:\/\/i0.wp.com\/www.hoymercedes.com.ar\/principal\/wp-content\/uploads\/2014\/08\/Fonavi.FMPV_.jpg?resize=525%2C300 1.5x"},"classes":[]}],"_links":{"self":[{"href":"https:\/\/www.hoymercedes.com.ar\/principal\/wp-json\/wp\/v2\/posts\/59666","targetHints":{"allow":["GET"]}}],"collection":[{"href":"https:\/\/www.hoymercedes.com.ar\/principal\/wp-json\/wp\/v2\/posts"}],"about":[{"href":"https:\/\/www.hoymercedes.com.ar\/principal\/wp-json\/wp\/v2\/types\/post"}],"author":[{"embeddable":true,"href":"https:\/\/www.hoymercedes.com.ar\/principal\/wp-json\/wp\/v2\/users\/1"}],"replies":[{"embeddable":true,"href":"https:\/\/www.hoymercedes.com.ar\/principal\/wp-json\/wp\/v2\/comments?post=59666"}],"version-history":[{"count":0,"href":"https:\/\/www.hoymercedes.com.ar\/principal\/wp-json\/wp\/v2\/posts\/59666\/revisions"}],"wp:featuredmedia":[{"embeddable":true,"href":"https:\/\/www.hoymercedes.com.ar\/principal\/wp-json\/wp\/v2\/media\/59667"}],"wp:attachment":[{"href":"https:\/\/www.hoymercedes.com.ar\/principal\/wp-json\/wp\/v2\/media?parent=59666"}],"wp:term":[{"taxonomy":"category","embeddable":true,"href":"https:\/\/www.hoymercedes.com.ar\/principal\/wp-json\/wp\/v2\/categories?post=59666"},{"taxonomy":"post_tag","embeddable":true,"href":"https:\/\/www.hoymercedes.com.ar\/principal\/wp-json\/wp\/v2\/tags?post=59666"}],"curies":[{"name":"wp","href":"https:\/\/api.w.org\/{rel}","templated":true}]}}