{"id":59669,"date":"2017-02-09T18:08:57","date_gmt":"2017-02-09T21:08:57","guid":{"rendered":"http:\/\/www.hoymercedes.com.ar\/principal\/?p=59669"},"modified":"2017-02-09T14:23:12","modified_gmt":"2017-02-09T17:23:12","slug":"cine-batman-en-las-sombras-mas-oscuras","status":"publish","type":"post","link":"https:\/\/www.hoymercedes.com.ar\/principal\/2017\/02\/09\/cine-batman-en-las-sombras-mas-oscuras\/","title":{"rendered":"Cine: Batman en las Sombras m\u00e1s Oscuras"},"content":{"rendered":"<p>Dos estrenos de la semana se proyectar\u00e1n desde el viernes 10 al martes 14 de febrero en el Cine Mercedes. Para los m\u00e1s chicos los Legos se transforman en Batman (Funci\u00f3n 19:30 horas) y para los m\u00e1s grandes se estrena \u00ab50 Sombras M\u00e1s Oscuras\u00bb (Funci\u00f3n 22 horas y s\u00e1bado trasnoche 0:30 horas).<\/p>\n<p><img loading=\"lazy\" decoding=\"async\" data-attachment-id=\"59670\" data-permalink=\"https:\/\/www.hoymercedes.com.ar\/principal\/2017\/02\/09\/cine-batman-en-las-sombras-mas-oscuras\/09-sombras-cine\/#main\" data-orig-file=\"https:\/\/www.hoymercedes.com.ar\/principal\/wp-content\/uploads\/2017\/02\/09-sombras-cine.jpg\" data-orig-size=\"630,619\" data-comments-opened=\"0\" data-image-meta=\"{&quot;aperture&quot;:&quot;0&quot;,&quot;credit&quot;:&quot;&quot;,&quot;camera&quot;:&quot;&quot;,&quot;caption&quot;:&quot;&quot;,&quot;created_timestamp&quot;:&quot;0&quot;,&quot;copyright&quot;:&quot;&quot;,&quot;focal_length&quot;:&quot;0&quot;,&quot;iso&quot;:&quot;0&quot;,&quot;shutter_speed&quot;:&quot;0&quot;,&quot;title&quot;:&quot;&quot;,&quot;orientation&quot;:&quot;0&quot;}\" data-image-title=\"09 sombras cine\" data-image-description=\"\" data-image-caption=\"\" data-large-file=\"https:\/\/www.hoymercedes.com.ar\/principal\/wp-content\/uploads\/2017\/02\/09-sombras-cine.jpg\" class=\"aligncenter size-medium wp-image-59670\" src=\"https:\/\/www.hoymercedes.com.ar\/principal\/wp-content\/uploads\/2017\/02\/09-sombras-cine-630x619.jpg\" alt=\"\" width=\"630\" height=\"619\" srcset=\"https:\/\/www.hoymercedes.com.ar\/principal\/wp-content\/uploads\/2017\/02\/09-sombras-cine.jpg 630w, https:\/\/www.hoymercedes.com.ar\/principal\/wp-content\/uploads\/2017\/02\/09-sombras-cine-150x147.jpg 150w\" sizes=\"auto, (max-width: 630px) 100vw, 630px\" \/><\/p>\n<p>Sinopsis \u00abLego Batman\u00bb: Spin-off de \u00abLa LEGO Pel\u00edcula\u00bb, protagonizado por Batman. En esta ocasi\u00f3n, el irreverente Batman, que tambi\u00e9n tiene algo de artista frustrado, intentar\u00e1 salvar la ciudad de Gotham de un peligroso villano, el Joker. Pero no podr\u00e1 hacerlo solo, y tendr\u00e1 que aprender a trabajar con sus dem\u00e1s aliados. (FILMAFFINITY)<\/p>\n<p>Trailer:<\/p>\n<p><span class=\"embed-youtube\" style=\"text-align:center; display: block;\"><iframe loading=\"lazy\" class=\"youtube-player\" width=\"1200\" height=\"675\" src=\"https:\/\/www.youtube.com\/embed\/RAnEXf0tFfc?version=3&#038;rel=1&#038;showsearch=0&#038;showinfo=1&#038;iv_load_policy=1&#038;fs=1&#038;hl=es-ES&#038;autohide=2&#038;wmode=transparent\" allowfullscreen=\"true\" style=\"border:0;\" sandbox=\"allow-scripts allow-same-origin allow-popups allow-presentation allow-popups-to-escape-sandbox\"><\/iframe><\/span><\/p>\n<p>&nbsp;<\/p>\n<p>Sinopsis \u00ab50 Sombras M\u00e1s Oscuras\u00bb:\u00a0Cuando un herido Christian Grey intenta traer de vuelta a su vida a Ana Steele, ella demanda un nuevo arreglo antes de darle una segunda oportunidad. Mientras trabajan en la relaci\u00f3n, comienzan a aparecer figuras del pasado de Christian, determinadas a destruir sus esperanzas y su futuro juntos.<\/p>\n<p>Trailer:<\/p>\n<p><span class=\"embed-youtube\" style=\"text-align:center; display: block;\"><iframe loading=\"lazy\" class=\"youtube-player\" width=\"1200\" height=\"675\" src=\"https:\/\/www.youtube.com\/embed\/2bOXpAFVVZs?version=3&#038;rel=1&#038;showsearch=0&#038;showinfo=1&#038;iv_load_policy=1&#038;fs=1&#038;hl=es-ES&#038;autohide=2&#038;wmode=transparent\" allowfullscreen=\"true\" style=\"border:0;\" sandbox=\"allow-scripts allow-same-origin allow-popups allow-presentation allow-popups-to-escape-sandbox\"><\/iframe><\/span><\/p>\n","protected":false},"excerpt":{"rendered":"<p>Dos estrenos de la semana se proyectar\u00e1n desde el viernes 10 al martes 14 de febrero en el Cine Mercedes. &#8230; <a title=\"Cine: Batman en las Sombras m\u00e1s Oscuras\" class=\"read-more\" href=\"https:\/\/www.hoymercedes.com.ar\/principal\/2017\/02\/09\/cine-batman-en-las-sombras-mas-oscuras\/\" aria-label=\"Leer m\u00e1s sobre Cine: Batman en las Sombras m\u00e1s Oscuras\">Leer m\u00e1s<\/a><\/p>\n","protected":false},"author":1,"featured_media":59670,"comment_status":"closed","ping_status":"open","sticky":false,"template":"","format":"standard","meta":{"_monsterinsights_skip_tracking":false,"_monsterinsights_sitenote_active":false,"_monsterinsights_sitenote_note":"","_monsterinsights_sitenote_category":0,"jetpack_post_was_ever_published":false,"_jetpack_newsletter_access":"","_jetpack_dont_email_post_to_subs":false,"_jetpack_newsletter_tier_id":0,"_jetpack_memberships_contains_paywalled_content":false,"_jetpack_memberships_contains_paid_content":false,"footnotes":"","jetpack_publicize_message":"Cine: Batman en las Sombras m\u00e1s Oscuras","jetpack_publicize_feature_enabled":true,"jetpack_social_post_already_shared":true,"jetpack_social_options":{"image_generator_settings":{"template":"highway","default_image_id":0,"font":"","enabled":false},"version":2},"_wpas_customize_per_network":false},"categories":[104,9000],"tags":[8770,984,7805,8642],"class_list":["post-59669","post","type-post","status-publish","format-standard","has-post-thumbnail","hentry","category-cultura","category-promocion","tag-cartelera","tag-cine-mercedes","tag-cultura","tag-programacion","generate-columns","tablet-grid-50","mobile-grid-100","grid-parent","grid-50"],"jetpack_publicize_connections":[],"jetpack_featured_media_url":"https:\/\/www.hoymercedes.com.ar\/principal\/wp-content\/uploads\/2017\/02\/09-sombras-cine.jpg","wps_subtitle":"Cartelera","jetpack_sharing_enabled":true,"_links":{"self":[{"href":"https:\/\/www.hoymercedes.com.ar\/principal\/wp-json\/wp\/v2\/posts\/59669","targetHints":{"allow":["GET"]}}],"collection":[{"href":"https:\/\/www.hoymercedes.com.ar\/principal\/wp-json\/wp\/v2\/posts"}],"about":[{"href":"https:\/\/www.hoymercedes.com.ar\/principal\/wp-json\/wp\/v2\/types\/post"}],"author":[{"embeddable":true,"href":"https:\/\/www.hoymercedes.com.ar\/principal\/wp-json\/wp\/v2\/users\/1"}],"replies":[{"embeddable":true,"href":"https:\/\/www.hoymercedes.com.ar\/principal\/wp-json\/wp\/v2\/comments?post=59669"}],"version-history":[{"count":0,"href":"https:\/\/www.hoymercedes.com.ar\/principal\/wp-json\/wp\/v2\/posts\/59669\/revisions"}],"wp:featuredmedia":[{"embeddable":true,"href":"https:\/\/www.hoymercedes.com.ar\/principal\/wp-json\/wp\/v2\/media\/59670"}],"wp:attachment":[{"href":"https:\/\/www.hoymercedes.com.ar\/principal\/wp-json\/wp\/v2\/media?parent=59669"}],"wp:term":[{"taxonomy":"category","embeddable":true,"href":"https:\/\/www.hoymercedes.com.ar\/principal\/wp-json\/wp\/v2\/categories?post=59669"},{"taxonomy":"post_tag","embeddable":true,"href":"https:\/\/www.hoymercedes.com.ar\/principal\/wp-json\/wp\/v2\/tags?post=59669"}],"curies":[{"name":"wp","href":"https:\/\/api.w.org\/{rel}","templated":true}]}}